{"id":10299,"date":"2025-12-01T06:00:00","date_gmt":"2025-12-01T05:00:00","guid":{"rendered":"https:\/\/www2.etl.de\/aktuelles\/korrekte-transportsicherung-von-weihnachtsbaeumen\/"},"modified":"2025-12-12T16:06:49","modified_gmt":"2025-12-12T15:06:49","slug":"transport-und-weihnachtsbaum","status":"publish","type":"post","link":"https:\/\/voigt-alte-seite.dgwip.de\/?p=10299","title":{"rendered":"Alle Jahre wieder: Was gilt f\u00fcr den Transport des Weihnachtsbaums?"},"content":{"rendered":"\n<p>Der Weihnachtsbaum ist vielerorts fester Bestandteil des Weihnachtsfestes. Da eine Tanne aber eher im Wald als im Wohnzimmer w\u00e4chst, muss sie in der Regel erst einmal dorthin transportiert werden, bevor sie festlich geschm\u00fcckt im Zimmer stehen kann. Oftmals klappt das auch ganz gut. Damit der Transport aber gelingt und der Baum nicht auf dem Asphalt landet, sind jedoch einige Grundregeln zu beachten.<\/p>\n\n\n\n<figure class=\"wp-block-image size-large\"><img loading=\"lazy\" decoding=\"async\" width=\"1024\" height=\"432\" src=\"https:\/\/voigt-alte-seite.dgwip.de\/wp-content\/uploads\/2023\/12\/image-2-1024x432.png\" alt=\"\" class=\"wp-image-47009\" srcset=\"https:\/\/voigt-alte-seite.dgwip.de\/wp-content\/uploads\/2023\/12\/image-2-1024x432.png 1024w, https:\/\/voigt-alte-seite.dgwip.de\/wp-content\/uploads\/2023\/12\/image-2-300x127.png 300w, https:\/\/voigt-alte-seite.dgwip.de\/wp-content\/uploads\/2023\/12\/image-2-768x324.png 768w, https:\/\/voigt-alte-seite.dgwip.de\/wp-content\/uploads\/2023\/12\/image-2.png 1111w\" sizes=\"auto, (max-width: 1024px) 100vw, 1024px\" \/><\/figure>\n\n\n\n<p>Denn wenn der Baum nicht ausreichend gesichert ist, kann die Reise pl\u00f6tzlich auf der Stra\u00dfe enden. Auch wenn es sich bei Weihnachtsb\u00e4umen um saisonale Sonderg\u00fcter handelt, gelten f\u00fcr sie physikalisch und rechtlich die gleichen Gesetze und Vorschriften wie f\u00fcr jeden anderen Transport.<\/p>\n\n\n\n<h2 class=\"wp-block-heading\"><strong>Ohne Physik geht\u00b4s nicht<\/strong>!<\/h2>\n\n\n\n<p>Zun\u00e4chst ein paar Zahlen: Ein 18 kg schwerer Weihnachtsbaum kann sich bei einem Aufprall oder einer Vollbremsung aus 50 km\/h in ein bis zu 1.000 kg schweres \u201eGeschoss\u201d verwandeln. Dass man das weder im Nacken haben noch an sich vorbeifliegen sehen m\u00f6chte, versteht sich von selbst. Da sich die Physik jedoch nicht nur auf Weihnachtsb\u00e4ume beschr\u00e4nkt, sollten selbstverst\u00e4ndlich auch alle anderen Weihnachtseink\u00e4ufe und Transportg\u00fcter gut gesichert sein. So kann ein 100 Gramm schwerer Schokoladenweihnachtsmann ein Aufprallgewicht von 8,0 kg, ein 0,3 kg schweres Handy ein Gewicht von ca. 16,5 kg und eine 3 kg schwere Handtasche ein Gewicht von bis zu 240 kg entwickeln.<\/p>\n\n\n\n<h2 class=\"wp-block-heading\"><strong>Ladungssicherung ist das A und O!&nbsp;<\/strong><\/h2>\n\n\n\n<p>Die Beispiele zeigen, dass jede Ladung grunds\u00e4tzlich gegen Verrutschen und Herabfallen gesichert werden muss \u2013 entweder durch Zurrgurte, andere Befestigungen oder das Stauen der Ladung. Dabei spielt es keine Rolle, ob die Ladung im Fahrzeug selbst, auf einem Anh\u00e4nger oder auf einem Dachgep\u00e4cktr\u00e4ger transportiert wird. Dar\u00fcber hinaus haften sowohl der Fahrzeugf\u00fchrer als auch der Fahrzeughalter,, wenn &#8220;<em><q>das Fahrzeug, der Zug, das Gespann, die Ladung oder die Besetzung nicht vorschriftsm\u00e4\u00dfig ist oder \u2026 die Verkehrssicherheit des Fahrzeugs durch die Ladung oder die Besetzung leidet<\/q><\/em>&#8221; (<a href=\"https:\/\/www.gesetze-im-internet.de\/stvzo_2012\/__31.html\">\u00a7 31 Abs. 2 StVZO<\/a>).<\/p>\n\n\n\n<figure class=\"wp-block-image size-large\"><img loading=\"lazy\" decoding=\"async\" width=\"1024\" height=\"419\" src=\"https:\/\/voigt-alte-seite.dgwip.de\/wp-content\/uploads\/2023\/12\/image-3-1024x419.png\" alt=\"Ein Weihnachtsbaum auf einem Fahrzeugdach transportierter Weihnachtsbaum wird an wird an der Dachreling befestigt.\" class=\"wp-image-47016\" srcset=\"https:\/\/voigt-alte-seite.dgwip.de\/wp-content\/uploads\/2023\/12\/image-3-1024x419.png 1024w, https:\/\/voigt-alte-seite.dgwip.de\/wp-content\/uploads\/2023\/12\/image-3-300x123.png 300w, https:\/\/voigt-alte-seite.dgwip.de\/wp-content\/uploads\/2023\/12\/image-3-768x315.png 768w, https:\/\/voigt-alte-seite.dgwip.de\/wp-content\/uploads\/2023\/12\/image-3.png 1250w\" sizes=\"auto, (max-width: 1024px) 100vw, 1024px\" \/><\/figure>\n\n\n\n<p>Gem\u00e4\u00df der Stra\u00dfenverkehrsordnung ist eine Ladung erst dann als ordnungsgem\u00e4\u00df gesichert zu betrachten, wenn die Betriebs-, die Verkehrs- und die Bef\u00f6rderungssicherheit des Fahrzeugs nicht beeintr\u00e4chtigt sind (<em><a href=\"https:\/\/www.gesetze-im-internet.de\/stvo_2013\/__22.html\" target=\"_blank\" rel=\"noreferrer noopener\">\u00a7 22 Abs. 1 StVO<\/a><\/em>). Im Klartext bedeutet dies: Wenn die Ladung rollen, verrutschen oder kippen kann, ist die Betriebssicherheit nicht gew\u00e4hrleistet. Werden durch eine unzureichend gesicherte Ladung andere Gegenst\u00e4nde im Fahrzeug besch\u00e4digt, fehlt es an der Bef\u00f6rderungssicherheit. Wenn von der Ladung au\u00dferdem eine Gef\u00e4hrdung anderer Verkehrsteilnehmer ausgeht, fehlt es an der Verkehrssicherheit. Es liegt auf der Hand, dass unzureichend gesicherte Weihnachtsb\u00e4ume mindestens einen dieser Zust\u00e4nde verursachen k\u00f6nnen.<\/p>\n\n\n\n<p>Auf der sicheren Seite ist, wer die anerkannten Regeln der Technik, insbesondere die <a href=\"https:\/\/www.vdi.de\/mitgliedschaft\/vdi-richtlinien\/unsere-richtlinien-highlights\/vdi-2700-ladungssicherung-auf-strassenfahrzeugen\" target=\"_blank\" rel=\"noreferrer noopener\">VDI-Richtlinie 2700 <\/a>zur Ladungssicherung, beachtet.<\/p>\n\n\n\n<p>Dies bedeutet, dass beim Transport auf dem Dach oder Anh\u00e4nger eine feste Fixierung (z. B. mit Spanngurten) erforderlich ist. Lose oder nur mit Seilen befestigte B\u00e4ume gen\u00fcgen oftmals nicht den Anforderungen an eine ausreichende Ladungssicherung. Bei einem Unfall spricht dann der <a href=\"https:\/\/voigt-alte-seite.dgwip.de\/?s=anscheinsbeweis&amp;_typ=stichworte\" target=\"_blank\" rel=\"noreferrer noopener\">Anscheinsbeweis<\/a> f\u00fcr eine unzureichende Sicherung und eine entsprechende Pflichtverletzung.<\/p>\n\n\n\n<h2 class=\"wp-block-heading\"><strong>Wo sollte der Weihnachtsbaum transportiert werden?<\/strong><\/h2>\n\n\n\n<p>Kleinere B\u00e4ume k\u00f6nnen problemlos im Fahrzeuginnenraum transportiert werden. Je nach Gr\u00f6\u00dfe kann er auf dem Boden hinter den Vordersitzen, im Kofferraum oder auf der umgeklappten R\u00fccksitzbank transportiert werden. Wird der Baum l\u00e4ngs transportiert, muss die Spitze nach hinten zeigen. Die Pflicht zur sicheren Befestigung bleibt davon unber\u00fchrt. Au\u00dferdem darf die Sicht nicht behindert werden.<\/p>\n\n\n\n<figure class=\"wp-block-image size-large\"><img loading=\"lazy\" decoding=\"async\" width=\"1024\" height=\"446\" src=\"https:\/\/voigt-alte-seite.dgwip.de\/wp-content\/uploads\/2023\/12\/image-5-1024x446.png\" alt=\"Weihnachtsbaumtransport auf dem Dach eine kleinen Autos.\" class=\"wp-image-47165\" srcset=\"https:\/\/voigt-alte-seite.dgwip.de\/wp-content\/uploads\/2023\/12\/image-5-1024x446.png 1024w, https:\/\/voigt-alte-seite.dgwip.de\/wp-content\/uploads\/2023\/12\/image-5-300x131.png 300w, https:\/\/voigt-alte-seite.dgwip.de\/wp-content\/uploads\/2023\/12\/image-5-768x335.png 768w, https:\/\/voigt-alte-seite.dgwip.de\/wp-content\/uploads\/2023\/12\/image-5.png 1250w\" sizes=\"auto, (max-width: 1024px) 100vw, 1024px\" \/><\/figure>\n\n\n\n<p><\/p>\n\n\n\n<h2 class=\"wp-block-heading\"><strong>Der Weihnachtsbaum ist l\u00e4nger als das Fahrzeug?&nbsp;<\/strong><\/h2>\n\n\n\n<p>Bei gr\u00f6\u00dferen B\u00e4umen kann es passieren, dass diese die Abmessungen des Fahrzeugs in der L\u00e4nge \u00fcberschreiten. Wer den Baum dann z.B. auf einem Dachgep\u00e4cktr\u00e4ger transportiert hat zu beachten, dass Ladung gem\u00e4\u00df <a href=\"https:\/\/www.gesetze-im-internet.de\/stvo_2013\/__22.html\" target=\"_blank\" rel=\"noopener\">\u00a7 22 Abs. 3 StVO<\/a> &#8220;<em>bis zu einer H\u00f6he von 2,50 m nicht nach vorn \u00fcber das Fahrzeug &#8230; hinausragen<\/em>&#8221; darf. Nach hinten darf die Ladung dagegen zu 1,50 m hinausragen. Bis zu einem Meter sind keinerlei zus\u00e4tzliche Ma\u00dfnahmen erforderlich. Gem\u00e4\u00df <a href=\"https:\/\/www.gesetze-im-internet.de\/stvo_2013\/__22.html\" target=\"_blank\" rel=\"noreferrer noopener\">\u00a7 22 Abs. 4 StVO<\/a> darf die Ladung nach hinten jedoch bei Bef\u00f6rderung \u00fcber eine Wegstrecke bis zu einer Entfernung von 100 km bis zu 3 m \u00fcberstehen;<\/p>\n\n\n\n<p>&nbsp;Auch wenn Weihnachtsb\u00e4ume in der Regel nicht stehend transportiert werden, soll hier dennoch darauf hingewiesen werden, dass Fahrzeug und Ladung zusammen nicht h\u00f6her als 4\u202fm sein d\u00fcrfen (<a href=\"https:\/\/www.gesetze-im-internet.de\/stvo_2013\/__22.html\" target=\"_blank\" rel=\"noreferrer noopener\">\u00a7 22 Abs. 2 StVO<\/a>; <a href=\"https:\/\/www.gesetze-im-internet.de\/stvzo_2012\/__32.html\" target=\"_blank\" rel=\"noreferrer noopener\">\u00a7 32 StVZO<\/a>).<\/p>\n\n\n\n<figure class=\"wp-block-image size-large\"><img loading=\"lazy\" decoding=\"async\" width=\"1024\" height=\"447\" src=\"https:\/\/voigt-alte-seite.dgwip.de\/wp-content\/uploads\/2024\/12\/moped-4718774_1280-1-1024x447.jpg\" alt=\"Weihnachtsmann auf Motorrad mit aufrecht stehendem Tannenbaum in einem Anh\u00e4nger der Stadt.\" class=\"wp-image-55411\" srcset=\"https:\/\/voigt-alte-seite.dgwip.de\/wp-content\/uploads\/2024\/12\/moped-4718774_1280-1-1024x447.jpg 1024w, https:\/\/voigt-alte-seite.dgwip.de\/wp-content\/uploads\/2024\/12\/moped-4718774_1280-1-300x131.jpg 300w, https:\/\/voigt-alte-seite.dgwip.de\/wp-content\/uploads\/2024\/12\/moped-4718774_1280-1-768x335.jpg 768w, https:\/\/voigt-alte-seite.dgwip.de\/wp-content\/uploads\/2024\/12\/moped-4718774_1280-1.jpg 1280w\" sizes=\"auto, (max-width: 1024px) 100vw, 1024px\" \/><\/figure>\n\n\n\n<p>Ragt das \u00e4u\u00dferste Ende der Ladung jedoch mehr als einen Meter  \u00fcber die R\u00fcckstrahler des Fahrzeugs hinaus nach hinten, muss es besonders gekennzeichnet sein. Dies kann tags\u00fcber durch eine hellrote Fahne mit einer Mindestgr\u00f6\u00dfe von 30 x 30 cm Gr\u00f6\u00dfe, die durch einen Querbalken auf Abstand gehalten wird, durch eine hellrote Tafel mit gleicher Gr\u00f6\u00dfe, die quer zur Fahrtrichtung pendelnd aufgeh\u00e4ngt ist, oder durch einen senkrecht angebrachten zylindrischen K\u00f6rper gleicher Farbe und H\u00f6he mit einem Durchmesser von mindestens 35 cm erfolgen. Die H\u00f6he \u00fcber der Fahrbahn darf 150 cm nicht \u00fcberschreiten. Findet die Bef\u00f6rderung bei D\u00e4mmerung oder Dunkelheit statt, sind mindestens eine Leuchte mit rotem Licht sowie ein roter R\u00fcckstrahler erforderlich. Dieser darf sich nicht h\u00f6her als 90 cm \u00fcber der Fahrbahnoberfl\u00e4che befinden.<\/p>\n\n\n\n<h2 class=\"wp-block-heading\"><strong>Der Weihnachtsbaum ist breiter als das Fahrzeug?&nbsp;<\/strong><\/h2>\n\n\n\n<p>Mitunter ragt ein Baum nicht nur nach hinten, sondern auch seitlich \u00fcber dasb Fahrzeug hinaus. Dies ist zwar eher selten, kann aber dennoch vorkommen. Ragt der Baum in einem solchen Fall seitlich mehr als 40 cm \u00fcber die normalen Beleuchtungseinrichtungen hinaus, so ist er nach vorn mit wei\u00dfem Licht und nach hinten mit rotem Licht zu kennzeichnen (<a href=\"https:\/\/www.gesetze-im-internet.de\/stvo_2013\/__22.html\" target=\"_blank\" rel=\"noopener\">\u00a7 22 Abs. 5 StVO<\/a>). <\/p>\n\n\n\n<figure class=\"wp-block-image size-large\"><img loading=\"lazy\" decoding=\"async\" width=\"1024\" height=\"591\" src=\"https:\/\/voigt-alte-seite.dgwip.de\/wp-content\/uploads\/2025\/12\/Weihnachtsbaumtransport-1024x591.jpg\" alt=\"Gro\u00dfe Tanne wird auf LKW transportiert.\" class=\"wp-image-55420\" srcset=\"https:\/\/voigt-alte-seite.dgwip.de\/wp-content\/uploads\/2025\/12\/Weihnachtsbaumtransport-1024x591.jpg 1024w, https:\/\/voigt-alte-seite.dgwip.de\/wp-content\/uploads\/2025\/12\/Weihnachtsbaumtransport-300x173.jpg 300w, https:\/\/voigt-alte-seite.dgwip.de\/wp-content\/uploads\/2025\/12\/Weihnachtsbaumtransport-768x443.jpg 768w, https:\/\/voigt-alte-seite.dgwip.de\/wp-content\/uploads\/2025\/12\/Weihnachtsbaumtransport-1536x887.jpg 1536w, https:\/\/voigt-alte-seite.dgwip.de\/wp-content\/uploads\/2025\/12\/Weihnachtsbaumtransport-2048x1182.jpg 2048w, https:\/\/voigt-alte-seite.dgwip.de\/wp-content\/uploads\/2025\/12\/Weihnachtsbaumtransport-scaled.jpg 2560w\" sizes=\"auto, (max-width: 1024px) 100vw, 1024px\" \/><figcaption class=\"wp-element-caption\"><sub>Bildnachweis: Polizeidirektion Flensburg<\/sub><\/figcaption><\/figure>\n\n\n\n<p>Das Einschalten der Warnblinkanlage erh\u00f6ht zwar die Aufmerksamkeit anderer Verkehrsteilnehmer. Sie ist aber nicht dazu geeignet, um diese auf die Breite der Ladung aufmerksam zu machen. <\/p>\n\n\n\n<p>Daran, dass die Vorgaben des <a href=\"https:\/\/www.gesetze-im-internet.de\/stvzo_2012\/__32.html\" target=\"_blank\" rel=\"noopener\">\u00a7 32 StVZO<\/a> eingehalten werden m\u00fcssen und Fahrzeug und Ladung zusammen nicht breiter als 2,55\u202fsein d\u00fcrfen, \u00e4ndert das aber nichts.<\/p>\n\n\n\n<p>Der Vollst\u00e4ndigkeit halber sei erw\u00e4hnt, dass wenn der Weihnachtsbaum mit einem Anh\u00e4nger transportiert wird, die Anh\u00e4ngelast und das zul\u00e4ssige Gesamtgewicht des Anh\u00e4ngers ebenfalls nicht \u00fcberschritten werden d\u00fcrfen (<a href=\"https:\/\/www.gesetze-im-internet.de\/stvzo_2012\/__42.html\" target=\"_blank\" rel=\"noreferrer noopener\">\u00a7 42 StVZO<\/a>).<\/p>\n\n\n\n<p>Sollte der Weihnachtsbaum &#8211; aus welchen Gr\u00fcnden auch immer &#8211; abgeladen werden m\u00fcssen, sollte er \u00fcbrigens weder einfach ins Feld geworfen noch vor einem Radaranh\u00e4nger&nbsp;eingepflanzt werden. <\/p>\n\n\n\n<figure class=\"wp-block-image size-full\"><img loading=\"lazy\" decoding=\"async\" width=\"1024\" height=\"581\" src=\"https:\/\/voigt-alte-seite.dgwip.de\/wp-content\/uploads\/2025\/12\/0427PIBITTannevorTrailor-1.jpg\" alt=\"Verkehrs\u00fcberwachungskamera hinter Baum auf Feld\" class=\"wp-image-55427\" srcset=\"https:\/\/voigt-alte-seite.dgwip.de\/wp-content\/uploads\/2025\/12\/0427PIBITTannevorTrailor-1.jpg 1024w, https:\/\/voigt-alte-seite.dgwip.de\/wp-content\/uploads\/2025\/12\/0427PIBITTannevorTrailor-1-300x170.jpg 300w, https:\/\/voigt-alte-seite.dgwip.de\/wp-content\/uploads\/2025\/12\/0427PIBITTannevorTrailor-1-768x436.jpg 768w\" sizes=\"auto, (max-width: 1024px) 100vw, 1024px\" \/><\/figure>\n\n\n\n<p style=\"font-size:12px\">Bildnachweis: Polizei Rheinland-Pfalz \/ Polizeipr\u00e4sidium Trier<\/p>\n\n\n\n<p>Beides ist problematisch(vgl. <a href=\"https:\/\/voigt-alte-seite.dgwip.de\/aktuelles\/ist-es-verboten-blitzer-zuzuparken\/\">Darf man Blitzer zuparken?<\/a>).<\/p>\n\n\n\n<h2 class=\"wp-block-heading\"><strong>Nicht alles l\u00e4sst sich ausschlie\u00dfen!<\/strong><\/h2>\n\n\n\n<p>Sollten Sie den Baum zwar hinreichend gesichert, es auf dem Weg nach Hause aber sehr eilig gehabt haben und geblitzt worden sein, steht Ihnen unser <a href=\"https:\/\/www.bussgeldprofi.de\/bussgeldrechner.html\" target=\"_blank\" rel=\"noopener noreferrer\">Bu\u00dfgeldrechner<\/a> im Internet oder unter <a href=\"https:\/\/play.google.com\/store\/apps\/details?id=de.econsult.voigt&amp;hl=en&amp;gl=US\" target=\"_blank\" rel=\"noopener\">Google Play<\/a> sowie im <a href=\"https:\/\/apps.apple.com\/de\/app\/voigt\/id656616216\" target=\"_blank\" rel=\"noopener\">App-Store<\/a> f\u00fcr Ihr Smartphone kostenfrei zur Verf\u00fcgung. Dass Sie dies nicht w\u00e4hrend der Fahrt nutzen, versteht sich von selbst.<\/p>\n\n\n\n<p>Wir von der Kanzlei Voigt m\u00f6chten, dass Sie und Ihr Fahrzeug sicher durch den Verkehr kommen und Weihnachten unter dem Weihnachtsbaum genie\u00dfen k\u00f6nnen. Sollten Sie dennoch geblitzt oder in einen Unfall verwickelt worden sein, stehen wir Ihnen zur Seite! <\/p>\n\n\n\n<p><a href=\"https:\/\/voigt-alte-seite.dgwip.de\/kontakt\/\" target=\"_blank\" rel=\"noreferrer noopener\">Kontaktieren Sie uns!<\/a><\/p>\n\n\n\n<p><a href=\"https:\/\/voigt-alte-seite.dgwip.de\/voigt-regler\/\" target=\"_blank\" rel=\"noreferrer noopener\">Voigt regelt<\/a> &#8211; auch zur Weihnachtszeit!<\/p>\n\n\n\n<h2 class=\"wp-block-heading\"><strong>Weiterf\u00fchrendes Video<\/strong><\/h2>\n\n\n\n<figure class=\"wp-block-embed is-type-rich is-provider-handler-einbetten wp-block-embed-handler-einbetten wp-embed-aspect-16-9 wp-has-aspect-ratio\"><div class=\"wp-block-embed__wrapper\">\n<iframe loading=\"lazy\" hcb-fetch-image-from=\"https:\/\/youtube.com\/watch?v=BX0CRVC3mW8\" title=\"60 EUR und 1 Punkt f\u00fcr Weihnachtsbaumtransport?\" width=\"500\" height=\"281\" src=\"https:\/\/www.youtube.com\/embed\/BX0CRVC3mW8?feature=oembed\" frameborder=\"0\" allow=\"accelerometer; autoplay; clipboard-write; encrypted-media; gyroscope; picture-in-picture; web-share\" referrerpolicy=\"strict-origin-when-cross-origin\" allowfullscreen><\/iframe>\n<\/div><\/figure>\n\n\n\n<h2 class=\"wp-block-heading\"><b>Themenverwandte Links<\/b><\/h2>\n\n\n\n<p><a href=\"https:\/\/voigt-alte-seite.dgwip.de\/aktuelles\/mit-haustieren-in-den-urlaub-damit-aus-einem-hund-kein-elefant-wird-2020\">Mit Haustieren in den Urlaub<\/a>&nbsp;<\/p>\n\n\n\n<p style=\"font-size:10px\">Aktualisiert am 30.11.2025<br><\/p>\n","protected":false},"excerpt":{"rendered":"<p>Aktuell haben die Weihnachtsbaumverk\u00e4ufer wieder Saison. Und wie jedes Jahr stellt sich auch diesmal wieder die Frage, was beim Transport zu beachten ist. Dabei stellt sich jedes Jahr aufs Neue die Frage, was beim Transport nach Hause zu beachten ist.<\/p>\n","protected":false},"author":7,"featured_media":55435,"comment_status":"closed","ping_status":"closed","sticky":false,"template":"","format":"standard","meta":{"_acf_changed":false,"_seopress_robots_primary_cat":"none","_seopress_titles_title":"Wie transportiert man einen Weihnachtsbaum?","_seopress_titles_desc":"Wie funktioniert der Transport beim Weihnachtsbaum richtig?","_seopress_robots_index":"","_relevanssi_hide_post":"","_relevanssi_hide_content":"","_relevanssi_pin_for_all":"","_relevanssi_pin_keywords":"","_relevanssi_unpin_keywords":"","_relevanssi_related_keywords":"","_relevanssi_related_include_ids":"","_relevanssi_related_exclude_ids":"","_relevanssi_related_no_append":"","_relevanssi_related_not_related":"","_relevanssi_related_posts":"7311,20161,10639,6543,9861,10007","_relevanssi_noindex_reason":"","_uag_custom_page_level_css":"","footnotes":""},"categories":[26],"tags":[404,1489],"class_list":["post-10299","post","type-post","status-publish","format-standard","has-post-thumbnail","hentry","category-aktuelles","tag-verkehr-recht","tag-weihnachtsbaumtransport"],"acf":[],"uagb_featured_image_src":{"full":["https:\/\/voigt-alte-seite.dgwip.de\/wp-content\/uploads\/2025\/12\/toy-car-5733605_1280.jpg",1280,853,false],"thumbnail":["https:\/\/voigt-alte-seite.dgwip.de\/wp-content\/uploads\/2025\/12\/toy-car-5733605_1280-150x150.jpg",150,150,true],"medium":["https:\/\/voigt-alte-seite.dgwip.de\/wp-content\/uploads\/2025\/12\/toy-car-5733605_1280-300x200.jpg",300,200,true],"medium_large":["https:\/\/voigt-alte-seite.dgwip.de\/wp-content\/uploads\/2025\/12\/toy-car-5733605_1280-768x512.jpg",768,512,true],"large":["https:\/\/voigt-alte-seite.dgwip.de\/wp-content\/uploads\/2025\/12\/toy-car-5733605_1280-1024x682.jpg",1024,682,true],"1536x1536":["https:\/\/voigt-alte-seite.dgwip.de\/wp-content\/uploads\/2025\/12\/toy-car-5733605_1280.jpg",1280,853,false],"2048x2048":["https:\/\/voigt-alte-seite.dgwip.de\/wp-content\/uploads\/2025\/12\/toy-car-5733605_1280.jpg",1280,853,false]},"uagb_author_info":{"display_name":"henning.hammer","author_link":"https:\/\/voigt-alte-seite.dgwip.de\/?author=7"},"uagb_comment_info":0,"uagb_excerpt":"Aktuell haben die Weihnachtsbaumverk\u00e4ufer wieder Saison. Und wie jedes Jahr stellt sich auch diesmal wieder die Frage, was beim Transport zu beachten ist. Dabei stellt sich jedes Jahr aufs Neue die Frage, was beim Transport nach Hause zu beachten ist.","_links":{"self":[{"href":"https:\/\/voigt-alte-seite.dgwip.de\/index.php?rest_route=\/wp\/v2\/posts\/10299","targetHints":{"allow":["GET"]}}],"collection":[{"href":"https:\/\/voigt-alte-seite.dgwip.de\/index.php?rest_route=\/wp\/v2\/posts"}],"about":[{"href":"https:\/\/voigt-alte-seite.dgwip.de\/index.php?rest_route=\/wp\/v2\/types\/post"}],"author":[{"embeddable":true,"href":"https:\/\/voigt-alte-seite.dgwip.de\/index.php?rest_route=\/wp\/v2\/users\/7"}],"replies":[{"embeddable":true,"href":"https:\/\/voigt-alte-seite.dgwip.de\/index.php?rest_route=%2Fwp%2Fv2%2Fcomments&post=10299"}],"version-history":[{"count":57,"href":"https:\/\/voigt-alte-seite.dgwip.de\/index.php?rest_route=\/wp\/v2\/posts\/10299\/revisions"}],"predecessor-version":[{"id":55635,"href":"https:\/\/voigt-alte-seite.dgwip.de\/index.php?rest_route=\/wp\/v2\/posts\/10299\/revisions\/55635"}],"wp:featuredmedia":[{"embeddable":true,"href":"https:\/\/voigt-alte-seite.dgwip.de\/index.php?rest_route=\/wp\/v2\/media\/55435"}],"wp:attachment":[{"href":"https:\/\/voigt-alte-seite.dgwip.de\/index.php?rest_route=%2Fwp%2Fv2%2Fmedia&parent=10299"}],"wp:term":[{"taxonomy":"category","embeddable":true,"href":"https:\/\/voigt-alte-seite.dgwip.de\/index.php?rest_route=%2Fwp%2Fv2%2Fcategories&post=10299"},{"taxonomy":"post_tag","embeddable":true,"href":"https:\/\/voigt-alte-seite.dgwip.de\/index.php?rest_route=%2Fwp%2Fv2%2Ftags&post=10299"}],"curies":[{"name":"wp","href":"https:\/\/api.w.org\/{rel}","templated":true}]}}