{"id":26273,"date":"2021-10-11T10:22:24","date_gmt":"2021-10-11T08:22:24","guid":{"rendered":"https:\/\/www2.etl.de\/?post_type=aktuelles&#038;p=26273"},"modified":"2025-07-04T11:01:35","modified_gmt":"2025-07-04T09:01:35","slug":"etl-kanzlei-voigt-kuert-den-sieger-des-journalistenpreises-auf-der-nufam-2021","status":"publish","type":"post","link":"https:\/\/voigt-alte-seite.dgwip.de\/?p=26273","title":{"rendered":"ETL-Kanzlei Voigt k\u00fcrt den Sieger des Journalistenpreises auf der NUFAM 2021!"},"content":{"rendered":"\n<p><strong>22.000 Besuchende, 350 Hersteller und Dienstleister aus 13 L\u00e4ndern und drei gl\u00fcckliche Gewinner des ersten Nfz-Journalistenpreises Wort&amp; Werkstatt!<\/strong><\/p>\n\n\n\n<p>So oder \u00e4hnlich lie\u00dfe sich die viert\u00e4gige NUFAM 2021 beschreiben. Doch diese Zahlen w\u00e4ren nichts ohne die 22 alternativen Antriebe und deren Chancen, die im Mittelpunkt des Wettbewerbs um den ersten Nfz-Journalistenpreis Wort&amp; Werkstatt standen, bei dem es um Aktualit\u00e4t, Informationswert und Lesernutzen ging.<\/p>\n\n\n\n<p>Der Journalistenpreis Wort&amp;Werkstatt wurde als solcher zum 15. Mal vergeben und genie\u00dft in der Branche hohes Ansehen. Da die verkehrspolitischen Herausforderungen auch vor der Nutzfahrzeug- und Transportbranche nicht Halt machen, konnte die Auslobung eines Preises f\u00fcr Artikel aus dem Nutzfahrzeugbereich indes ebenso wenig \u00fcberraschen, wie dessen Vergabe auf der NUFAM.<br>Die ETL-Kanzlei Voigt war nicht nur als Sponsor, sondern am Abend des 30.09.2021 auch bei der Preisverleihung aktiv dabei. Schon aufgrund des Engagements in den Bereichen Flotte und Nutzfahrzeuge lie\u00df es sich der Gesch\u00e4ftsf\u00fchrer Henning Hamann nicht nehmen, den ersten Preis pers\u00f6nlich zu \u00fcberreichen.<\/p>\n\n\n\n<p><strong>The winner is&#8230;<\/strong><\/p>\n\n\n\n<p>Der erste Platz ging an Georg Blenk, dessen Beitrag \u201eDer stille Begleiter\u201c sich mit den Herausforderungen und Chancen elektrischer Antriebe in schweren Lastkraftwagen auseinandersetzte.<br>In seiner Laudatio hob Hamann lobend hervor, dass der Artikel sich nicht auf die Technik beschr\u00e4nkt, sondern dar\u00fcber hinaus auch die Herausforderungen an die Fahrer und das Unternehmen in seiner Gesamtheit ber\u00fccksichtigt habe. Zudem zeigt der Beitrag die Chancen auf, die sich durch den Wechsel zu elektrischen Antrieben im Speditionsalltag bieten.<br>So erm\u00f6glicht der leise Antrieb beispielsweise das n\u00e4chtliche Durchqueren von Wohngebieten, zudem besteht ein um 30 Prozent geringerer Energiebedarf im Vergleich zu Dieselfahrzeugen. Dass der Artikel von Blenk die Unverzichtbarkeit des Zusammenspiels von Mensch und Maschine herausgearbeitet habe, verdiente besondere Erw\u00e4hnung.<\/p>\n\n\n\n<p><br>Die weiteren Pl\u00e4tze auf dem Siegerpodest gingen an die Betr\u00e4ge \u201eAbwrackpr\u00e4mie, die Zweite &#8211; und jetzt?\u201c von Martin Schachtner (27. Januar 2021 in der Online-Ausgabe von NKW Partner) und \u201eZukunft aktiv mitgestalten\u201c von Knut Zimmer (Werkstatt aktuell 4\/2020), die &#8211; jeder f\u00fcr sich &#8211; ebenfalls journalistische Meisterleistungen darstellen.<\/p>\n\n\n<div class=\"wp-block-image\">\n<figure class=\"alignleft\"><img decoding=\"async\" src=\"https:\/\/www2.etl.de\/wp-content\/uploads\/2021\/10\/NUFAM.jpg\" alt=\"Verleihung des Journalistenpreis Wort&amp;Werkstatt auf der NUFAM 2021\" class=\"wp-image-26279\"\/><\/figure>\n<\/div>\n\n\n<p><strong>Wir sind als ETL-Kanzlei Voigt stolz und gl\u00fccklich dar\u00fcber, an dieser Auszeichnung teilhaben zu d\u00fcrfen!<\/strong><br><br>Von rechts nach links: Britta Wirtz, Gesch\u00e4ftsf\u00fchrerin der Karlsruher Messe- und Kongress GmbH, Martin Schachtner, amz, 2. Platz, Knut Zimmer, Werkstatt aktuell, 3. Platz, Georg Blenk, Krafthand Truck, 1 .Platz, Thomas Schechinger, OE Germany Handels GmbH, Henning Hamann, ETL Kanzlei Voigt GmbH, Dennis Koblowsky, Werbas GmbH Foto: Messe Karlsruhe\/J\u00fcrgen R\u00f6sner<\/p>\n","protected":false},"excerpt":{"rendered":"<p>Die ETL-Kanzlei Voigt war nicht nur als Sponsor, sondern am Abend des 30.09.2021 auch bei der Preisverleihung aktiv dabei. Schon aufgrund des Engagements in den Bereichen Flotte und Nutzfahrzeuge lie\u00df es sich der Gesch\u00e4ftsf\u00fchrer Henning Hamann nicht nehmen, den ersten Preis pers\u00f6nlich zu \u00fcberreichen.<\/p>\n","protected":false},"author":1,"featured_media":41626,"comment_status":"closed","ping_status":"closed","sticky":false,"template":"","format":"standard","meta":{"_acf_changed":false,"_seopress_robots_primary_cat":"none","_seopress_titles_title":"","_seopress_titles_desc":"","_seopress_robots_index":"","_relevanssi_hide_post":"","_relevanssi_hide_content":"","_relevanssi_pin_for_all":"","_relevanssi_pin_keywords":"","_relevanssi_unpin_keywords":"","_relevanssi_related_keywords":"","_relevanssi_related_include_ids":"","_relevanssi_related_exclude_ids":"","_relevanssi_related_no_append":"","_relevanssi_related_not_related":"","_relevanssi_related_posts":"32389,25015,10549,7713,10557,9363","_relevanssi_noindex_reason":"","_uag_custom_page_level_css":"","footnotes":""},"categories":[26,1298],"tags":[1005],"class_list":["post-26273","post","type-post","status-publish","format-standard","has-post-thumbnail","hentry","category-aktuelles","category-messen-veranstaltungen","tag-nufam"],"acf":[],"uagb_featured_image_src":{"full":["https:\/\/voigt-alte-seite.dgwip.de\/wp-content\/uploads\/2021\/10\/1st-14.jpg",720,423,false],"thumbnail":["https:\/\/voigt-alte-seite.dgwip.de\/wp-content\/uploads\/2021\/10\/1st-14-150x150.jpg",150,150,true],"medium":["https:\/\/voigt-alte-seite.dgwip.de\/wp-content\/uploads\/2021\/10\/1st-14-300x176.jpg",300,176,true],"medium_large":["https:\/\/voigt-alte-seite.dgwip.de\/wp-content\/uploads\/2021\/10\/1st-14.jpg",720,423,false],"large":["https:\/\/voigt-alte-seite.dgwip.de\/wp-content\/uploads\/2021\/10\/1st-14.jpg",720,423,false],"1536x1536":["https:\/\/voigt-alte-seite.dgwip.de\/wp-content\/uploads\/2021\/10\/1st-14.jpg",720,423,false],"2048x2048":["https:\/\/voigt-alte-seite.dgwip.de\/wp-content\/uploads\/2021\/10\/1st-14.jpg",720,423,false]},"uagb_author_info":{"display_name":"fx-admin","author_link":"https:\/\/voigt-alte-seite.dgwip.de\/?author=1"},"uagb_comment_info":0,"uagb_excerpt":"Die ETL-Kanzlei Voigt war nicht nur als Sponsor, sondern am Abend des 30.09.2021 auch bei der Preisverleihung aktiv dabei. Schon aufgrund des Engagements in den Bereichen Flotte und Nutzfahrzeuge lie\u00df es sich der Gesch\u00e4ftsf\u00fchrer Henning Hamann nicht nehmen, den ersten Preis pers\u00f6nlich zu \u00fcberreichen.","_links":{"self":[{"href":"https:\/\/voigt-alte-seite.dgwip.de\/index.php?rest_route=\/wp\/v2\/posts\/26273","targetHints":{"allow":["GET"]}}],"collection":[{"href":"https:\/\/voigt-alte-seite.dgwip.de\/index.php?rest_route=\/wp\/v2\/posts"}],"about":[{"href":"https:\/\/voigt-alte-seite.dgwip.de\/index.php?rest_route=\/wp\/v2\/types\/post"}],"author":[{"embeddable":true,"href":"https:\/\/voigt-alte-seite.dgwip.de\/index.php?rest_route=\/wp\/v2\/users\/1"}],"replies":[{"embeddable":true,"href":"https:\/\/voigt-alte-seite.dgwip.de\/index.php?rest_route=%2Fwp%2Fv2%2Fcomments&post=26273"}],"version-history":[{"count":3,"href":"https:\/\/voigt-alte-seite.dgwip.de\/index.php?rest_route=\/wp\/v2\/posts\/26273\/revisions"}],"predecessor-version":[{"id":41629,"href":"https:\/\/voigt-alte-seite.dgwip.de\/index.php?rest_route=\/wp\/v2\/posts\/26273\/revisions\/41629"}],"wp:featuredmedia":[{"embeddable":true,"href":"https:\/\/voigt-alte-seite.dgwip.de\/index.php?rest_route=\/wp\/v2\/media\/41626"}],"wp:attachment":[{"href":"https:\/\/voigt-alte-seite.dgwip.de\/index.php?rest_route=%2Fwp%2Fv2%2Fmedia&parent=26273"}],"wp:term":[{"taxonomy":"category","embeddable":true,"href":"https:\/\/voigt-alte-seite.dgwip.de\/index.php?rest_route=%2Fwp%2Fv2%2Fcategories&post=26273"},{"taxonomy":"post_tag","embeddable":true,"href":"https:\/\/voigt-alte-seite.dgwip.de\/index.php?rest_route=%2Fwp%2Fv2%2Ftags&post=26273"}],"curies":[{"name":"wp","href":"https:\/\/api.w.org\/{rel}","templated":true}]}}