{"id":27653,"date":"2021-11-10T07:00:48","date_gmt":"2021-11-10T05:00:48","guid":{"rendered":"https:\/\/www2.etl.de\/?post_type=aktuelles&#038;p=27653"},"modified":"2022-11-08T15:16:23","modified_gmt":"2022-11-08T15:16:23","slug":"neue-entscheidung-zum-handyparagraphen","status":"publish","type":"post","link":"https:\/\/voigt-alte-seite.dgwip.de\/?p=27653","title":{"rendered":"Aktuelle Entscheidung zum \u201eHandyparagraphen\u201c"},"content":{"rendered":"\n<p>Elektronische Ger\u00e4te die der Kommunikation, Information oder Organisation dienen (<a rel=\"noopener\" href=\"https:\/\/www.gesetze-im-internet.de\/stvo_2013\/__23.html\" target=\"_blank\">\u00a7 23 Abs. 1 a StVO<\/a>), wie Mobiltelefone,&nbsp;<a rel=\"noopener\" href=\"https:\/\/www.bussgeldprofi.de\/magazin\/ja-nein-vielleicht-greift-der-handyparagraph-beim-taschenrechner\" target=\"_blank\">Taschenrechner<\/a>,&nbsp; <a rel=\"noopener\" href=\"https:\/\/www.bussgeldprofi.de\/magazin\/gilt-das-handyverbot-auch-fuer-den-barcodescanner-eines-paketzustellers\" target=\"_blank\">Barcodescanner<\/a>,&nbsp;<a rel=\"noopener\" href=\"https:\/\/www.bussgeldprofi.de\/magazin\/ist-ein-laser-entfernungsmesser-ein-handy\" target=\"_blank\">Laser-Entfernungsmesser<\/a>,&nbsp;<a rel=\"noopener\" href=\"http:\/\/lrbw.juris.de\/cgi-bin\/laender_rechtsprechung\/document.py?Gericht=bw&amp;nr=26210\" target=\"_blank\">Notebooks<\/a>,&nbsp;<a rel=\"noopener\" href=\"https:\/\/www.bussgeldprofi.de\/magazin\/nach-handyverbot-nun-auch-tablet-verbot\" target=\"_blank\">Tablets<\/a> oder sogar fest im Auto verbaute&nbsp;<a rel=\"noopener\" href=\"https:\/\/www.bussgeldprofi.de\/magazin\/touchscreen-zur-fahrzeugbedienung-auch-elektronisches-geraet\" target=\"_blank\">Touchscreens<\/a>, d\u00fcrfen w\u00e4hrend des F\u00fchrens eines Fahrzeugs nicht benutzt werden. Was auf den ersten Blick unproblematisch erscheint, f\u00fchrt in der Rechtsprechung allerdings immer zu Missverst\u00e4ndnissen und Missdeutungen \u00fcber die Bedeutung des Tatbestandsmerkmals \u201eBenutzen\u201c.<\/p>\n\n\n\n<h2 class=\"wp-block-heading\"><strong>\u00a7 23 Abs. 1 a StVO wird oft fehlinterpretiert!<\/strong><\/h2>\n\n\n\n<p>So hatte z.B. das AG Jena (Urt. v. 23.03.2021, Az. 5 OWi 220 Js 36598\/19) &#8211; nach der Inaugenscheinnahme eines Blitzerfotos, auf dem der Betroffene <em>\u201ein seiner rechten Hand einen silbrig gl\u00e4nzenden, rechteckigen und flachen Gegenstand h\u00e4lt\u201c<\/em> unterstellt, dieser habe den Tatbestand des \u00a7 23 Abs. 1 a StVO verwirklicht. Begr\u00fcndet hatte es seine Annahme damit, dass <em>\u201edurch die seit 2017 geltende Fassung des&nbsp;<a rel=\"noopener\" href=\"https:\/\/www.gesetze-im-internet.de\/stvo_2013\/__23.html\" target=\"_blank\">\u00a7&nbsp;23&nbsp;Abs.&nbsp;1a&nbsp;StVO&nbsp;<\/a>ist auch das blo\u00dfe Halten oder das Aufnehmen eines Mobiltelefons bereits als Ordnungswidrigkeit eingestuft <\/em>(ist)<em>. Es kommt nicht mehr darauf an, ob das elektronische Ger\u00e4t auch tats\u00e4chlich in irgendeiner Weise benutzt wird, zumal dies beweissicher auch so gut wie unm\u00f6glich nachweisbar ist, zumindest solange der Betroffene dies nicht eingesteht.\u201c<\/em><\/p>\n\n\n\n<h2 class=\"wp-block-heading\"><strong>Halten ist kein Benutzen!<\/strong><\/h2>\n\n\n\n<p>Auf Antrag des Betroffenen zur Zulassung der Rechtsbeschwerde, hatte sich das OLG Jena erneut mit der Sache zu befassen. Dabei schrieb es dem Gericht zun\u00e4chst ins Stammbuch, dass es zwar das Halten, nicht aber die erforderliche, \u00fcber das blo\u00dfe Halten hinausgehende, konkrete Nutzung festgestellt hat. Diese ist aber unverzichtbar, wenn es um die Bejahung eines tatbestandsm\u00e4\u00dfigen Versto\u00dfes gegen&nbsp;<a href=\"https:\/\/www.gesetze-im-internet.de\/stvo_2013\/__23.html\">\u00a7&nbsp;23&nbsp;Abs.&nbsp;1a&nbsp;StVO<\/a>&nbsp;geht.<\/p>\n\n\n\n<h2 class=\"wp-block-heading\"><strong>Das OLG Jena stellt die Tatbestandsvoraussetzungen klar! <\/strong><\/h2>\n\n\n\n<p>Dezidiert hat das OLG u.a. ausgef\u00fchrt: &#8220;<em>Auch nach der Neufassung des&nbsp;<a rel=\"noopener\" href=\"https:\/\/www.gesetze-im-internet.de\/stvo_2013\/__23.html\" target=\"_blank\">\u00a7&nbsp;23&nbsp;Abs.&nbsp;1a&nbsp;StVO<\/a>&nbsp;(nach \u00c4nderung durch Art.&nbsp;1&nbsp;Nr.&nbsp;1&nbsp;der 53. Verordnung zur \u00c4nderung stra\u00dfenverkehrsrechtlicher Vorschriften vom 06.10.2017 (<a rel=\"noopener\" href=\"https:\/\/www.bgbl.de\/xaver\/bgbl\/start.xav#__bgbl__%2F%2F*%5B%40attr_id%3D%27bgbl117s3549.pdf%27%5D__1636467596790\" target=\"_blank\">BGBl. I, S.&nbsp;3549<\/a>))<strong> ist allein das blo\u00dfe Halten oder Aufnehmen eines elektronischen Ger\u00e4ts w\u00e4hrend des F\u00fchrens eines Fahrzeugs kein tatbestandsm\u00e4\u00dfiger Versto\u00df <\/strong>(vgl.&nbsp;OLG&nbsp;Hamm, Beschluss vom&nbsp;<a href=\"https:\/\/beck-online.beck.de\/?typ=reference&amp;y=200&amp;d=2019-03-07&amp;ge=OLGHAMM\">07.03.2019<\/a>, <a rel=\"noopener\" href=\"https:\/\/www.justiz.nrw.de\/nrwe\/olgs\/hamm\/j2019\/4_RBs_392_18_Beschluss_20190307.html\" target=\"_blank\">Az. III-4 Rbs 392\/18<\/a>;&nbsp;OLG&nbsp;Celle, Beschluss vom 07.02.2019, <a rel=\"noopener\" href=\"http:\/\/www.rechtsprechung.niedersachsen.de\/jportal\/portal\/page\/bsndprod.psml?doc.id=KORE205672019&amp;st=null&amp;showdoccase=1\" target=\"_blank\">Az.&nbsp;3 Ss (OWi) 8\/19<\/a>, jeweils bei juris; vgl. auch Senatsbeschluss vom 15.04.2021, Az.&nbsp;1 OLG&nbsp;331 SsRs 33\/21).&#8221; <\/em><br><\/p>\n\n\n\n<h2 class=\"wp-block-heading\"><strong>Halten allein gen\u00fcgt nicht! &nbsp;<\/strong><\/h2>\n\n\n\n<p>Das AG Jena hatte dies in seinem Urteil nicht ber\u00fccksichtigt, sondern nonchalant die Verwirklichung des Tatbestands unterstellt. Dem OLG blieb daher nichts anderes \u00fcbrig, als das Urteil aufzuheben und die Sache zur erneuten Verhandlung an das AG Jena zur\u00fcck zu verweisen, damit dieses die Sache nicht nur erneut pr\u00fcft, sondern sowohl in der Sache als auch zu den Kosten des Rechtsmittels entscheidet.<br><\/p>\n\n\n\n<h2 class=\"wp-block-heading\"><strong>Fazit und Praxistipp<\/strong><\/h2>\n\n\n\n<p>Der Beschluss des OLG Jena zeigt, dass wie sinnvoll es ist sich gegen fragw\u00fcrdige Urteile zu wehren. Dies gilt insbesondere dann, wenn das entscheidende Gericht den Sachverhalt nicht n\u00e4her aufkl\u00e4rt, sondern die Verwirklichung des Tatbestands quasi \u201eins Blaue hinein\u201c unterstellt. Sollten Sie von einer derartigen Entscheidung betroffen sein, wenden Sie sich an die Anw\u00e4lte der ETL-Kanzlei Voigt! Wir stehen und k\u00e4mpfen an Ihrer Seite!<br><\/p>\n\n\n\n<h2 class=\"wp-block-heading\"><strong>Weiterf\u00fchre Links<\/strong><\/h2>\n\n\n\n<p><a href=\"https:\/\/voigt-alte-seite.dgwip.de\/stichworte\/ordnungswidrigkeitenrecht\/handybenutzung\">Handybenutzung<\/a><br><a href=\"https:\/\/voigt-alte-seite.dgwip.de\/aktuelles\/wer-ein-handy-haelt-muss-auch-telefonieren\">Wer ein Handy h\u00e4lt muss auch telefonieren!<\/a><br><a href=\"https:\/\/www2.etl.de\/aktuelles\/darf-ein-taschenrechner-am-steuer-bedient-werden\/\">Darf ein Taschenrechner am Steuer bedient werden?<\/a><br><a href=\"https:\/\/www.bussgeldprofi.de\/magazin\/die-zahl-der-entscheidungen-zum-handyparagraphen-waechst\">Die Zahl der Entscheidungen zum \u201aHandyparagraphen\u2018 w\u00e4chst!<\/a><br><a href=\"https:\/\/voigt-alte-seite.dgwip.de\/aktuelles\/touchscreen-zur-fahrzeugbedienung-auch-elektronisches-geraet\">Touchscreen zur Fahrzeugbedienung auch elektronisches Ger\u00e4t?<\/a><br><a href=\"https:\/\/voigt-alte-seite.dgwip.de\/aktuelles\/faellt-ein-elektronischer-laser-entfernungsmesser-unter-die-handy-regelung\">F\u00e4llt ein elektronischer Laser-Entfernungsmesser unter die Handy-Regelung?<\/a><br><\/p>\n\n\n\n<h2 class=\"wp-block-heading\"><strong>Weiterf\u00fchrendes Video<\/strong><\/h2>\n\n\n\n<p><iframe loading=\"lazy\" title=\"YouTube video player\" src=\"https:\/\/www.youtube.com\/embed\/UyHWPqvMhEE\" width=\"450\" height=\"252\" frameborder=\"10\" allowfullscreen=\"allowfullscreen\">&amp;amp;amp;amp;amp;amp;amp;amp;amp;lt;br>&amp;amp;amp;amp;amp;amp;amp;amp;amp;lt;small class=&#8221;small&#8221;>&amp;amp;amp;amp;amp;amp;amp;amp;amp;lt;br>\u00a0&amp;amp;amp;amp;amp;amp;amp;amp;amp;lt;br>&amp;amp;amp;amp;amp;amp;amp;amp;amp;lt;small class=&#8221;small&#8221;>Bildnachweis: Pexels\/&amp;amp;amp;amp;amp;amp;amp;amp;amp;lt;\/small>Norma Mortenson<\/iframe><\/p>\n\n\n\n<p><\/p>\n\n\n\n<p class=\"has-small-font-size\">Bildnachweis: Norma Mortenson \/ Pexels<\/p>\n","protected":false},"excerpt":{"rendered":"<p>Elektronische Ger\u00e4te die der Kommunikation, Information oder Organisation dienen (\u00a7 23 Abs. 1 a StVO), wie Mobiltelefone, Taschenrechner,\u00a0 Barcodescanner,\u00a0Laser-Entfernungsmesser,\u00a0Notebooks,\u00a0Tablets oder sogar fest im Auto verbaute\u00a0Touchscreens, d\u00fcrfen w\u00e4hrend des F\u00fchrens eines Fahrzeugs nicht benutzt werden. Was auf den ersten Blick unproblematisch erscheint, f\u00fchrt in der Rechtsprechung allerdings immer zu Missverst\u00e4ndnissen und Missdeutungen \u00fcber die Bedeutung des Tatbestandsmerkmals \u201eBenutzen\u201c.<\/p>\n","protected":false},"author":1,"featured_media":41484,"comment_status":"closed","ping_status":"closed","sticky":false,"template":"","format":"standard","meta":{"_acf_changed":false,"_seopress_robots_primary_cat":"none","_seopress_titles_title":"","_seopress_titles_desc":"","_seopress_robots_index":"","_relevanssi_hide_post":"","_relevanssi_hide_content":"","_relevanssi_pin_for_all":"","_relevanssi_pin_keywords":"","_relevanssi_unpin_keywords":"","_relevanssi_related_keywords":"","_relevanssi_related_include_ids":"","_relevanssi_related_exclude_ids":"","_relevanssi_related_no_append":"","_relevanssi_related_not_related":"","_relevanssi_related_posts":"6387,10285,10557,27669,13757,9643","_relevanssi_noindex_reason":"","_uag_custom_page_level_css":"","footnotes":""},"categories":[26],"tags":[398,404],"class_list":["post-27653","post","type-post","status-publish","format-standard","has-post-thumbnail","hentry","category-aktuelles","tag-handyparagraph","tag-verkehr-recht"],"acf":[],"uagb_featured_image_src":{"full":["https:\/\/voigt-alte-seite.dgwip.de\/wp-content\/uploads\/2022\/11\/pexels-norma-mortenson-4391222.jpg",3840,2560,false],"thumbnail":["https:\/\/voigt-alte-seite.dgwip.de\/wp-content\/uploads\/2022\/11\/pexels-norma-mortenson-4391222-150x150.jpg",150,150,true],"medium":["https:\/\/voigt-alte-seite.dgwip.de\/wp-content\/uploads\/2022\/11\/pexels-norma-mortenson-4391222-300x200.jpg",300,200,true],"medium_large":["https:\/\/voigt-alte-seite.dgwip.de\/wp-content\/uploads\/2022\/11\/pexels-norma-mortenson-4391222-768x512.jpg",768,512,true],"large":["https:\/\/voigt-alte-seite.dgwip.de\/wp-content\/uploads\/2022\/11\/pexels-norma-mortenson-4391222-1024x683.jpg",1024,683,true],"1536x1536":["https:\/\/voigt-alte-seite.dgwip.de\/wp-content\/uploads\/2022\/11\/pexels-norma-mortenson-4391222-1536x1024.jpg",1536,1024,true],"2048x2048":["https:\/\/voigt-alte-seite.dgwip.de\/wp-content\/uploads\/2022\/11\/pexels-norma-mortenson-4391222.jpg",2048,1365,false]},"uagb_author_info":{"display_name":"fx-admin","author_link":"https:\/\/voigt-alte-seite.dgwip.de\/?author=1"},"uagb_comment_info":0,"uagb_excerpt":"Elektronische Ger\u00e4te die der Kommunikation, Information oder Organisation dienen (\u00a7 23 Abs. 1 a StVO), wie Mobiltelefone, Taschenrechner,\u00a0 Barcodescanner,\u00a0Laser-Entfernungsmesser,\u00a0Notebooks,\u00a0Tablets oder sogar fest im Auto verbaute\u00a0Touchscreens, d\u00fcrfen w\u00e4hrend des F\u00fchrens eines Fahrzeugs nicht benutzt werden. Was auf den ersten Blick unproblematisch erscheint, f\u00fchrt in der Rechtsprechung allerdings immer zu Missverst\u00e4ndnissen und Missdeutungen \u00fcber die Bedeutung des&hellip;","_links":{"self":[{"href":"https:\/\/voigt-alte-seite.dgwip.de\/index.php?rest_route=\/wp\/v2\/posts\/27653","targetHints":{"allow":["GET"]}}],"collection":[{"href":"https:\/\/voigt-alte-seite.dgwip.de\/index.php?rest_route=\/wp\/v2\/posts"}],"about":[{"href":"https:\/\/voigt-alte-seite.dgwip.de\/index.php?rest_route=\/wp\/v2\/types\/post"}],"author":[{"embeddable":true,"href":"https:\/\/voigt-alte-seite.dgwip.de\/index.php?rest_route=\/wp\/v2\/users\/1"}],"replies":[{"embeddable":true,"href":"https:\/\/voigt-alte-seite.dgwip.de\/index.php?rest_route=%2Fwp%2Fv2%2Fcomments&post=27653"}],"version-history":[{"count":7,"href":"https:\/\/voigt-alte-seite.dgwip.de\/index.php?rest_route=\/wp\/v2\/posts\/27653\/revisions"}],"predecessor-version":[{"id":41492,"href":"https:\/\/voigt-alte-seite.dgwip.de\/index.php?rest_route=\/wp\/v2\/posts\/27653\/revisions\/41492"}],"wp:featuredmedia":[{"embeddable":true,"href":"https:\/\/voigt-alte-seite.dgwip.de\/index.php?rest_route=\/wp\/v2\/media\/41484"}],"wp:attachment":[{"href":"https:\/\/voigt-alte-seite.dgwip.de\/index.php?rest_route=%2Fwp%2Fv2%2Fmedia&parent=27653"}],"wp:term":[{"taxonomy":"category","embeddable":true,"href":"https:\/\/voigt-alte-seite.dgwip.de\/index.php?rest_route=%2Fwp%2Fv2%2Fcategories&post=27653"},{"taxonomy":"post_tag","embeddable":true,"href":"https:\/\/voigt-alte-seite.dgwip.de\/index.php?rest_route=%2Fwp%2Fv2%2Ftags&post=27653"}],"curies":[{"name":"wp","href":"https:\/\/api.w.org\/{rel}","templated":true}]}}