{"id":43756,"date":"2023-03-23T08:21:18","date_gmt":"2023-03-23T08:21:18","guid":{"rendered":"https:\/\/voigt-alte-seite.dgwip.de\/?p=43756"},"modified":"2025-07-04T10:54:55","modified_gmt":"2025-07-04T08:54:55","slug":"wkst-2023-morgen-ist-es-soweit","status":"publish","type":"post","link":"https:\/\/voigt-alte-seite.dgwip.de\/?p=43756","title":{"rendered":"WKST 2023 -Es ist es soweit!"},"content":{"rendered":"\n<p>Seien Sie dabei und diskutieren Sie mit, wenn es in W\u00fcrzburg unter der \u00dcberschrift <a href=\"https:\/\/www.karosserie-schadenstage.de\/programm\" target=\"_blank\" rel=\"noreferrer noopener\">&#8220;Die Unfallreparatur in Zeiten von E-Call und K\u00fcnstlicher Intelligenz \u2013 rechtliche und praktische An- und Herausforderungen&#8221;<\/a> um die aktuellen Entwicklungen des Schadenrechts und viele weitere spannende Themen geht!<\/p>\n\n\n\n<p>Die WKST ist eine DER Branchenveranstaltung des Jahres, mit \u00fcber 800 Teilnehmerinnen und Teilnehmern, 20 hochkar\u00e4tigen Referenten\/innen und 76 Ausstellern aus der gesamten Schadenwelt.<\/p>\n\n\n\n<p>Damit auch der Spa\u00df und das Netzwerken nicht zu kurz kommen, findet am Freitag die Abendveranstaltung inklusive einer Fr\u00fchjahrskirmes statt. F\u00fcr Sp\u00e4t- beziehungsweise Kurzentschlossene gibt es&nbsp;noch wenige freie Pl\u00e4tze.<\/p>\n\n\n\n<p>Nicht ganz ohne Stolz und zugleich voller Vorfreude darf ich an dieser Stelle verk\u00fcnden, dass wir in diesem Jahr die Veranstaltung erstmalig als Kooperationspartner unterst\u00fctzen werden, und zwar sowohl inhaltlich, als auch bei der Konzeption und Moderation.<\/p>\n\n\n\n<p>Das Forum bietet zwei Tage vollgepackt mit praxisbezogenen Vortr\u00e4gen, Live-Vorf\u00fchrungen sowie eine begleitende Fachausstellung. Zudem werden die W\u00fcrzburger Karosserie- und Schadenstage von den Verb\u00e4nden offiziell als Weiterbildungsma\u00dfnahme anerkannt, wenn Sie die Teilnahmebescheinigung vorlegen. \u00dcber das vollst\u00e4ndige Programm k\u00f6nnen Sie sich <a href=\"https:\/\/www.karosserie-schadenstage.de\/programm\" target=\"_blank\" rel=\"noreferrer noopener\">HIER<\/a> informieren.<\/p>\n\n\n\n<p>F\u00fcr Schnellentschlossene haben wir noch wenige Tickets zum Vorzugspreis vorr\u00e4tig! Nutzen Sie den &#8220;Promotion Code&#8221; <strong>VORZUGSPREIS-WKST2023-VOIGT-REGELT <\/strong>und besorgen Sie sich die Tickets \u00fcber diese &nbsp;<a href=\"https:\/\/www.karosserie-schadenstage.de\/anmeldung\" target=\"_blank\" rel=\"noreferrer noopener\">ANMELDESEITE<\/a>.<\/p>\n\n\n\n<p>Vielleicht sehen wir uns ja in W\u00fcrzburg. Ich w\u00fcrde mich dar\u00fcber jedenfalls sehr freuen!<\/p>\n\n\n\n<p>Herzlichst, Ihr<\/p>\n\n\n\n<p>Henning Hamann<\/p>\n\n\n\n<p>Gesch\u00e4ftsf\u00fchrer<\/p>\n","protected":false},"excerpt":{"rendered":"<p>Am 24.03.2023 starten die W\u00fcrzburger Karosserie- und Schadenstage!<\/p>\n","protected":false},"author":6,"featured_media":43202,"comment_status":"closed","ping_status":"closed","sticky":false,"template":"","format":"standard","meta":{"_acf_changed":false,"_seopress_robots_primary_cat":"none","_seopress_titles_title":"","_seopress_titles_desc":"","_seopress_robots_index":"","_relevanssi_hide_post":"","_relevanssi_hide_content":"","_relevanssi_pin_for_all":"","_relevanssi_pin_keywords":"","_relevanssi_unpin_keywords":"","_relevanssi_related_keywords":"","_relevanssi_related_include_ids":"","_relevanssi_related_exclude_ids":"","_relevanssi_related_no_append":"","_relevanssi_related_not_related":"","_relevanssi_related_posts":"9427,9877,9553,9595,24703,22081","_relevanssi_noindex_reason":"","_uag_custom_page_level_css":"","footnotes":""},"categories":[26,1298],"tags":[],"class_list":["post-43756","post","type-post","status-publish","format-standard","has-post-thumbnail","hentry","category-aktuelles","category-messen-veranstaltungen"],"acf":[],"uagb_featured_image_src":{"full":["https:\/\/voigt-alte-seite.dgwip.de\/wp-content\/uploads\/2023\/02\/WKST-2023-Voigt-regelt.png",1200,628,false],"thumbnail":["https:\/\/voigt-alte-seite.dgwip.de\/wp-content\/uploads\/2023\/02\/WKST-2023-Voigt-regelt-150x150.png",150,150,true],"medium":["https:\/\/voigt-alte-seite.dgwip.de\/wp-content\/uploads\/2023\/02\/WKST-2023-Voigt-regelt-300x157.png",300,157,true],"medium_large":["https:\/\/voigt-alte-seite.dgwip.de\/wp-content\/uploads\/2023\/02\/WKST-2023-Voigt-regelt-768x402.png",768,402,true],"large":["https:\/\/voigt-alte-seite.dgwip.de\/wp-content\/uploads\/2023\/02\/WKST-2023-Voigt-regelt-1024x536.png",1024,536,true],"1536x1536":["https:\/\/voigt-alte-seite.dgwip.de\/wp-content\/uploads\/2023\/02\/WKST-2023-Voigt-regelt.png",1200,628,false],"2048x2048":["https:\/\/voigt-alte-seite.dgwip.de\/wp-content\/uploads\/2023\/02\/WKST-2023-Voigt-regelt.png",1200,628,false]},"uagb_author_info":{"display_name":"henning.hamann","author_link":"https:\/\/voigt-alte-seite.dgwip.de\/?author=6"},"uagb_comment_info":0,"uagb_excerpt":"Am 24.03.2023 starten die W\u00fcrzburger Karosserie- und Schadenstage!","_links":{"self":[{"href":"https:\/\/voigt-alte-seite.dgwip.de\/index.php?rest_route=\/wp\/v2\/posts\/43756","targetHints":{"allow":["GET"]}}],"collection":[{"href":"https:\/\/voigt-alte-seite.dgwip.de\/index.php?rest_route=\/wp\/v2\/posts"}],"about":[{"href":"https:\/\/voigt-alte-seite.dgwip.de\/index.php?rest_route=\/wp\/v2\/types\/post"}],"author":[{"embeddable":true,"href":"https:\/\/voigt-alte-seite.dgwip.de\/index.php?rest_route=\/wp\/v2\/users\/6"}],"replies":[{"embeddable":true,"href":"https:\/\/voigt-alte-seite.dgwip.de\/index.php?rest_route=%2Fwp%2Fv2%2Fcomments&post=43756"}],"version-history":[{"count":4,"href":"https:\/\/voigt-alte-seite.dgwip.de\/index.php?rest_route=\/wp\/v2\/posts\/43756\/revisions"}],"predecessor-version":[{"id":43771,"href":"https:\/\/voigt-alte-seite.dgwip.de\/index.php?rest_route=\/wp\/v2\/posts\/43756\/revisions\/43771"}],"wp:featuredmedia":[{"embeddable":true,"href":"https:\/\/voigt-alte-seite.dgwip.de\/index.php?rest_route=\/wp\/v2\/media\/43202"}],"wp:attachment":[{"href":"https:\/\/voigt-alte-seite.dgwip.de\/index.php?rest_route=%2Fwp%2Fv2%2Fmedia&parent=43756"}],"wp:term":[{"taxonomy":"category","embeddable":true,"href":"https:\/\/voigt-alte-seite.dgwip.de\/index.php?rest_route=%2Fwp%2Fv2%2Fcategories&post=43756"},{"taxonomy":"post_tag","embeddable":true,"href":"https:\/\/voigt-alte-seite.dgwip.de\/index.php?rest_route=%2Fwp%2Fv2%2Ftags&post=43756"}],"curies":[{"name":"wp","href":"https:\/\/api.w.org\/{rel}","templated":true}]}}