{"id":43774,"date":"2023-03-27T06:03:59","date_gmt":"2023-03-27T06:03:59","guid":{"rendered":"https:\/\/voigt-alte-seite.dgwip.de\/?p=43774"},"modified":"2025-07-04T10:54:19","modified_gmt":"2025-07-04T08:54:19","slug":"subjektiver-schadenbegriff-sonderwebinar","status":"publish","type":"post","link":"https:\/\/voigt-alte-seite.dgwip.de\/?p=43774","title":{"rendered":"Subjektiver Schadenbegriff! Sonderwebinar!"},"content":{"rendered":"\n<p>Am Donnerstag, den <strong>30.03.2023, 14:00 \u2013 15:00 Uhr<\/strong>, findet das <strong>\u201eSonderwebinar Subjektiver Schadenbegriff\u201c<\/strong> statt!<\/p>\n\n\n\n<h2 class=\"wp-block-heading\"><strong>Warum ist die Teilnahme wichtig?<\/strong><\/h2>\n\n\n\n<p>Der subjektive Schadenbegriff besagt, dass Gesch\u00e4digte auf die Richtigkeit eines Sachverst\u00e4ndigengutachtens und die auf dieser Basis erfolgte Reparatur vertrauen d\u00fcrfen. Im Kampf gegen Rechnungsk\u00fcrzungen galt er deshalb bisher als sehr scharfes Schwert. <\/p>\n\n\n\n<p>Danach darf ein Streit \u00fcber die H\u00f6he einer Reparaturrechnung nicht auf dem R\u00fccken der Gesch\u00e4digten ausgetragen werden. Vielmehr muss ein Versicherer die Werkstattrechnung unabh\u00e4ngig davon erstatten, ob die abgerechneten Leistungen tats\u00e4chlich erbracht und die Kosten in dieser H\u00f6he angefallen und angemessen \/ orts\u00fcblich oder gegebenenfalls \u00fcberh\u00f6ht sind. Im Verh\u00e4ltnis zum Gesch\u00e4digten darf dieser Streit rechtlich keine Rolle spielen und daher sind K\u00fcrzungsklagen des Gesch\u00e4digten auf Zahlung der restlichen Reparaturkosten nahezu unverlierbar.<\/p>\n\n\n\n<p>Eine Entscheidung des Bundesgerichtshofs l\u00e4sst jetzt Zweifel daran aufkommen, ob diese Grunds\u00e4tze nach wie vor uneingeschr\u00e4nkt gelten. Einige Versicherer haben darauf bereits reagiert und es gibt sogar schon erste Entscheidungen der Amtsgerichte, die einen Hinweis darauf geben, was auf uns und insbesondere die Werkst\u00e4tten zukommt. Zuk\u00fcnftig ist es m\u00f6glicherweise n\u00e4mlich nicht mehr ganz so einfach, die gek\u00fcrzten Reparaturkosten einzuklagen.<\/p>\n\n\n\n<p>Gerade Werkstattinhaber sollten sich dieses Seminar daher nicht entgehen lassen!<\/p>\n\n\n\n<h2 class=\"wp-block-heading\"><strong>K\u00fcrzungsklagen vor dem Aus?<\/strong><\/h2>\n\n\n\n<p>Mit unserem Sonderwebinar erl\u00e4utern wir die aktuelle Situation und zeigen die damit verbundenen Risiken aber auch die m\u00f6glichen L\u00f6sungen auf, um mit dieser neuen Situation umzugehen.<\/p>\n\n\n\n<p><\/p>\n\n\n\n<p><\/p>\n\n\n\n<h2 class=\"wp-block-heading\"><strong>Stellen Sie ihre Fragen im Vorfeld!<\/strong><\/h2>\n\n\n\n<p>Gerne k\u00f6nnen Sie uns bereits im Vorfeld Ihre Fragen zu dem Thema stellen, auf die wir dann w\u00e4hrend des Vortrages eingehen k\u00f6nnen. Schreiben Sie uns daf\u00fcr bitte einfach eine E-Mail an\u00a0<a href=\"mailto:akademie@voigt-alte-seite.dgwip.de\">akademie@voigt-alte-seite.dgwip.de<\/a>.\u00a0<\/p>\n\n\n\n<h2 class=\"wp-block-heading\"><strong>Hier geht\u00b4s zur Anmeldung!<\/strong><\/h2>\n\n\n\n<p>Sollten sie sich noch nicht angemeldet haben, k\u00f6nnen sie dies <strong><a href=\"https:\/\/register.gotowebinar.com\/register\/5640943681138485338\">hier<\/a> <\/strong>tun!<\/p>\n\n\n\n<p>F\u00fcr die Teilnahme wird keine Webcam ben\u00f6tigt. Lediglich dann, wenn Sie sich per Sprache in die Diskussion einbringen wollen, brauchen Sie ein Telefon oder ein PC-Mikrofon. Ansonsten ist es auch m\u00f6glich, einfach nur zuzuh\u00f6ren, dann brauchen Sie nat\u00fcrlich auch kein Mikrofon. Die Zugangsdaten erhalten Sie unmittelbar nach der Anmeldung. Die Teilnahme ist f\u00fcr Sie absolut kostenlos. Nach Abschluss des Webinars erhalten Sie eine Teilnahmebescheinigung. Sollten Sie vorab Fragen haben melden Sie sich zu jeder Zeit und gerne unter akademie@voigt-alte-seite.dgwip.de.<\/p>\n\n\n\n<p>Wir freuen uns auf Sie!<\/p>\n","protected":false},"excerpt":{"rendered":"<p>Kaum sind die W\u00fcrzburger Karosserie- und Schadenstage vorbei, wirft ein n\u00e4chstes Highlight seine Schatten voraus!<\/p>\n","protected":false},"author":7,"featured_media":42417,"comment_status":"closed","ping_status":"closed","sticky":false,"template":"","format":"standard","meta":{"_acf_changed":false,"_seopress_robots_primary_cat":"none","_seopress_titles_title":"","_seopress_titles_desc":"","_seopress_robots_index":"","_relevanssi_hide_post":"","_relevanssi_hide_content":"","_relevanssi_pin_for_all":"","_relevanssi_pin_keywords":"","_relevanssi_unpin_keywords":"","_relevanssi_related_keywords":"","_relevanssi_related_include_ids":"","_relevanssi_related_exclude_ids":"","_relevanssi_related_no_append":"","_relevanssi_related_not_related":"","_relevanssi_related_posts":"43050,42096,9787,9031,33951,22785","_relevanssi_noindex_reason":"","_uag_custom_page_level_css":"","footnotes":""},"categories":[26,1298],"tags":[],"class_list":["post-43774","post","type-post","status-publish","format-standard","has-post-thumbnail","hentry","category-aktuelles","category-messen-veranstaltungen"],"acf":[],"uagb_featured_image_src":{"full":["https:\/\/voigt-alte-seite.dgwip.de\/wp-content\/uploads\/2022\/11\/Hamann-1-2.jpg",698,338,false],"thumbnail":["https:\/\/voigt-alte-seite.dgwip.de\/wp-content\/uploads\/2022\/11\/Hamann-1-2-150x150.jpg",150,150,true],"medium":["https:\/\/voigt-alte-seite.dgwip.de\/wp-content\/uploads\/2022\/11\/Hamann-1-2-300x145.jpg",300,145,true],"medium_large":["https:\/\/voigt-alte-seite.dgwip.de\/wp-content\/uploads\/2022\/11\/Hamann-1-2.jpg",698,338,false],"large":["https:\/\/voigt-alte-seite.dgwip.de\/wp-content\/uploads\/2022\/11\/Hamann-1-2.jpg",698,338,false],"1536x1536":["https:\/\/voigt-alte-seite.dgwip.de\/wp-content\/uploads\/2022\/11\/Hamann-1-2.jpg",698,338,false],"2048x2048":["https:\/\/voigt-alte-seite.dgwip.de\/wp-content\/uploads\/2022\/11\/Hamann-1-2.jpg",698,338,false]},"uagb_author_info":{"display_name":"henning.hammer","author_link":"https:\/\/voigt-alte-seite.dgwip.de\/?author=7"},"uagb_comment_info":0,"uagb_excerpt":"Kaum sind die W\u00fcrzburger Karosserie- und Schadenstage vorbei, wirft ein n\u00e4chstes Highlight seine Schatten voraus!","_links":{"self":[{"href":"https:\/\/voigt-alte-seite.dgwip.de\/index.php?rest_route=\/wp\/v2\/posts\/43774","targetHints":{"allow":["GET"]}}],"collection":[{"href":"https:\/\/voigt-alte-seite.dgwip.de\/index.php?rest_route=\/wp\/v2\/posts"}],"about":[{"href":"https:\/\/voigt-alte-seite.dgwip.de\/index.php?rest_route=\/wp\/v2\/types\/post"}],"author":[{"embeddable":true,"href":"https:\/\/voigt-alte-seite.dgwip.de\/index.php?rest_route=\/wp\/v2\/users\/7"}],"replies":[{"embeddable":true,"href":"https:\/\/voigt-alte-seite.dgwip.de\/index.php?rest_route=%2Fwp%2Fv2%2Fcomments&post=43774"}],"version-history":[{"count":22,"href":"https:\/\/voigt-alte-seite.dgwip.de\/index.php?rest_route=\/wp\/v2\/posts\/43774\/revisions"}],"predecessor-version":[{"id":43851,"href":"https:\/\/voigt-alte-seite.dgwip.de\/index.php?rest_route=\/wp\/v2\/posts\/43774\/revisions\/43851"}],"wp:featuredmedia":[{"embeddable":true,"href":"https:\/\/voigt-alte-seite.dgwip.de\/index.php?rest_route=\/wp\/v2\/media\/42417"}],"wp:attachment":[{"href":"https:\/\/voigt-alte-seite.dgwip.de\/index.php?rest_route=%2Fwp%2Fv2%2Fmedia&parent=43774"}],"wp:term":[{"taxonomy":"category","embeddable":true,"href":"https:\/\/voigt-alte-seite.dgwip.de\/index.php?rest_route=%2Fwp%2Fv2%2Fcategories&post=43774"},{"taxonomy":"post_tag","embeddable":true,"href":"https:\/\/voigt-alte-seite.dgwip.de\/index.php?rest_route=%2Fwp%2Fv2%2Ftags&post=43774"}],"curies":[{"name":"wp","href":"https:\/\/api.w.org\/{rel}","templated":true}]}}