{"id":44049,"date":"2023-04-24T06:30:00","date_gmt":"2023-04-24T06:30:00","guid":{"rendered":"https:\/\/voigt-alte-seite.dgwip.de\/?p=44049"},"modified":"2023-12-11T17:04:33","modified_gmt":"2023-12-11T16:04:33","slug":"was-gilt-bei-tueroeffner-faellen","status":"publish","type":"post","link":"https:\/\/voigt-alte-seite.dgwip.de\/?p=44049","title":{"rendered":"Was gilt bei T\u00fcr\u00f6ffner-F\u00e4llen?"},"content":{"rendered":"\n<p><\/p>\n\n\n\n<p>Das OLG Saarbr\u00fccken hatte sich am 24.03.2023 (<a href=\"https:\/\/recht.saarland.de\/bssl\/document\/JURE230044910\">Az. 3 U 3\/23<\/a>) mit einem Sachverhalt zu befassen, bei dem ein Fahrzeugf\u00fchrer mit seinem Auto gegen die ge\u00f6ffnete hintere linke T\u00fcr eines &#8211; in einer Parkbucht abgestellten &#8211; Autos prallte. Die Besonderheit an dem Sachverhalt bestand in der Kl\u00e4rung der Haftungsverteilung, wenn die T\u00fcr nicht pl\u00f6tzlich ge\u00f6ffnet worden ist, sondern bereits seit l\u00e4ngerer Zeit offen gestanden hatte.<\/p>\n\n\n\n<h2 class=\"wp-block-heading\"><strong>Wer ein- oder aussteigt muss vorsichtig sein!<\/strong><\/h2>\n\n\n\n<p>Bevor das Gericht sich mit der Haftungsverteilung befasste, stellte es zun\u00e4chst folgendes fest:<\/p>\n\n\n\n<p>Nach <a href=\"https:\/\/www.gesetze-im-internet.de\/stvo_2013\/__14.html\" target=\"_blank\" rel=\"noreferrer noopener\">\u00a7&nbsp;14 Abs.&nbsp;1 StVO<\/a> muss, wer ein- oder aussteigt, sich so verhalten, dass eine Gef\u00e4hrdung anderer Verkehrsteilnehmer ausgeschlossen ist. Die Vorschrift dient in erster Linie dem Schutz des flie\u00dfenden Verkehrs und verlangt von dem Aussteigenden ein H\u00f6chstma\u00df an Sorgfalt (vgl. OLG D\u00fcsseldorf, Urt. v. 31.03.2020, <a rel=\"noreferrer noopener\" href=\"http:\/\/www.justiz.nrw.de\/nrwe\/olgs\/duesseldorf\/j2014\/I_1_U_101_13_Urteil_20140304.html\" target=\"_blank\">Az. 1 U 101\/13<\/a>).<\/p>\n\n\n\n<h2 class=\"wp-block-heading\"><strong>Wie lange gilt die Sorgfaltspflicht?<\/strong><\/h2>\n\n\n\n<p>Weiter hat das Gericht ausgef\u00fchrt, die Sorgfaltsanforderung gelte f\u00fcr die gesamte Dauer des Ein- oder Aussteigevorgangs. Erfasst seien damit alle Vorg\u00e4nge, die in einem unmittelbaren zeitlichen und \u00f6rtlichen Zusammenhang damit stehen, wobei der Vorgang des Einsteigens erst mit dem Schlie\u00dfen der Fahrzeugt\u00fcre, der Vorgang des Aussteigens erst mit dem Schlie\u00dfen der Fahrzeugt\u00fcre und dem Verlassen der Fahrbahn beendet ist.<\/p>\n\n\n\n<h2 class=\"wp-block-heading\"><strong>Gibt es spezielle Konstellationen?<\/strong><\/h2>\n\n\n\n<p>Insbesondere benennt das Urteil Situationen, in denen der Insasse eines Kraftfahrzeugs sich im unmittelbaren Zusammenhang mit einem Ein- oder Aussteigevorgang bei ge\u00f6ffneter T\u00fcr in das Kraftfahrzeug beugt, um etwa \u2013 wie hier \u2013 Gegenst\u00e4nde ein- oder auszuladen (vgl. BGH, Urt. v. 06.10.2009, <a rel=\"noreferrer noopener\" href=\"https:\/\/juris.bundesgerichtshof.de\/cgi-bin\/rechtsprechung\/document.py?Gericht=bgh&amp;Art=en&amp;Datum=Aktuell&amp;nr=49644&amp;anz=1&amp;pos=0&amp;Frame=4&amp;.pdf\" target=\"_blank\">A<\/a><a rel=\"noreferrer noopener\" href=\"https:\/\/juris.bundesgerichtshof.de\/cgi-bin\/rechtsprechung\/document.py?Gericht=bgh&amp;Art=en&amp;Datum=Aktuell&amp;nr=49644&amp;anz=1&amp;pos=0&amp;Frame=4&amp;.pdf\" target=\"_blank\">z<\/a><a rel=\"noreferrer noopener\" href=\"https:\/\/juris.bundesgerichtshof.de\/cgi-bin\/rechtsprechung\/document.py?Gericht=bgh&amp;Art=en&amp;Datum=Aktuell&amp;nr=49644&amp;anz=1&amp;pos=0&amp;Frame=4&amp;.pdf\" target=\"_blank\">.<\/a><a rel=\"noreferrer noopener\" href=\"https:\/\/juris.bundesgerichtshof.de\/cgi-bin\/rechtsprechung\/document.py?Gericht=bgh&amp;Art=en&amp;Datum=Aktuell&amp;nr=49644&amp;anz=1&amp;pos=0&amp;Frame=4&amp;.pdf\" target=\"_blank\"> <\/a><a rel=\"noreferrer noopener\" href=\"https:\/\/juris.bundesgerichtshof.de\/cgi-bin\/rechtsprechung\/document.py?Gericht=bgh&amp;Art=en&amp;Datum=Aktuell&amp;nr=49644&amp;anz=1&amp;pos=0&amp;Frame=4&amp;.pdf\" target=\"_blank\">VI ZR 316\/08<\/a>).<\/p>\n\n\n\n<h2 class=\"wp-block-heading\"><strong>Existieren zeitliche Vorgaben f\u00fcr das Ein- oder Aussteigen?<\/strong><\/h2>\n\n\n\n<p>Prinzipiell gilt, dass das Ein- und Aussteigen zur Fahrbahnseite regelm\u00e4\u00dfig mit besonderen Gefahren verbunden ist, weshalb der der Vorgang so z\u00fcgig wie irgend m\u00f6glich durchzuf\u00fchren ist. Insbesondere darf die T\u00fcr nicht l\u00e4nger offengelassen werden als unbedingt notwendig (vgl. OLG Celle, Urt. v. 04. 12.2019, Az. 14 U 127\/19; KG Berlin, Beschl. v. 22.11.2007, Az. 12 U 199\/06).<\/p>\n\n\n\n<p>Wenn es \u2013 wie in dem zu beurteilenden Sachverhalt &#8211; im unmittelbaren zeitlichen und \u00f6rtlichen Zusammenhang mit dem Ein-\/Aussteigevorgang zu einer Kollision mit dem flie\u00dfenden Verkehr kommt, spricht der Beweis des ersten Anscheins f\u00fcr eine fahrl\u00e4ssige Sorgfaltspflichtverletzung des Ein- oder Aussteigenden (vgl. BGH, Urt. v. 06.10.2009, <a href=\"https:\/\/juris.bundesgerichtshof.de\/cgi-bin\/rechtsprechung\/document.py?Gericht=bgh&amp;Art=en&amp;Datum=Aktuell&amp;nr=49644&amp;anz=1&amp;pos=0&amp;Frame=4&amp;.pdf\" target=\"_blank\" rel=\"noreferrer noopener\">Az. VI ZR 316\/08<\/a>). Dies gilt nicht zuletzt wenn feststeht, dass die T\u00fcr des haltenden oder parkenden Fahrzeugs nicht unerheblich (hier: 20 cm) in die Fahrbahn hineinragt.<\/p>\n\n\n\n<h2 class=\"wp-block-heading\"><strong>Die Behinderung des Verkehrs entscheidet!<\/strong><\/h2>\n\n\n\n<p>Ob eine T\u00fcr w\u00e4hrend der Ann\u00e4herung des Beklagtenfahrzeugs bereits ge\u00f6ffnet war und oder erst w\u00e4hrend der Vorbeifahrt weiter ge\u00f6ffnet wurde, spielt in Bezug auf den Anscheinsbeweis keine Rolle.<\/p>\n\n\n\n<p>Plausibel f\u00fchrt das Gericht hierzu aus, dass die Sorgfaltspflicht des <a href=\"https:\/\/www.gesetze-im-internet.de\/stvo_2013\/__14.html\" target=\"_blank\" rel=\"noreferrer noopener\">\u00a7&nbsp;14 Abs.&nbsp;1 StVO<\/a> sich nicht ausschlie\u00dflich auf solche Vorg\u00e4nge beschr\u00e4nkt, bei denen sich durch das unvorsichtige \u00d6ffnen einer Fahrzeugt\u00fcr ein \u00dcberraschungsmoment f\u00fcr andere Verkehrsteilnehmer ergibt (vgl. BGH, Urt. v. 06.10. 2009, <a rel=\"noreferrer noopener\" href=\"https:\/\/juris.bundesgerichtshof.de\/cgi-bin\/rechtsprechung\/document.py?Gericht=bgh&amp;Art=en&amp;Datum=Aktuell&amp;nr=49644&amp;anz=1&amp;pos=0&amp;Frame=4&amp;.pdf\" target=\"_blank\">Az. VI ZR 316<\/a>).<\/p>\n\n\n\n<p>Die Auffassung des Gerichts \u00fcberzeugt schon von daher, dass eine Behinderung oder Gef\u00e4hrdung des flie\u00dfenden Verkehrs nicht schon dadurch ausgeschlossen wird, dass die T\u00fcr bereits l\u00e4ngere Zeit ge\u00f6ffnet ist. Zudem k\u00f6nnen der Ein- oder Aussteigende auch nicht darauf vertrauen, dass Teilnehmer des flie\u00dfenden Verkehrs einen ausreichenden Seitenabstand einhalten (vgl. OLG Frankfurt, Beschl. v. 02.03.2018,<a href=\"https:\/\/www.rv.hessenrecht.hessen.de\/bshe\/document\/LARE190019480\" target=\"_blank\" rel=\"noreferrer noopener\"> Az. 3 U 232\/16<\/a>; OLG M\u00fcnchen, Beschl. v. 21.07.2011, Az. 10 U 2529\/11)&nbsp;<\/p>\n\n\n\n<h2 class=\"wp-block-heading\"><strong>Die Haftungsverteilung ist einzelfallabh\u00e4ngig!<\/strong><\/h2>\n\n\n\n<p>Eine generelle und f\u00fcr alle Konstellationen geltende Aussage zur Haftung bei T\u00fcr\u00f6ffner-F\u00e4llen ist, auch wenn der Beweis des ersten Anscheins zu Lasten des Ein- oder Aussteigenden spricht, nicht m\u00f6glich.<\/p>\n\n\n\n<p>Wenn es aber es \u2013 wie in dem vom OLG Saarbr\u00fccken zu beurteilenden Sachverhalt\u2013 zur Kollision zwischen einem ohne ausreichenden Seitenabstand vorbeifahrenden Fahrzeugs mit der in die Fahrbahn ragenden Fahrzeugt\u00fcr eines Fahrzeugs gekommen ist, w\u00e4hrend sich jemand in dieses Fahrzeug beugt, kann eine Haftungsteilung angemessen sein. Entscheidend ist, ob eben, wer schuld an dem Unfall war oder ob es an einem deutlich \u00fcberwiegenden Verschulden einer der Beteiligten Parteien fehlt.<\/p>\n\n\n\n<h2 class=\"wp-block-heading\"><strong>Fazit<\/strong><\/h2>\n\n\n\n<p>Wie das Urteil des OLG Saarbr\u00fccken zeigt, sind T\u00fcr\u00f6ffner-F\u00e4lle nicht anhand einer pauschalen Formel, sondern nur einzelfallbezogen zu beurteilen. Wer in einen T\u00fcr\u00f6ffner-Fall verwickelt ist, sollte seine Rechte daher nicht leichtfertig aus der Hand geben, sondern die Kl\u00e4rung in erfahrene H\u00e4nde legen.<\/p>\n\n\n\n<p>Sprechen sie mit uns! Wir regeln das f\u00fcr Sie!<\/p>\n\n\n\n<h2 class=\"wp-block-heading\">FAQ<\/h2>\n\n\n\n\n\n<p><\/p>\n\n\n\n<p><\/p>\n\n\n\n<p><\/p>\n\n\n\n<h2 class=\"wp-block-heading\">Themenbezogene Links<\/h2>\n\n\n\n<p>Zum Urteil geht es <a href=\"https:\/\/recht.saarland.de\/bssl\/document\/JURE230044910\">hier<\/a>.<\/p>\n\n\n\n<p><a href=\"https:\/\/voigt-alte-seite.dgwip.de\/stichworte\/unfallschadenregulierung\/dooring\/\" target=\"_blank\" rel=\"noreferrer noopener\">Dooring<\/a><\/p>\n\n\n\n<p><a href=\"https:\/\/voigt-alte-seite.dgwip.de\/stichworte\/unfallschadenregulierung\/tueroeffner-fall\/\">T\u00fcr\u00f6ffner-Fall<\/a><\/p>\n\n\n\n<p><a href=\"https:\/\/voigt-alte-seite.dgwip.de\/aktuelles\/rad-und-autofahrer-im-taeglichen-miteinander-eine-geschichte-voller-missverstaendnisse\/\" target=\"_blank\" rel=\"noreferrer noopener\">Rad- und Autofahrer im t\u00e4glichen Miteinander<\/a><\/p>\n","protected":false},"excerpt":{"rendered":"<p>Beim Ein- und Aussteigen in oder aus einem Kraftfahrzeug kommt es immer wieder zu Verkehrsunf\u00e4llen. Und so wie auch wir an dieser Stelle bereits dar\u00fcber berichtet hatten, m\u00fcssen sich auch die Gerichte immer wieder mit sogenannten T\u00fcr\u00f6ffner-F\u00e4llen befassen.<\/p>\n","protected":false},"author":7,"featured_media":44055,"comment_status":"closed","ping_status":"closed","sticky":false,"template":"","format":"standard","meta":{"_acf_changed":false,"_seopress_robots_primary_cat":"none","_seopress_titles_title":"","_seopress_titles_desc":"","_seopress_robots_index":"","_relevanssi_hide_post":"","_relevanssi_hide_content":"","_relevanssi_pin_for_all":"","_relevanssi_pin_keywords":"","_relevanssi_unpin_keywords":"","_relevanssi_related_keywords":"","_relevanssi_related_include_ids":"","_relevanssi_related_exclude_ids":"","_relevanssi_related_no_append":"","_relevanssi_related_not_related":"","_relevanssi_related_posts":"28121,8397,8361,22893,9877,43806","_relevanssi_noindex_reason":"","_uag_custom_page_level_css":"","footnotes":""},"categories":[26],"tags":[75],"class_list":["post-44049","post","type-post","status-publish","format-standard","has-post-thumbnail","hentry","category-aktuelles","tag-kfz-recht"],"acf":[],"uagb_featured_image_src":{"full":["https:\/\/voigt-alte-seite.dgwip.de\/wp-content\/uploads\/2023\/04\/pexels-alan-quirvan-14541156.jpg",1200,800,false],"thumbnail":["https:\/\/voigt-alte-seite.dgwip.de\/wp-content\/uploads\/2023\/04\/pexels-alan-quirvan-14541156-150x150.jpg",150,150,true],"medium":["https:\/\/voigt-alte-seite.dgwip.de\/wp-content\/uploads\/2023\/04\/pexels-alan-quirvan-14541156-300x200.jpg",300,200,true],"medium_large":["https:\/\/voigt-alte-seite.dgwip.de\/wp-content\/uploads\/2023\/04\/pexels-alan-quirvan-14541156-768x512.jpg",768,512,true],"large":["https:\/\/voigt-alte-seite.dgwip.de\/wp-content\/uploads\/2023\/04\/pexels-alan-quirvan-14541156-1024x683.jpg",1024,683,true],"1536x1536":["https:\/\/voigt-alte-seite.dgwip.de\/wp-content\/uploads\/2023\/04\/pexels-alan-quirvan-14541156.jpg",1200,800,false],"2048x2048":["https:\/\/voigt-alte-seite.dgwip.de\/wp-content\/uploads\/2023\/04\/pexels-alan-quirvan-14541156.jpg",1200,800,false]},"uagb_author_info":{"display_name":"henning.hammer","author_link":"https:\/\/voigt-alte-seite.dgwip.de\/?author=7"},"uagb_comment_info":0,"uagb_excerpt":"Beim Ein- und Aussteigen in oder aus einem Kraftfahrzeug kommt es immer wieder zu Verkehrsunf\u00e4llen. Und so wie auch wir an dieser Stelle bereits dar\u00fcber berichtet hatten, m\u00fcssen sich auch die Gerichte immer wieder mit sogenannten T\u00fcr\u00f6ffner-F\u00e4llen befassen.","_links":{"self":[{"href":"https:\/\/voigt-alte-seite.dgwip.de\/index.php?rest_route=\/wp\/v2\/posts\/44049","targetHints":{"allow":["GET"]}}],"collection":[{"href":"https:\/\/voigt-alte-seite.dgwip.de\/index.php?rest_route=\/wp\/v2\/posts"}],"about":[{"href":"https:\/\/voigt-alte-seite.dgwip.de\/index.php?rest_route=\/wp\/v2\/types\/post"}],"author":[{"embeddable":true,"href":"https:\/\/voigt-alte-seite.dgwip.de\/index.php?rest_route=\/wp\/v2\/users\/7"}],"replies":[{"embeddable":true,"href":"https:\/\/voigt-alte-seite.dgwip.de\/index.php?rest_route=%2Fwp%2Fv2%2Fcomments&post=44049"}],"version-history":[{"count":10,"href":"https:\/\/voigt-alte-seite.dgwip.de\/index.php?rest_route=\/wp\/v2\/posts\/44049\/revisions"}],"predecessor-version":[{"id":47005,"href":"https:\/\/voigt-alte-seite.dgwip.de\/index.php?rest_route=\/wp\/v2\/posts\/44049\/revisions\/47005"}],"wp:featuredmedia":[{"embeddable":true,"href":"https:\/\/voigt-alte-seite.dgwip.de\/index.php?rest_route=\/wp\/v2\/media\/44055"}],"wp:attachment":[{"href":"https:\/\/voigt-alte-seite.dgwip.de\/index.php?rest_route=%2Fwp%2Fv2%2Fmedia&parent=44049"}],"wp:term":[{"taxonomy":"category","embeddable":true,"href":"https:\/\/voigt-alte-seite.dgwip.de\/index.php?rest_route=%2Fwp%2Fv2%2Fcategories&post=44049"},{"taxonomy":"post_tag","embeddable":true,"href":"https:\/\/voigt-alte-seite.dgwip.de\/index.php?rest_route=%2Fwp%2Fv2%2Ftags&post=44049"}],"curies":[{"name":"wp","href":"https:\/\/api.w.org\/{rel}","templated":true}]}}