{"id":44586,"date":"2023-06-23T06:30:00","date_gmt":"2023-06-23T04:30:00","guid":{"rendered":"https:\/\/voigt-alte-seite.dgwip.de\/?p=44586"},"modified":"2023-07-12T08:50:12","modified_gmt":"2023-07-12T06:50:12","slug":"matt-oder-glaenzend-welcher-grauton-darf-es-sein","status":"publish","type":"post","link":"https:\/\/voigt-alte-seite.dgwip.de\/?p=44586","title":{"rendered":"Matt oder gl\u00e4nzend? Welcher Grauton darf es sein?"},"content":{"rendered":"\n<p>Eigentlich k\u00f6nnte jetzt alles ganz normal ablaufen; eigentlich. Denn das eigene Auto ist nicht in einem Standardfarbton, sondern matt lackiert. Zun\u00e4chst l\u00e4uft auch alles ganz normal. Das Fahrzeug wird bei einem etablierten Sachverst\u00e4ndigen vorgef\u00fchrt, dieser begutachtet den Schaden und gibt den Reparaturweg zu Beseitigung des Schadens vor, den die beauftragte Werkstatt dann auch einh\u00e4lt.<\/p>\n\n\n\n<p>Aber obgleich die Werkstatt die Vorgaben des Gutachtens minuti\u00f6s befolgt und das Fahrzeug einwandfrei wiederinstandgesetzt hat, will der Versicherer des Sch\u00e4digers weder die Reparaturrechnung vollst\u00e4ndig bezahlen noch die Wertminderung anerkennen. Am Ende bleibt daher nur noch die Klage!<\/p>\n\n\n\n<h2 class=\"wp-block-heading\"><strong>Weshalb wollte der Versicherer nicht zahlen?<\/strong><\/h2>\n\n\n\n<p>In dem entschiedenen Sachverhalt hatte der Sachverst\u00e4ndige die Lackierung der gesamten Fahrzeugseite f\u00fcr erforderlich, der Versicherer aber den Schadenaufwand f\u00fcr \u00fcberh\u00f6ht gehalten. Auf den ersten Blick kann das sogar plausibel erscheinen. Warum sollte auch wegen eines kleinen Kratzers gleich die ganze Seite lackiert werden? Zudem lassen sich Farbabweichungen ja auch mit einer guten Beilackierung angleichen.<\/p>\n\n\n\n<p>M\u00f6glicherweise hatte der Versicherer \u2013 im Gegensatz zum Sachverst\u00e4ndigen \u2013 aber \u00fcbersehen, dass es hier nicht nur um den Farbton, sondern auch um den Mattgrad grad ging, der sich nicht \u2013 im Gegensatz zum Glanzgrad \u2013 durch Polieren zwar \u00e4ndern aber eben nicht anpassen l\u00e4sst.<\/p>\n\n\n\n<h2 class=\"wp-block-heading\"><strong>Lack ist ein komplexes Thema<\/strong>!<\/h2>\n\n\n\n<p>Angesichts der Komplexit\u00e4t des Themas, waren die Ausf\u00fchrungen des Sachverst\u00e4ndigen entsprechend ausf\u00fchrlich.<\/p>\n\n\n\n<p>W\u00f6rtlich hei\u00dft es in dem Urteil: <em>\u201eBei der Lackierung handele es sich um einen matten 2-Schicht-Unilack.Die Mattheit werde durch den obersten farbigen Decklack oder die Klarlackschicht erzeugt. Die Besonderheit der matten Lackierung sei, dass solche Lacke nicht poliert werden k\u00f6nnen, weil dann die Oberfl\u00e4chenstruktur zerst\u00f6rt werde und der Lack gl\u00e4nzend werde. Daher sei es nicht m\u00f6glich, nach einer Lackierung den Glanz- bzw. Mattgrad der Bauteile zueinander final anzupassen. Sollte nach einer erfolgten Lackierung festgestellt werden, dass sich ein Farbtonunterschied zu einem angrenzenden Bauteil ergebe, m\u00fcsse eine erneute Lackierung erfolgen. Zudem seien graue Farben an sich bereits anf\u00e4lliger f\u00fcr optisch erkennbare Farbtonabweichungen. Aus der Erfahrung heraus und nach R\u00fccksprache mit verschiedenen Lackierbetrieben sei zu sagen, dass eine einwandfreie Lackierung nur bei Lackierung der gesamten Flanke verl\u00e4sslich erzielbar sei. Alternativ k\u00f6nnte der Lackierer mit vorher anzufertigenden Musterblechen versuchen, den vorliegenden Mattgrad zu erreichen, was aber aufgrund des Risikos, dass dies nicht gelinge, mit nicht zu erwartenden Kosten einhergehe. Daher sei eine hinreichende Reparatur mit eindeutiger Bezifferung der Kosten nur durch eine vollst\u00e4ndige Lackierung der Flanke erreichbar.\u201c<\/em><\/p>\n\n\n\n<p>F\u00fcr das Gericht war dies nicht nur nachvollziehbar, sondern auch \u00fcberzeugend, weshalb es den Versicherer zur Bezahlung der restlichen Lackier\u00ad- sowie der durch die Demontage von Front- und Hecksto\u00dff\u00e4nger verursachten Kosten verurteilte.<\/p>\n\n\n\n<h2 class=\"wp-block-heading\"><strong>Fazit<\/strong><\/h2>\n\n\n\n<p>Die Entscheidung des AG Steinfurt belegt drei Dinge:<\/p>\n\n\n\n<ol class=\"wp-block-list\" type=\"1\">\n<li>Die Instandsetzung von Unfallsch\u00e4den ist ein komplexes Thema.<\/li>\n\n\n\n<li>Weigert sich ein Versicherer den Schaden vollst\u00e4ndig zu ersetzen, ist dies zu hinterfragen.<\/li>\n\n\n\n<li><em>\u201eAuch bei einfachen Verkehrsunfallsachen ist die Einschaltung eines Rechtsanwalts von vornherein als erforderlich anzusehen. Gerade die immer un\u00fcberschaubarere Entwicklung der Schadenspositionen und der Rechtsprechung zu den Mietwagenkosten, Stundenverrechnungss\u00e4tzen u.\u00e4. l\u00e4sst es geradezu als fahrl\u00e4ssig erscheinen, einen Schaden ohne Einschaltung eines Rechtsanwalts abzuwickeln.\u201c<\/em> (OLG Frankfurt a.M. v. 01.12.2014, Az.: 22 U 171\/13).<\/li>\n<\/ol>\n\n\n\n<p><strong>Sprechen Sie mit uns! Wir regeln das f\u00fcr Sie!<\/strong><\/p>\n\n\n\n<h2 class=\"wp-block-heading\"><strong>FAQ<\/strong><\/h2>\n\n\n<div class=\"wp-block-uagb-faq uagb-faq__outer-wrap uagb-block-862b989a uagb-faq-icon-row uagb-faq-layout-accordion uagb-faq-expand-first-true uagb-faq-inactive-other-true uagb-faq__wrap uagb-buttons-layout-wrap uagb-faq-equal-height     \" data-faqtoggle=\"true\" role=\"tablist\"><div class=\"wp-block-uagb-faq-child uagb-faq-child__outer-wrap uagb-faq-item uagb-block-84c05ab1 \" role=\"tab\" tabindex=\"0\"><div class=\"uagb-faq-questions-button uagb-faq-questions\">\t\t\t<span class=\"uagb-icon uagb-faq-icon-wrap\">\n\t\t\t\t\t\t\t\t<svg xmlns=\"https:\/\/www.w3.org\/2000\/svg\" viewBox= \"0 0 448 512\"><path d=\"M432 256c0 17.69-14.33 32.01-32 32.01H256v144c0 17.69-14.33 31.99-32 31.99s-32-14.3-32-31.99v-144H48c-17.67 0-32-14.32-32-32.01s14.33-31.99 32-31.99H192v-144c0-17.69 14.33-32.01 32-32.01s32 14.32 32 32.01v144h144C417.7 224 432 238.3 432 256z\"><\/path><\/svg>\n\t\t\t\t\t\t\t<\/span>\n\t\t\t\t\t\t<span class=\"uagb-icon-active uagb-faq-icon-wrap\">\n\t\t\t\t\t\t\t\t<svg xmlns=\"https:\/\/www.w3.org\/2000\/svg\" viewBox= \"0 0 448 512\"><path d=\"M400 288h-352c-17.69 0-32-14.32-32-32.01s14.31-31.99 32-31.99h352c17.69 0 32 14.3 32 31.99S417.7 288 400 288z\"><\/path><\/svg>\n\t\t\t\t\t\t\t<\/span>\n\t\t\t<span class=\"uagb-question\">M\u00fcssen Versicherer die Beilackierung bezahlen?<\/span><\/div><div class=\"uagb-faq-content\"><p>Die Beilackierung findet ihre Berechtigung in<a rel=\"noreferrer noopener\" href=\"https:\/\/www.gesetze-im-internet.de\/bgb\/__249.html\" target=\"_blank\">\u00a0\u00a7 249 BGB<\/a>. Danach hat der ein Sch\u00e4diger den Zustand wiederherzustellen, der bestehen w\u00fcrde, wenn der zum Ersatz verpflichtende Umstand nicht eingetreten w\u00e4re. Von daher ist eigentlich alles ganz einfach.\u00a0<br><br>Die Kosten f\u00fcr die Beilackierung sind daher erstattungsf\u00e4hig, wenn sie \u00fcblicherweise anfallen. Insbesondere bei \u00e4lteren Fahrzeugen ist der Reparaturlack nahezu nie mit dem Serienlack identisch. Farbdifferenzen mit den angrenzenden Fl\u00e4chen sind damit quasi vorprogrammiert.<br><br>Ausf\u00fchrlich dazu: <a href=\"https:\/\/voigt-alte-seite.dgwip.de\/stichworte\/unfallschadenregulierung\/beilackierung\/\">Beilackierung<\/a>; <a href=\"https:\/\/voigt-alte-seite.dgwip.de\/aktuelles\/ist-die-beilackierung-notwendig\/\">Ist eine Beilackierung notwendig?<\/a><br><\/p><\/div><\/div><\/div>","protected":false},"excerpt":{"rendered":"<p>Der Einkauf ist erledigt, die Sachen sind im Kofferraum verstaut und eigentlich k\u00f6nnte das Wochenende beginnen. Zu allem \u00dcberfluss stellt man beim Einsteigen fest, dass ein Mitb\u00fcrger mit seiner T\u00fcr gegen das eigene Fahrzeug gesto\u00dfen sein muss, was einen kleinen aber deutlich sichtbaren Schaden hinterlassen hat. Gl\u00fccklicherweise ist der Schadensverursacher aber nicht einfach abgehauen, sondern hat einen kleinen Zettel hinter dem Scheibenwischer hinterlassen und, wie sich sp\u00e4ter herausstellt, den Schaden bereits bei seinem Versicherer gemeldet.<\/p>\n","protected":false},"author":7,"featured_media":44594,"comment_status":"closed","ping_status":"closed","sticky":false,"template":"","format":"standard","meta":{"_acf_changed":false,"_seopress_robots_primary_cat":"none","_seopress_titles_title":"","_seopress_titles_desc":"","_seopress_robots_index":"","_relevanssi_hide_post":"","_relevanssi_hide_content":"","_relevanssi_pin_for_all":"","_relevanssi_pin_keywords":"","_relevanssi_unpin_keywords":"","_relevanssi_related_keywords":"","_relevanssi_related_include_ids":"","_relevanssi_related_exclude_ids":"","_relevanssi_related_no_append":"","_relevanssi_related_not_related":"","_relevanssi_related_posts":"10299,36193,9399,8467,9263,8697","_relevanssi_noindex_reason":"","_uag_custom_page_level_css":"","footnotes":""},"categories":[26,1311],"tags":[798,356],"class_list":["post-44586","post","type-post","status-publish","format-standard","has-post-thumbnail","hentry","category-aktuelles","category-rechtsprechung","tag-beilackierung","tag-unfallschadenregulierung"],"acf":[],"uagb_featured_image_src":{"full":["https:\/\/voigt-alte-seite.dgwip.de\/wp-content\/uploads\/2023\/06\/coupe-1374450_1280.jpg",1280,720,false],"thumbnail":["https:\/\/voigt-alte-seite.dgwip.de\/wp-content\/uploads\/2023\/06\/coupe-1374450_1280-150x150.jpg",150,150,true],"medium":["https:\/\/voigt-alte-seite.dgwip.de\/wp-content\/uploads\/2023\/06\/coupe-1374450_1280-300x169.jpg",300,169,true],"medium_large":["https:\/\/voigt-alte-seite.dgwip.de\/wp-content\/uploads\/2023\/06\/coupe-1374450_1280-768x432.jpg",768,432,true],"large":["https:\/\/voigt-alte-seite.dgwip.de\/wp-content\/uploads\/2023\/06\/coupe-1374450_1280-1024x576.jpg",1024,576,true],"1536x1536":["https:\/\/voigt-alte-seite.dgwip.de\/wp-content\/uploads\/2023\/06\/coupe-1374450_1280.jpg",1280,720,false],"2048x2048":["https:\/\/voigt-alte-seite.dgwip.de\/wp-content\/uploads\/2023\/06\/coupe-1374450_1280.jpg",1280,720,false]},"uagb_author_info":{"display_name":"henning.hammer","author_link":"https:\/\/voigt-alte-seite.dgwip.de\/?author=7"},"uagb_comment_info":0,"uagb_excerpt":"Der Einkauf ist erledigt, die Sachen sind im Kofferraum verstaut und eigentlich k\u00f6nnte das Wochenende beginnen. Zu allem \u00dcberfluss stellt man beim Einsteigen fest, dass ein Mitb\u00fcrger mit seiner T\u00fcr gegen das eigene Fahrzeug gesto\u00dfen sein muss, was einen kleinen aber deutlich sichtbaren Schaden hinterlassen hat. Gl\u00fccklicherweise ist der Schadensverursacher aber nicht einfach abgehauen, sondern&hellip;","_links":{"self":[{"href":"https:\/\/voigt-alte-seite.dgwip.de\/index.php?rest_route=\/wp\/v2\/posts\/44586","targetHints":{"allow":["GET"]}}],"collection":[{"href":"https:\/\/voigt-alte-seite.dgwip.de\/index.php?rest_route=\/wp\/v2\/posts"}],"about":[{"href":"https:\/\/voigt-alte-seite.dgwip.de\/index.php?rest_route=\/wp\/v2\/types\/post"}],"author":[{"embeddable":true,"href":"https:\/\/voigt-alte-seite.dgwip.de\/index.php?rest_route=\/wp\/v2\/users\/7"}],"replies":[{"embeddable":true,"href":"https:\/\/voigt-alte-seite.dgwip.de\/index.php?rest_route=%2Fwp%2Fv2%2Fcomments&post=44586"}],"version-history":[{"count":11,"href":"https:\/\/voigt-alte-seite.dgwip.de\/index.php?rest_route=\/wp\/v2\/posts\/44586\/revisions"}],"predecessor-version":[{"id":45009,"href":"https:\/\/voigt-alte-seite.dgwip.de\/index.php?rest_route=\/wp\/v2\/posts\/44586\/revisions\/45009"}],"wp:featuredmedia":[{"embeddable":true,"href":"https:\/\/voigt-alte-seite.dgwip.de\/index.php?rest_route=\/wp\/v2\/media\/44594"}],"wp:attachment":[{"href":"https:\/\/voigt-alte-seite.dgwip.de\/index.php?rest_route=%2Fwp%2Fv2%2Fmedia&parent=44586"}],"wp:term":[{"taxonomy":"category","embeddable":true,"href":"https:\/\/voigt-alte-seite.dgwip.de\/index.php?rest_route=%2Fwp%2Fv2%2Fcategories&post=44586"},{"taxonomy":"post_tag","embeddable":true,"href":"https:\/\/voigt-alte-seite.dgwip.de\/index.php?rest_route=%2Fwp%2Fv2%2Ftags&post=44586"}],"curies":[{"name":"wp","href":"https:\/\/api.w.org\/{rel}","templated":true}]}}