{"id":45037,"date":"2023-07-26T06:30:00","date_gmt":"2023-07-26T04:30:00","guid":{"rendered":"https:\/\/voigt-alte-seite.dgwip.de\/?p=45037"},"modified":"2023-08-02T14:11:19","modified_gmt":"2023-08-02T12:11:19","slug":"profi-privatperson-oder-den-ganzen-fuhrpark-die-fahrtenbuchauflage-kann-jeden-treffen","status":"publish","type":"post","link":"https:\/\/voigt-alte-seite.dgwip.de\/?p=45037","title":{"rendered":"Egal ob Privatperson oder Fuhrpark &#8211; die Fahrtenbuchauflage droht jedem! \u00a0"},"content":{"rendered":"\n<p><\/p>\n\n\n\n<h2 class=\"wp-block-heading\"><strong>Fuhrparkleiter tragen viel Verantwortung!<\/strong><\/h2>\n\n\n\n<p>Flotten- oder Fuhrparkverantwortliche m\u00fcssen nicht nur die Fahrzeuge und Fahrerlaubnisse \u00fcberwachen (lassen), sondern sich auch mit etwaigen Verst\u00f6\u00dfen der Fahrer auseinanderzusetzen<\/p>\n\n\n\n<p>In Bu\u00dfgeldverfahren betrifft dies z.B. die Weiterleitung von Zeugenfrageb\u00f6gen oder die Benennung des verantwortlichen Fahrers gegen\u00fcber der Beh\u00f6rde. Denn auf datenschutzrechtliche Aspekte kann und sollte sich ein Fuhrparkleiter nicht berufen. Abgesehen davon, dass dies nicht hilft, w\u00e4re selbst die Einstellung des Verfahrenes lediglich ein Scheinsieg.<\/p>\n\n\n\n<h2 class=\"wp-block-heading\"><strong>\u00a7 31a StVZO macht es nicht leichter!<\/strong><\/h2>\n\n\n\n<p>Denn nach<a href=\"https:\/\/www.gesetze-im-internet.de\/stvzo_2012\/__31a.html\" target=\"_blank\" rel=\"noreferrer noopener\"> \u00a7 31a StVZO<\/a> kann die zust\u00e4ndige Beh\u00f6rde gegen\u00fcber einem Fahrzeughalter eine Fahrtenbuchauflage anordnen, wenn die Feststellung des Fahrzeugf\u00fchrers nach einem Versto\u00df gegen Verkehrsvorschriften nicht m\u00f6glich war. Im Wiederholungsfall wird sie das auch tun und im Zweifel gleich f\u00fcr die ganze Flotte.<\/p>\n\n\n\n<h2 class=\"wp-block-heading\"><strong>Einschl\u00e4gige Urteile<\/strong><\/h2>\n\n\n\n<p>Allerdings muss sich auch eine Beh\u00f6rde an bestimmte Regeln halten. Denn abgesehen davon, dass Fahrtenbuchauflagen regelm\u00e4\u00dfig massiven Aufwand nach sich ziehen, bewegen sich eben auch Bu\u00dfgeldbeh\u00f6rden nicht im rechtsfreien Raum. Es ist daher nur folgerichtig, wenn die herrschende Rechtsprechung sie dazu verpflichtet, zuvor selbst Nachforschungen anzustrengen.<\/p>\n\n\n\n<p>Ein Urteil des OVG M\u00fcnster vom 31.05.2023 (<a href=\"http:\/\/www.justiz.nrw.de\/nrwe\/ovgs\/ovg_nrw\/j2023\/8_A_2361_22_Urteil_20230531.html\" target=\"_blank\" rel=\"noreferrer noopener\">Az. 8 A 2361\/22<\/a>), das die in der ersten Instanz verh\u00e4ngte Fahrtenbuchauflage aufhob, ist hierf\u00fcr ein sch\u00f6nes Beispiel \u2013 zumindest f\u00fcr privat genutzte Fahrzeuge.<\/p>\n\n\n\n<p><strong>W\u00f6rtlich hei\u00dft es in dem Urteil:<\/strong><\/p>\n\n\n\n<p><em>\u201eEine Fahrtenbuchauflage f\u00fcr den Fahrzeughalter kommt nur dann in Betracht, wenn die T\u00e4terfeststellung nach einem Verkehrsversto\u00df unm\u00f6glich oder unzumutbar ist. Hiervon sei nicht auszugehen, wenn die Umst\u00e4nde daf\u00fcr sprechen, dass ein am selben Wohnsitz lebendes Familienmitglied als T\u00e4ter in Frage kommt. Die Beh\u00f6rde h\u00e4tte naheliegenden und wenig aufwendigen Ermittlungsans\u00e4tzen nachgehen m\u00fcssen.\u201c<\/em><\/p>\n\n\n\n<p>Die Entscheidung schlie\u00dft sich insoweit nahtlos an einen Beschluss vom Vortag (<a href=\"http:\/\/www.justiz.nrw.de\/nrwe\/ovgs\/ovg_nrw\/j2023\/8_A_464_23_Beschluss_20230530.html\">Az. 8 A 464\/23<\/a>) an, in dem es hei\u00dft: &nbsp;<\/p>\n\n\n\n<p><em>\u201eSoll eine Fahrtenbuchauflage nach 31a Abs. 1 StVZO angeordnet werden, nachdem der Fahrzeugf\u00fchrer nicht identifiziert werden konnte, darf der ausgebliebene Ermittlungserfolg jedenfalls nicht ma\u00dfgeblich auf ein Ermittlungsdefizit der zust\u00e4ndigen Beh\u00f6rde zur\u00fcckzuf\u00fchren sein.\u201c<\/em><\/p>\n\n\n\n<p>Interessant ist in diesem Zusammenhang die Feststellung, wonach es keine Voraussetzung f\u00fcr die Anordnung einer Fahrtenbuchauflage sein soll, <em>\u201edass die Unm\u00f6glichkeit der Feststellung des Fahrers auf einer fehlenden Mitwirkung des Fahrzeughalters beruht oder der Halter seine Mitwirkungsobliegenheiten schuldhaft nicht erf\u00fcllt hat oder die Unm\u00f6glichkeit der Feststellung des Fahrzeugf\u00fchrers sonst zu vertreten hat\u201c<\/em> (s.a. OVG SH, Urt. v. 08.12.2022, <a href=\"https:\/\/www.gesetze-rechtsprechung.sh.juris.de\/bssh\/document\/MWRE230008458\">Az. 5 LB 17\/22<\/a>).<\/p>\n\n\n\n<p>So weit so gut; zumindest f\u00fcr private Fahrzeughalter. Bei Fuhrparkfahrzeugen kann das ganz anders aussehen, wie eine Entscheidung des OVG Saarland<strong> <\/strong>zeigt. Mit Beschluss vom 19.04.2023 (Aktenzeichen 1 B 25\/24)<strong> <\/strong>hatte dies die Verh\u00e4ngung einer Fahrtenbuchauflage f\u00fcr den gesamten Fuhrpark (!) best\u00e4tigt.<\/p>\n\n\n\n<p>\u00c4rgerlich war dies nicht nur deshalb, weil es einen erheblichen Mehraufwand nach sich zog, sondern mit einer taktisch sinnvollen Vorgehensweise wahrscheinlich auch h\u00e4tte verhindert werden k\u00f6nnen.<\/p>\n\n\n\n<p>Jedenfalls sprach <em>\u201eAngesichts der seit Jahren fehlenden Mitwirkungsbereitschaft der Antragstellerin \u2026 zun\u00e4chst nichts daf\u00fcr, aus dem Umstand einer dreimaligen Offenlegung des verantwortlichen Fahrers, die sich zeitlich unmittelbar an die Anh\u00f6rung vom 14.2.2022 angeschlossen hat und insoweit ersichtlich dem Druck des Verfahrens geschuldet war, verl\u00e4sslich auf einen dauerhaften Einstellungswandel zu schlie\u00dfen, und die Erstreckung der Fahrtenbuchauflage auf den gesamten Fuhrpark aus diesem Grund als unverh\u00e4ltnism\u00e4\u00dfig zu erachten. Unter den gegebenen Umst\u00e4nden ist ebenso wenig zu beanstanden, dass der Antragsgegner die sofortige Vollziehung angeordnet und an dieser festgehalten hat. Die Anordnung der sofortigen Vollziehung einer Fahrtenbuchauflage ist zul\u00e4ssig, um wirksam zu verhindern, dass mit dem Fahrzeug weiterhin gegen Verkehrsvorschriften versto\u00dfen wird, ohne dass der Fahrzeugf\u00fchrer erfasst werden kann.\u201c<\/em><\/p>\n\n\n\n<h2 class=\"wp-block-heading\"><strong>Was steht in \u00a7 31a StVZO?<\/strong><\/h2>\n\n\n\n<p>Aktuelle Rechtslage zu <a href=\"https:\/\/www.gesetze-im-internet.de\/stvzo_2012\/__31a.html\" target=\"_blank\" rel=\"noreferrer noopener\">\u00a7 31a StVZO<\/a>:<\/p>\n\n\n\n<ul class=\"wp-block-list\">\n<li>eine Zuwiderhandlung reicht aus<\/li>\n\n\n\n<li>die Zuwiderhandlung muss von einigem Gewicht gewesen sein (punktebew\u00e4hrt reicht)<\/li>\n\n\n\n<li>der Versto\u00df muss in tats\u00e4chlicher Hinsicht feststehen<\/li>\n\n\n\n<li>die Feststellung eines Fahrzeugf\u00fchrers war nicht m\u00f6glich<\/li>\n<\/ul>\n\n\n\n<p>Das ist in der Regel der Fall, wenn die Beh\u00f6rde nach den Umst\u00e4nden des Einzelfalls nicht in der Lage war, den T\u00e4ter zu ermitteln, obwohl sie alle angemessenen und zumutbaren Ma\u00dfnahmen ergriffen hat.<\/p>\n\n\n\n<p>Seit der am 09.11.2021 in Kraft getretenen Bu\u00dfgeldreform drohen auch f\u00fcr bestimmte Parkverst\u00f6\u00dfe Punkte. Verst\u00f6\u00dfe im ruhenden Verkehr sollten daher zwingend im Auge behalten werden. Es k\u00f6nnte sonst auch hier eine Fahrtenbuchauflage drohen. Wie die Rechtsprechung damit umgeht, bleibt allerdings noch abzuwarten.<\/p>\n\n\n\n<h2 class=\"wp-block-heading\"><strong>Praxishinweis<\/strong><\/h2>\n\n\n\n<p>Bei Firmenfahrzeugen sollte jeder Fuhrpark &#8211; schon unter Compliancegesichtspunkten &#8211; sein \u201eKn\u00f6llchenmanagement\u201c so organisiert haben, dass Fahrtenbuchauflagen bereits im Ansatz verhindert werden.<\/p>\n\n\n\n<p>Eine M\u00f6glichkeit ist die Aufnahme einer Klausel im Dienstwagen\u00fcberlassungsvertrag, die Arbeitnehmer\/ die Arbeitnehmerin im Rahmen einer beh\u00f6rdlichen Verfolgung nach \u00dcberlassung des Kraftfahrzeuges an Dritte dazu verpflichtet, dem Arbeitgeber Name und Anschrift des tats\u00e4chlichen Fahrers \/ der tats\u00e4chlichen Fahrerin unverz\u00fcglich mitzuteilen, damit die entsprechenden Daten an die Beh\u00f6rde weitergegeben werden k\u00f6nnen. Datenschutzrechtliche Bedenken bestehen wegen des \u00fcberwiegenden Interesses nicht.<\/p>\n\n\n\n<p>Bei Privatfahrzeugen kann eine Fahrtenbuchauflage \u00fcbrigens selbst dann verh\u00e4ngt werden, wenn ein Zeugnisverweigerungsrecht besteht.<\/p>\n\n\n\n<p><strong>Ausblick:<\/strong><\/p>\n\n\n\n<p>Es ist f\u00fcr Fuhrparks wichtiger denn je, ein wirksames Kn\u00f6llchenmanagement zu etablieren. Die Arbeitskreise VI und VII des Verkehrsgerichtstages Goslar fordern n\u00e4mlich eine \u00c4nderung des <a href=\"https:\/\/www.gesetze-im-internet.de\/stvzo_2012\/__31a.html\" target=\"_blank\" rel=\"noreferrer noopener\">\u00a7 31a StVZO<\/a>. Damit k\u00f6nnte eine bu\u00dfgeldbew\u00e4hrte Fahrerbenennungspflicht und eine Versch\u00e4rfung der Fahrtenbuchauflage einhergehen.<\/p>\n\n\n\n<h2 class=\"wp-block-heading\">FAQ<\/h2>\n\n\n\n<p>Gibt es &#8220;Mengenrabatte&#8221; bei gro\u00dfen Flotten?<\/p>\n\n\n\n<p>Auf &#8220;Mengenrabatte&#8221; oder Nachsicht sollte man auch bei gro\u00dfen Flotten nicht hoffen. Die Gerichte stufen Fahrtenbuchauflagen &#8211; auch bei gro\u00dfen Unternehmen &#8211; als eher geringf\u00fcgigen Eingriff ein. Sie begr\u00fcnden dies damit, dass dem Unternehmen hiermit keine zeitintensiven zus\u00e4tzlichen Pflichten auferlegt w\u00fcrden. Es entspreche ohnehin sachgerechtem kaufm\u00e4nnischen Verhalten, auch Gesch\u00e4ftsfahrten l\u00e4ngerfristig zu dokumentieren (OVG Bautzen. Beschl. v. 28.06.2023, <a rel=\"noreferrer noopener\" href=\"https:\/\/www.justiz.sachsen.de\/ovgentschweb\/document.phtml?id=7034\" target=\"_blank\">Az. 6 B 64\/23<\/a>).<\/p>\n\n\n\n<p><strong>Stichwort:<\/strong> <a href=\"https:\/\/voigt-alte-seite.dgwip.de\/stichworte\/ordnungswidrigkeitenrecht\/fahrtenbuch-fahrtenbuchauflage\/\">Fahrtenbuch \/ Fahrtenbuchauflage<\/a><\/p>\n","protected":false},"excerpt":{"rendered":"<p>Mit Kraftfahrzeugen darf nur am \u00f6ffentlichen Stra\u00dfenverkehr teilgenommen werden, wenn sowohl der Fahrer als auch das Fahrzeug die daf\u00fcr erforderliche Eignung aufweisen und regelkonform sind. Bei Fahrzeugen betrifft das insbesondere die HU-Plakette, beim Fahrer die Fahrerlaubnis. Bei gewerblich eingesetzten Fahrzeugen kommen ggf. noch die eine oder andere \u00dcberpr\u00fcfung und Plakette dazu. Keinesfalls sollten Verst\u00f6\u00dfe bagatellisiert werden. Schlie\u00dflich droht eine Fahrtenbuchauflage!<\/p>\n","protected":false},"author":7,"featured_media":45040,"comment_status":"closed","ping_status":"closed","sticky":false,"template":"","format":"standard","meta":{"_acf_changed":false,"_seopress_robots_primary_cat":"none","_seopress_titles_title":"","_seopress_titles_desc":"","_seopress_robots_index":"","_relevanssi_hide_post":"","_relevanssi_hide_content":"","_relevanssi_pin_for_all":"","_relevanssi_pin_keywords":"","_relevanssi_unpin_keywords":"","_relevanssi_related_keywords":"","_relevanssi_related_include_ids":"","_relevanssi_related_exclude_ids":"","_relevanssi_related_no_append":"","_relevanssi_related_not_related":"","_relevanssi_related_posts":"32313,44620,10471,9275,9949,7223","_relevanssi_noindex_reason":"","_uag_custom_page_level_css":"","footnotes":""},"categories":[1299],"tags":[189,1354],"class_list":["post-45037","post","type-post","status-publish","format-standard","has-post-thumbnail","hentry","category-rechtstipps","tag-fahrtenbuch","tag-flotte-fuhrpark"],"acf":[],"uagb_featured_image_src":{"full":["https:\/\/voigt-alte-seite.dgwip.de\/wp-content\/uploads\/2023\/07\/planning-gc99a3c978_1280.jpg",1280,853,false],"thumbnail":["https:\/\/voigt-alte-seite.dgwip.de\/wp-content\/uploads\/2023\/07\/planning-gc99a3c978_1280-150x150.jpg",150,150,true],"medium":["https:\/\/voigt-alte-seite.dgwip.de\/wp-content\/uploads\/2023\/07\/planning-gc99a3c978_1280-300x200.jpg",300,200,true],"medium_large":["https:\/\/voigt-alte-seite.dgwip.de\/wp-content\/uploads\/2023\/07\/planning-gc99a3c978_1280-768x512.jpg",768,512,true],"large":["https:\/\/voigt-alte-seite.dgwip.de\/wp-content\/uploads\/2023\/07\/planning-gc99a3c978_1280-1024x682.jpg",1024,682,true],"1536x1536":["https:\/\/voigt-alte-seite.dgwip.de\/wp-content\/uploads\/2023\/07\/planning-gc99a3c978_1280.jpg",1280,853,false],"2048x2048":["https:\/\/voigt-alte-seite.dgwip.de\/wp-content\/uploads\/2023\/07\/planning-gc99a3c978_1280.jpg",1280,853,false]},"uagb_author_info":{"display_name":"henning.hammer","author_link":"https:\/\/voigt-alte-seite.dgwip.de\/?author=7"},"uagb_comment_info":0,"uagb_excerpt":"Mit Kraftfahrzeugen darf nur am \u00f6ffentlichen Stra\u00dfenverkehr teilgenommen werden, wenn sowohl der Fahrer als auch das Fahrzeug die daf\u00fcr erforderliche Eignung aufweisen und regelkonform sind. Bei Fahrzeugen betrifft das insbesondere die HU-Plakette, beim Fahrer die Fahrerlaubnis. Bei gewerblich eingesetzten Fahrzeugen kommen ggf. noch die eine oder andere \u00dcberpr\u00fcfung und Plakette dazu. Keinesfalls sollten Verst\u00f6\u00dfe bagatellisiert&hellip;","_links":{"self":[{"href":"https:\/\/voigt-alte-seite.dgwip.de\/index.php?rest_route=\/wp\/v2\/posts\/45037","targetHints":{"allow":["GET"]}}],"collection":[{"href":"https:\/\/voigt-alte-seite.dgwip.de\/index.php?rest_route=\/wp\/v2\/posts"}],"about":[{"href":"https:\/\/voigt-alte-seite.dgwip.de\/index.php?rest_route=\/wp\/v2\/types\/post"}],"author":[{"embeddable":true,"href":"https:\/\/voigt-alte-seite.dgwip.de\/index.php?rest_route=\/wp\/v2\/users\/7"}],"replies":[{"embeddable":true,"href":"https:\/\/voigt-alte-seite.dgwip.de\/index.php?rest_route=%2Fwp%2Fv2%2Fcomments&post=45037"}],"version-history":[{"count":16,"href":"https:\/\/voigt-alte-seite.dgwip.de\/index.php?rest_route=\/wp\/v2\/posts\/45037\/revisions"}],"predecessor-version":[{"id":45517,"href":"https:\/\/voigt-alte-seite.dgwip.de\/index.php?rest_route=\/wp\/v2\/posts\/45037\/revisions\/45517"}],"wp:featuredmedia":[{"embeddable":true,"href":"https:\/\/voigt-alte-seite.dgwip.de\/index.php?rest_route=\/wp\/v2\/media\/45040"}],"wp:attachment":[{"href":"https:\/\/voigt-alte-seite.dgwip.de\/index.php?rest_route=%2Fwp%2Fv2%2Fmedia&parent=45037"}],"wp:term":[{"taxonomy":"category","embeddable":true,"href":"https:\/\/voigt-alte-seite.dgwip.de\/index.php?rest_route=%2Fwp%2Fv2%2Fcategories&post=45037"},{"taxonomy":"post_tag","embeddable":true,"href":"https:\/\/voigt-alte-seite.dgwip.de\/index.php?rest_route=%2Fwp%2Fv2%2Ftags&post=45037"}],"curies":[{"name":"wp","href":"https:\/\/api.w.org\/{rel}","templated":true}]}}