{"id":45799,"date":"2023-09-05T06:30:00","date_gmt":"2023-09-05T04:30:00","guid":{"rendered":"https:\/\/voigt-alte-seite.dgwip.de\/?p=45799"},"modified":"2023-09-04T16:28:32","modified_gmt":"2023-09-04T14:28:32","slug":"truegt-der-fuehrerschein","status":"publish","type":"post","link":"https:\/\/voigt-alte-seite.dgwip.de\/?p=45799","title":{"rendered":"Tr\u00fcgt der (F\u00fchrer)schein?"},"content":{"rendered":"\n<p><\/p>\n\n\n\n<p>Die Konsequenz ist immer gleich.  Fehlt die ben\u00f6tigte Fahrerlaubnis oder ist sie abgelaufen, bleibt das Fahrzeug stehen (sofern nicht ein geeigneter Ersatzfahrer vor Ort ist) und die Beamten fertigen eine entsprechende Anzeige. Einen Ermessensspielraum haben sie hier nicht. Dies gilt selbst dann, wenn der LKW einwandfrei ist und der Fahrer Lenk- und Ruhezeiten vorschriftsm\u00e4\u00dfig und vorbildgerecht eingehalten hat.<\/p>\n\n\n\n<h2 class=\"wp-block-heading\"><strong>Nicht jede Klasse gilt unbegrenzt!<\/strong><\/h2>\n\n\n\n<p>Gem\u00e4\u00df <a rel=\"noreferrer noopener\" href=\"https:\/\/www.gesetze-im-internet.de\/fev_2010\/__23.html\" target=\"_blank\">\u00a7 23 Abs. 1 Fahrerlaubnisverordnung<\/a>, wird die Fahrerlaubnis der Klassen AM, A1, A2, A, B, BE, L und T unbefristet erteilt.<\/p>\n\n\n\n<p>Die Klassen C1, C1E, C, CE, D1, D1E, D und DE werden dagegen l\u00e4ngstens f\u00fcr f\u00fcnf Jahre erteilt. Entscheidend ist das Datum des Tages, an dem die Fahrerlaubnisbeh\u00f6rde den Auftrag zur Herstellung des F\u00fchrerscheins erteilt hat. Wer eine der genannten Klassen besitzt, muss diese alle f\u00fcnf Jahre verl\u00e4ngern. Berufskraftfahrer m\u00fcssen ab dem 50ten Lebensjahr die erforderlichen Nachweise der vorgeschriebenen Funktions- und Leistungstests vorlegen. Bei privaten Inhabern der LKW-Klassen gen\u00fcgen der Nachweis der k\u00f6rperlichen Fitness sowie ein erfolgreich bestandener Sehtest.<\/p>\n\n\n\n<h2 class=\"wp-block-heading\"><strong>Konsequenzen drohen nicht nur dem Fahrer<\/strong>!<\/h2>\n\n\n\n<p>Auch Unternehmer m\u00fcssen bei Verst\u00f6\u00dfen mit Konsequenzen rechnen, wenn sie den Fahrzeugf\u00fchrer ohne die erforderliche Fahrerlaubnis auf Reisen geschickt haben. Schlie\u00dflich m\u00fcssen sie die Fahrerlaubnisse sowie das Vorliegen der Nachweise gem\u00e4\u00df <a href=\"https:\/\/www.gesetze-im-internet.de\/fev_2010\/anlage_5.html\">\u00a7 5 FeV<\/a> regelm\u00e4\u00dfig \u00fcberpr\u00fcfen.<\/p>\n\n\n\n<p><br>Gem\u00e4\u00df <a href=\"https:\/\/www.gesetze-im-internet.de\/stvg\/__21.html\" target=\"_blank\" rel=\"noreferrer noopener\">\u00a7 21 Abs. 1 StVG<\/a> muss mit Freiheitsstrafe bis zu einem Jahr oder mit Geldstrafe rechnen, wer<\/p>\n\n\n\n<p><br>1. ein Kraftfahrzeug f\u00fchrt, obwohl er die dazu erforderliche Fahrerlaubnis nicht hat oder ihm das F\u00fchren des Fahrzeugs nach <a href=\"https:\/\/www.gesetze-im-internet.de\/stgb\/__44.html\">\u00a7 44<\/a> des Strafgesetzbuchs oder nach <a href=\"https:\/\/www.gesetze-im-internet.de\/stvg\/__25.html#:~:text=Stra%C3%9Fenverkehrsgesetz%20%28StVG%29%20%C2%A7%2025.%20Fahrverbot.%20%281%29%20Wird%20gegen,Gericht%20in%20der%20Bu%C3%9Fgeldentscheidung%20f%C3%BCr%20die%20Dauer%20\">\u00a7 25<\/a> dieses Gesetzes verboten ist, oder<\/p>\n\n\n\n<p>2. als Halter eines Kraftfahrzeugs anordnet oder zul\u00e4sst, dass jemand das Fahrzeug f\u00fchrt, der die dazu erforderliche Fahrerlaubnis nicht hat oder dem das F\u00fchren des Fahrzeugs nach <a href=\"https:\/\/www.gesetze-im-internet.de\/stgb\/__44.html\">\u00a7 44<\/a> des Strafgesetzbuchs oder nach <a href=\"https:\/\/www.gesetze-im-internet.de\/stvg\/__25.html#:~:text=Stra%C3%9Fenverkehrsgesetz%20%28StVG%29%20%C2%A7%2025.%20Fahrverbot.%20%281%29%20Wird%20gegen,Gericht%20in%20der%20Bu%C3%9Fgeldentscheidung%20f%C3%BCr%20die%20Dauer%20\">\u00a7 25<\/a> dieses Gesetzes verboten ist.<\/p>\n\n\n\n<h2 class=\"wp-block-heading\"><strong>Gut zu Wissen<\/strong><\/h2>\n\n\n\n<p>Nicht zu verwechseln ist das F\u00fchren eines Kraftfahrzeuges ohne g\u00fcltige Fahrerlaubnis mit dem Fahren ohne oder mit abgelaufenem F\u00fchrerschein (<a href=\"https:\/\/www.gesetze-im-internet.de\/fev_2010\/__24a.html\">\u00a7 24a FeV<\/a> i.V.m. <a href=\"https:\/\/www.gesetze-im-internet.de\/fev_2010\/anlage_8e.html\">Anlage 8e<\/a> zu Umtauschfristen), dies ist zumindest nicht strafbar. Ebenso nicht dem Strafrecht unterliegt das Fahren ohne Schl\u00fcsselzahl 95 bzw. dem Fahrerqualifizierungsnachweis, allerdings wird dies entsprechend dem Bu\u00df- und Verwarngeldkatalog zum <a href=\"https:\/\/www.gesetze-im-internet.de\/bkrfqg_2020\/\">BKrFQG<\/a> sehr teuer.<\/p>\n\n\n\n<h2 class=\"wp-block-heading\"><strong>Betroffene sollten unbedingt einen Anwalt einschalten!<\/strong><\/h2>\n\n\n\n<p>Angesichts der drohenden Konsequenzen, die z.B. bei der Feststellung einer fehlenden Zuverl\u00e4ssigkeit des Verkehrsunternehmers drohen,&nbsp;ist die Einschaltung eines Anwalts unverzichtbar. Auch pr\u00fcfen unsere Anw\u00e4lte ob f\u00fcr Ihr Unternehmen Ausnahmeregeln greifen.<\/p>\n\n\n\n<p>Sprechen Sie mit uns! Voigt regelt!<br><br><br><\/p>\n","protected":false},"excerpt":{"rendered":"<p>Es ist ein allt\u00e4glicher Vorgang. Bei der \u00dcberpr\u00fcfung von Lastkraftwagen und Bussen treten nicht nur M\u00e4ngel am Fahrzeug und Verst\u00f6\u00dfe gegen Lenk- und Ruhezeiten, sondern auch nicht verl\u00e4ngerte Fahrerlaubnisse und veraltete \/ fehlende Nachweise der Berufskraftfahrer-Qualifizierung zu Tage!<\/p>\n","protected":false},"author":7,"featured_media":45809,"comment_status":"closed","ping_status":"closed","sticky":false,"template":"","format":"standard","meta":{"_acf_changed":false,"_seopress_robots_primary_cat":"none","_seopress_titles_title":"","_seopress_titles_desc":"","_seopress_robots_index":"","_relevanssi_hide_post":"","_relevanssi_hide_content":"","_relevanssi_pin_for_all":"","_relevanssi_pin_keywords":"","_relevanssi_unpin_keywords":"","_relevanssi_related_keywords":"","_relevanssi_related_include_ids":"","_relevanssi_related_exclude_ids":"","_relevanssi_related_no_append":"","_relevanssi_related_not_related":"","_relevanssi_related_posts":"8483,44667,9225,9027,44471,43937","_relevanssi_noindex_reason":"","_uag_custom_page_level_css":"","footnotes":""},"categories":[26],"tags":[404],"class_list":["post-45799","post","type-post","status-publish","format-standard","has-post-thumbnail","hentry","category-aktuelles","tag-verkehr-recht"],"acf":[],"uagb_featured_image_src":{"full":["https:\/\/voigt-alte-seite.dgwip.de\/wp-content\/uploads\/2023\/09\/PaulaPaulinski.jpg",1053,543,false],"thumbnail":["https:\/\/voigt-alte-seite.dgwip.de\/wp-content\/uploads\/2023\/09\/PaulaPaulinski-150x150.jpg",150,150,true],"medium":["https:\/\/voigt-alte-seite.dgwip.de\/wp-content\/uploads\/2023\/09\/PaulaPaulinski-300x155.jpg",300,155,true],"medium_large":["https:\/\/voigt-alte-seite.dgwip.de\/wp-content\/uploads\/2023\/09\/PaulaPaulinski-768x396.jpg",768,396,true],"large":["https:\/\/voigt-alte-seite.dgwip.de\/wp-content\/uploads\/2023\/09\/PaulaPaulinski-1024x528.jpg",1024,528,true],"1536x1536":["https:\/\/voigt-alte-seite.dgwip.de\/wp-content\/uploads\/2023\/09\/PaulaPaulinski.jpg",1053,543,false],"2048x2048":["https:\/\/voigt-alte-seite.dgwip.de\/wp-content\/uploads\/2023\/09\/PaulaPaulinski.jpg",1053,543,false]},"uagb_author_info":{"display_name":"henning.hammer","author_link":"https:\/\/voigt-alte-seite.dgwip.de\/?author=7"},"uagb_comment_info":0,"uagb_excerpt":"Es ist ein allt\u00e4glicher Vorgang. Bei der \u00dcberpr\u00fcfung von Lastkraftwagen und Bussen treten nicht nur M\u00e4ngel am Fahrzeug und Verst\u00f6\u00dfe gegen Lenk- und Ruhezeiten, sondern auch nicht verl\u00e4ngerte Fahrerlaubnisse und veraltete \/ fehlende Nachweise der Berufskraftfahrer-Qualifizierung zu Tage!","_links":{"self":[{"href":"https:\/\/voigt-alte-seite.dgwip.de\/index.php?rest_route=\/wp\/v2\/posts\/45799","targetHints":{"allow":["GET"]}}],"collection":[{"href":"https:\/\/voigt-alte-seite.dgwip.de\/index.php?rest_route=\/wp\/v2\/posts"}],"about":[{"href":"https:\/\/voigt-alte-seite.dgwip.de\/index.php?rest_route=\/wp\/v2\/types\/post"}],"author":[{"embeddable":true,"href":"https:\/\/voigt-alte-seite.dgwip.de\/index.php?rest_route=\/wp\/v2\/users\/7"}],"replies":[{"embeddable":true,"href":"https:\/\/voigt-alte-seite.dgwip.de\/index.php?rest_route=%2Fwp%2Fv2%2Fcomments&post=45799"}],"version-history":[{"count":14,"href":"https:\/\/voigt-alte-seite.dgwip.de\/index.php?rest_route=\/wp\/v2\/posts\/45799\/revisions"}],"predecessor-version":[{"id":45821,"href":"https:\/\/voigt-alte-seite.dgwip.de\/index.php?rest_route=\/wp\/v2\/posts\/45799\/revisions\/45821"}],"wp:featuredmedia":[{"embeddable":true,"href":"https:\/\/voigt-alte-seite.dgwip.de\/index.php?rest_route=\/wp\/v2\/media\/45809"}],"wp:attachment":[{"href":"https:\/\/voigt-alte-seite.dgwip.de\/index.php?rest_route=%2Fwp%2Fv2%2Fmedia&parent=45799"}],"wp:term":[{"taxonomy":"category","embeddable":true,"href":"https:\/\/voigt-alte-seite.dgwip.de\/index.php?rest_route=%2Fwp%2Fv2%2Fcategories&post=45799"},{"taxonomy":"post_tag","embeddable":true,"href":"https:\/\/voigt-alte-seite.dgwip.de\/index.php?rest_route=%2Fwp%2Fv2%2Ftags&post=45799"}],"curies":[{"name":"wp","href":"https:\/\/api.w.org\/{rel}","templated":true}]}}