{"id":46075,"date":"2023-10-02T06:30:00","date_gmt":"2023-10-02T04:30:00","guid":{"rendered":"https:\/\/voigt-alte-seite.dgwip.de\/?p=46075"},"modified":"2023-10-04T08:13:49","modified_gmt":"2023-10-04T06:13:49","slug":"und-der-geschaedigte-hat-doch-recht","status":"publish","type":"post","link":"https:\/\/voigt-alte-seite.dgwip.de\/?p=46075","title":{"rendered":"Und der Gesch\u00e4digte hat doch Recht! Teil 1"},"content":{"rendered":"\n<p>Gesch\u00e4digte haben Anspruch auf vollst\u00e4ndige Entsch\u00e4digung. Das ist klar. Was \u201evollst\u00e4ndig\u201c aber genau bedeutet, dar\u00fcber gehen die Meinungen oftmals auseinander. Kein Zweifel besteht daran, dass ein etwaiges Mitverschulden den Anspruch mindern kann. Das ist rechtsdogmatisch auch in Ordnung. <\/p>\n\n\n\n<p>Warum sollte ein Gesch\u00e4digter, wenn er den Schaden mitverursacht hat, den kompletten Schadenersatz daf\u00fcr erhalten? Daran, dass der Schadensersatz &#8211; wenn auch prozentual vermindert und bezogen auf den verbleibenden Teil &#8211; vollst\u00e4ndig zu leisten ist, \u00e4ndert dies jedoch nichts. Bei einem 30%igen Mitverschulden hat der Gesch\u00e4digte dann eben \u201enur\u201c einen Ersatzanspruch in H\u00f6he von 70%. Diesen Anspruch hat er dann aber zu 100%.<\/p>\n\n\n\n<p>Fehlt ein Mitverschulden, hat die Verk\u00fcrzung aber keinen Platz mehr. So einfach ist das.<\/p>\n\n\n\n<h2 class=\"wp-block-heading\"><strong>Was z\u00e4hlt zum ersatzf\u00e4higen Schaden?<\/strong><\/h2>\n\n\n\n<p>Zu Konflikten kommt es immer wieder, wenn es um die Ersatzf\u00e4higkeit der geltend gemachten Positionen, insbesondere auch im Rahmen der fiktiven Abrechnung geht. Dabei k\u00f6nnen Gesch\u00e4digt gem\u00e4\u00df <a rel=\"noreferrer noopener\" href=\"https:\/\/www.gesetze-im-internet.de\/bgb\/__249.html\" data-type=\"link\" data-id=\"https:\/\/www.gesetze-im-internet.de\/bgb\/__249.html\" target=\"_blank\">\u00a7 249 Abs. 2 BGB<\/a> frei w\u00e4hlen, ob sie einen Schaden reparieren lassen oder fiktiv abrechnen wollen. Den Anspruch auf vollst\u00e4ndigen Schadensersatz haben sie in beiden F\u00e4llen. Versicherer sehen das gerne anders.<\/p>\n\n\n\n<h2 class=\"wp-block-heading\"><strong>Nichtssagende Pr\u00fcfberichte sind wertlos!<\/strong><\/h2>\n\n\n\n<p>Hat ein Sachverst\u00e4ndiger den Schaden qualifiziertes begutachtet, eignet sich das Gutachten als Grundlage sowohl f\u00fcr die tats\u00e4chliche als auch die fiktive Abrechnung. Versicherer wissen das. Dennoch werden &#8211; um den geschuldeten Betrag zu dr\u00fccken &#8211; immer wieder Streichkonzerte bei einem entsprechend instruierten Pr\u00fcfdienstleister in Auftrag gegeben.<\/p>\n\n\n\n<p>Dieser spielt dann seine Partitur vom Blatt ab und streicht munter drauf los. Am Ende sollen dann verschiedene Besch\u00e4digungen \u201enicht erkennbar\u201c oder \u201enicht nachvollziehbar\u201c sein. Eine einzelfallbezogene Befassung mit dem fachlich fundierten Gutachten l\u00e4sst sich dabei in der Regel allerdings nicht erkennen. <\/p>\n\n\n\n<p>Verwundern kann das nicht. Pr\u00fcfberichte werden eben nicht neutral, sondern schematisch und anhand der Vorgaben des beauftragenden Versicherers erstellt. Angesichts dieser Misst\u00f6ne lautet die \u201eKonzertkritik\u201c dann eben auch immer wieder: nicht nachvollziehbar (vgl. z.B. OLG Braunschweig Urt. v. 27.06.2023, Az. 12 O 38\/23).<\/p>\n\n\n\n<p><strong><a href=\"https:\/\/voigt-alte-seite.dgwip.de\/aktuelles\/und-der-geschaedigte-hat-doch-recht-teil-2\/\">Teil II<\/a><\/strong><\/p>\n","protected":false},"excerpt":{"rendered":"<p>Welche Grunds\u00e4tze gelten?<\/p>\n","protected":false},"author":7,"featured_media":46078,"comment_status":"closed","ping_status":"closed","sticky":false,"template":"","format":"standard","meta":{"_acf_changed":false,"_seopress_robots_primary_cat":"none","_seopress_titles_title":"","_seopress_titles_desc":"","_seopress_robots_index":"","_relevanssi_hide_post":"","_relevanssi_hide_content":"","_relevanssi_pin_for_all":"","_relevanssi_pin_keywords":"","_relevanssi_unpin_keywords":"","_relevanssi_related_keywords":"","_relevanssi_related_include_ids":"","_relevanssi_related_exclude_ids":"","_relevanssi_related_no_append":"","_relevanssi_related_not_related":"","_relevanssi_related_posts":"8845,44049,10147,13885,9741,44509","_relevanssi_noindex_reason":"","_uag_custom_page_level_css":"","footnotes":""},"categories":[1303,1320],"tags":[],"class_list":["post-46075","post","type-post","status-publish","format-standard","has-post-thumbnail","hentry","category-special","category-unfallschadenregulierung"],"acf":[],"uagb_featured_image_src":{"full":["https:\/\/voigt-alte-seite.dgwip.de\/wp-content\/uploads\/2023\/09\/automobile-3734397_1280.jpg",1280,382,false],"thumbnail":["https:\/\/voigt-alte-seite.dgwip.de\/wp-content\/uploads\/2023\/09\/automobile-3734397_1280-150x150.jpg",150,150,true],"medium":["https:\/\/voigt-alte-seite.dgwip.de\/wp-content\/uploads\/2023\/09\/automobile-3734397_1280-300x90.jpg",300,90,true],"medium_large":["https:\/\/voigt-alte-seite.dgwip.de\/wp-content\/uploads\/2023\/09\/automobile-3734397_1280-768x229.jpg",768,229,true],"large":["https:\/\/voigt-alte-seite.dgwip.de\/wp-content\/uploads\/2023\/09\/automobile-3734397_1280-1024x306.jpg",1024,306,true],"1536x1536":["https:\/\/voigt-alte-seite.dgwip.de\/wp-content\/uploads\/2023\/09\/automobile-3734397_1280.jpg",1280,382,false],"2048x2048":["https:\/\/voigt-alte-seite.dgwip.de\/wp-content\/uploads\/2023\/09\/automobile-3734397_1280.jpg",1280,382,false]},"uagb_author_info":{"display_name":"henning.hammer","author_link":"https:\/\/voigt-alte-seite.dgwip.de\/?author=7"},"uagb_comment_info":0,"uagb_excerpt":"Welche Grunds\u00e4tze gelten?","_links":{"self":[{"href":"https:\/\/voigt-alte-seite.dgwip.de\/index.php?rest_route=\/wp\/v2\/posts\/46075","targetHints":{"allow":["GET"]}}],"collection":[{"href":"https:\/\/voigt-alte-seite.dgwip.de\/index.php?rest_route=\/wp\/v2\/posts"}],"about":[{"href":"https:\/\/voigt-alte-seite.dgwip.de\/index.php?rest_route=\/wp\/v2\/types\/post"}],"author":[{"embeddable":true,"href":"https:\/\/voigt-alte-seite.dgwip.de\/index.php?rest_route=\/wp\/v2\/users\/7"}],"replies":[{"embeddable":true,"href":"https:\/\/voigt-alte-seite.dgwip.de\/index.php?rest_route=%2Fwp%2Fv2%2Fcomments&post=46075"}],"version-history":[{"count":11,"href":"https:\/\/voigt-alte-seite.dgwip.de\/index.php?rest_route=\/wp\/v2\/posts\/46075\/revisions"}],"predecessor-version":[{"id":46121,"href":"https:\/\/voigt-alte-seite.dgwip.de\/index.php?rest_route=\/wp\/v2\/posts\/46075\/revisions\/46121"}],"wp:featuredmedia":[{"embeddable":true,"href":"https:\/\/voigt-alte-seite.dgwip.de\/index.php?rest_route=\/wp\/v2\/media\/46078"}],"wp:attachment":[{"href":"https:\/\/voigt-alte-seite.dgwip.de\/index.php?rest_route=%2Fwp%2Fv2%2Fmedia&parent=46075"}],"wp:term":[{"taxonomy":"category","embeddable":true,"href":"https:\/\/voigt-alte-seite.dgwip.de\/index.php?rest_route=%2Fwp%2Fv2%2Fcategories&post=46075"},{"taxonomy":"post_tag","embeddable":true,"href":"https:\/\/voigt-alte-seite.dgwip.de\/index.php?rest_route=%2Fwp%2Fv2%2Ftags&post=46075"}],"curies":[{"name":"wp","href":"https:\/\/api.w.org\/{rel}","templated":true}]}}