{"id":49028,"date":"2024-07-11T11:41:34","date_gmt":"2024-07-11T09:41:34","guid":{"rendered":"https:\/\/voigt-alte-seite.dgwip.de\/?p=49028"},"modified":"2024-07-22T14:25:54","modified_gmt":"2024-07-22T12:25:54","slug":"reisezeit-ist-schadenzeit","status":"publish","type":"post","link":"https:\/\/voigt-alte-seite.dgwip.de\/?p=49028","title":{"rendered":"Reisezeit ist Schadenzeit!"},"content":{"rendered":"\n<p>Insbesondere zur Reisezeit kommt es immer wieder zu Vorf\u00e4llen mit Wohnwagen- und anderen Gespannen.<\/p>\n\n\n\n<p>Die Ursachen reichen von \u00dcberladung, nicht angepasster Geschwindigkeit bis hin zu abgerissenen Anh\u00e4ngerkupplungen oder Sch\u00e4den infolge der Nichtbeachtung von H\u00f6he und \/ oder Breite. Ob und aus welcher Versicherung Schadenersatz zu bekommen ist, h\u00e4ngt stark von den Umst\u00e4nden des Einzelfalls ab. <\/p>\n\n\n\n<p>So macht es z.B. einen Unterschied, ob der Schaden an einem Fahrzeug des eigenen Gespanns des Versicherungsnehmers oder an einem fremden Fahrzeug eingetreten ist. L\u00f6st sich beispielsweise ein Anh\u00e4nger und ger\u00e4t in den Gegenverkehr, wo er mit einem anderen Fahrzeug kollidiert, erscheint die Haftung auf den ersten Blick unproblematisch.<\/p>\n\n\n\n<figure class=\"wp-block-image size-full is-resized\"><img loading=\"lazy\" decoding=\"async\" width=\"500\" height=\"353\" src=\"https:\/\/voigt-alte-seite.dgwip.de\/wp-content\/uploads\/2024\/07\/image-1.png\" alt=\"\" class=\"wp-image-49042\" style=\"width:838px;height:auto\" srcset=\"https:\/\/voigt-alte-seite.dgwip.de\/wp-content\/uploads\/2024\/07\/image-1.png 500w, https:\/\/voigt-alte-seite.dgwip.de\/wp-content\/uploads\/2024\/07\/image-1-300x212.png 300w\" sizes=\"auto, (max-width: 500px) 100vw, 500px\" \/><\/figure>\n\n\n\n<p style=\"font-size:12px\">Bildnachweis: Polizei Rheinland-Pfalz<\/p>\n\n\n\n<p>Vom Grundsatz her ist das auch so. Denn da zulassungspflichtige Anh\u00e4nger haftpflichtversichert sein m\u00fcssen, k\u00f6nnen Unfallgesch\u00e4digte ihre Anspr\u00fcche beim Haftpflichtversicherer des Anh\u00e4ngers geltend machen. Von daher gibt es keinen Unterschied zu einem Unfall mit einem anderen Kraftfahrzeug.<\/p>\n\n\n\n<p>Bei landwirtschaftlichen Anh\u00e4ngern, die unter bestimmten Voraussetzungen keine eigene Versicherung ben\u00f6tigen, ist die Betriebshaftpflichtversicherung des Landwirts zust\u00e4ndig. Ohnehin ist es sinnvoll, Schadenersatzanspr\u00fcche nicht nur beim Versicherer des Anh\u00e4ngers, sondern auch bei dem des Zugfahrzeugs geltend zu machen.<\/p>\n\n\n\n<p><\/p>\n\n\n\n<h2 class=\"wp-block-heading\"><strong>Sch\u00e4den innerhalb eines Gespanns sind kompliziert!<\/strong><\/h2>\n\n\n\n<p>Bei reinen Gespannsch\u00e4den, also Sch\u00e4den ohne die Beteiligung weiterer Personen oder Fahrzeuge, ist die Beantwortung der Frage &#8220;Wer hat welchen Anspruch gegen\u00fcber wem?&#8221; etwas komplizierter. Hier ist nicht nur entscheidend, ob ein Betriebs- oder Unfallschaden vorliegt, sondern auch, ob Zugfahrzeug und Anh\u00e4nger derselben oder verschiedenen Personen \/ Firmen geh\u00f6ren. Denn wo bei unterschiedlichen Eigentumsverh\u00e4ltnissen ein Anspruch bestehen kann, wird dieser bei einer Eigent\u00fcmer- bzw. Halteridentit\u00e4t regelm\u00e4\u00dfig ausgeschlossen sein.<\/p>\n\n\n\n<p><\/p>\n\n\n\n<h2 class=\"wp-block-heading\"><strong>Aufgeschaukelt und umgekippt!<\/strong><\/h2>\n\n\n\n<figure class=\"wp-block-image size-large\"><img loading=\"lazy\" decoding=\"async\" width=\"1024\" height=\"503\" src=\"https:\/\/voigt-alte-seite.dgwip.de\/wp-content\/uploads\/2024\/07\/image-3-1024x503.png\" alt=\"\" class=\"wp-image-49045\" srcset=\"https:\/\/voigt-alte-seite.dgwip.de\/wp-content\/uploads\/2024\/07\/image-3-1024x503.png 1024w, https:\/\/voigt-alte-seite.dgwip.de\/wp-content\/uploads\/2024\/07\/image-3-300x147.png 300w, https:\/\/voigt-alte-seite.dgwip.de\/wp-content\/uploads\/2024\/07\/image-3-768x377.png 768w, https:\/\/voigt-alte-seite.dgwip.de\/wp-content\/uploads\/2024\/07\/image-3-1536x755.png 1536w, https:\/\/voigt-alte-seite.dgwip.de\/wp-content\/uploads\/2024\/07\/image-3.png 1600w\" sizes=\"auto, (max-width: 1024px) 100vw, 1024px\" \/><\/figure>\n\n\n\n<p style=\"font-size:12px\">Bildnachweis: Polizeiinspektion Edenkoben<\/p>\n\n\n\n<p>Schaukelt sich ein Wohnwagen w\u00e4hrend der Fahrt auf, kippt um und besch\u00e4digt das ziehende Fahrzeug, spricht zun\u00e4chst viel f\u00fcr einen Betriebsschaden. Ob und in welchem Umfang die Haftpflicht- oder Kaskoversicherer die Sch\u00e4den an dem jeweils anderen Fahrzeugen zu ersetzen haben, ist dann eine Frage der <a href=\"https:\/\/voigt-alte-seite.dgwip.de\/rechtstipps\/kein-kaskoschutz-fuer-unfaelle-mit-gezogenem-anhaenger-bgh-urteil-vom-04032015-az-iv-zr-12814\/\" target=\"_blank\" rel=\"noreferrer noopener\">Umst\u00e4nde des Einzelfalls<\/a>. Und deren Beantwortung kann &#8220;knifflig&#8221; sein.<\/p>\n\n\n\n<p><\/p>\n\n\n\n<p><\/p>\n\n\n\n<figure class=\"wp-block-image size-large\"><img loading=\"lazy\" decoding=\"async\" width=\"1024\" height=\"514\" src=\"https:\/\/voigt-alte-seite.dgwip.de\/wp-content\/uploads\/2024\/07\/image-6-1024x514.png\" alt=\"\" class=\"wp-image-49054\" srcset=\"https:\/\/voigt-alte-seite.dgwip.de\/wp-content\/uploads\/2024\/07\/image-6-1024x514.png 1024w, https:\/\/voigt-alte-seite.dgwip.de\/wp-content\/uploads\/2024\/07\/image-6-300x151.png 300w, https:\/\/voigt-alte-seite.dgwip.de\/wp-content\/uploads\/2024\/07\/image-6-768x385.png 768w, https:\/\/voigt-alte-seite.dgwip.de\/wp-content\/uploads\/2024\/07\/image-6.png 1200w\" sizes=\"auto, (max-width: 1024px) 100vw, 1024px\" \/><\/figure>\n\n\n\n<p style=\"font-size:12px\">Bildnachweis: Polizeiinspektion Aurich\/Wittmund<\/p>\n\n\n\n<p>So k\u00f6nnte z.B. bei dem abgebildeten Unfall ein Betriebsschaden vorgelegen haben. Zwingend ist das aber nicht. Fest steht lediglich, dass der Traktor zwei mit Laub beladene Anh\u00e4nger zog und eine Vollbremsung einleitete. Dabei schoben sich die Anh\u00e4nger ineinander und der Traktor kippte um. Anspruchsentscheidend ist hier der Grund f\u00fcr die Vollbremsung. Bei einer &#8220;inneren Ursache&#8221; wird der Kaskoversicherer auf einen Betriebsschaden verweisen und die Leistung verweigern.<\/p>\n\n\n\n<p><\/p>\n\n\n\n<h2 class=\"wp-block-heading\"><strong>Vom Winde umgeweht!<\/strong><\/h2>\n\n\n\n<figure class=\"wp-block-image size-large\"><img loading=\"lazy\" decoding=\"async\" width=\"1024\" height=\"513\" src=\"https:\/\/voigt-alte-seite.dgwip.de\/wp-content\/uploads\/2024\/07\/image-5-1024x513.png\" alt=\"\" class=\"wp-image-49050\" srcset=\"https:\/\/voigt-alte-seite.dgwip.de\/wp-content\/uploads\/2024\/07\/image-5-1024x513.png 1024w, https:\/\/voigt-alte-seite.dgwip.de\/wp-content\/uploads\/2024\/07\/image-5-300x150.png 300w, https:\/\/voigt-alte-seite.dgwip.de\/wp-content\/uploads\/2024\/07\/image-5-768x385.png 768w, https:\/\/voigt-alte-seite.dgwip.de\/wp-content\/uploads\/2024\/07\/image-5.png 1200w\" sizes=\"auto, (max-width: 1024px) 100vw, 1024px\" \/><\/figure>\n\n\n\n<p style=\"font-size:12px\">Bildnachweis: Polizeiinspektion Leer\/Emden<\/p>\n\n\n\n<p>Bringt eine unvorhergesehene Windb\u00f6e ein Gespann ins Schleudern, so dass es mit der Mittelschutzplanke und einem weiteren Fahrzeug kollidiert, k\u00f6nnen sowohl Anspr\u00fcche aus der Kasko- als auch aus der Haftpflichtversicherung bestehen.<\/p>\n\n\n\n<p>Einzelfallabh\u00e4ngig kann der Halter \/ Eigent\u00fcmer des anderen Fahrzeugs in einer derartigen Konstellation sowohl Anspr\u00fcche gegen\u00fcber dem Haftpflichtversicherer des Zugfahrzeugs als auch dem des Anh\u00e4ngers haben. Hier gilt <a href=\"https:\/\/www.gesetze-im-internet.de\/stvg\/__19.html\" target=\"_blank\" rel=\"noreferrer noopener\">\u00a7 19 StVG.<\/a> <\/p>\n\n\n\n<p>Wurde das Fahrzeug durch den Anh\u00e4nger besch\u00e4digt, besteht ein Anspruch gegen\u00fcber dessen Haftpflichtversicherer. Dieser wird zwar in der Regel versuchen, sich seine Aufwendungen vom Versicherer des Zugfahrzeugs wieder zu holen. Aber auch der Halter des Zugfahrzeugs kann Anspr\u00fcche gegen\u00fcber dem Haftpflichtversicherer des Anh\u00e4ngers haben. Voraussetzung hierf\u00fcr ist allerdings, dass der Anh\u00e4nger nicht ihm, sondern z.B. einem Vermieter oder Verleiher geh\u00f6rt.<\/p>\n\n\n\n<p>In der Kaskoversicherung sind Sturmsch\u00e4den \u00fcbrigens versichert. Denn eine Windb\u00f6e ist eine witterungsbedingte Einwirkung von au\u00dfen (vgl. BGH, Urt. v. 19.12.2012, <a href=\"https:\/\/juris.bundesgerichtshof.de\/cgi-bin\/rechtsprechung\/document.py?Gericht=bgh&amp;Art=en&amp;sid=f7f9345ee391d2268f386d30380517f1&amp;nr=63020&amp;anz=1&amp;pos=0\" target=\"_blank\" rel=\"noreferrer noopener\">Az. IV ZR 21\/11<\/a>). Der Anspruch kann hier allerdings um die H\u00f6he der vereinbarten Selbstbeteiligung vermindert sein.<\/p>\n\n\n\n<p><\/p>\n\n\n\n<h2 class=\"wp-block-heading\"><strong>Kollision mit Stra\u00dfenbaum!<\/strong><\/h2>\n\n\n\n<div class=\"wp-block-cover\"><span aria-hidden=\"true\" class=\"wp-block-cover__background has-background-dim\"><\/span><img loading=\"lazy\" decoding=\"async\" width=\"1024\" height=\"615\" class=\"wp-block-cover__image-background wp-image-49049\" alt=\"\" src=\"https:\/\/voigt-alte-seite.dgwip.de\/wp-content\/uploads\/2024\/07\/image-4-1024x615.png\" data-object-fit=\"cover\" srcset=\"https:\/\/voigt-alte-seite.dgwip.de\/wp-content\/uploads\/2024\/07\/image-4-1024x615.png 1024w, https:\/\/voigt-alte-seite.dgwip.de\/wp-content\/uploads\/2024\/07\/image-4-300x180.png 300w, https:\/\/voigt-alte-seite.dgwip.de\/wp-content\/uploads\/2024\/07\/image-4-768x461.png 768w, https:\/\/voigt-alte-seite.dgwip.de\/wp-content\/uploads\/2024\/07\/image-4.png 1200w\" sizes=\"auto, (max-width: 1024px) 100vw, 1024px\" \/><div class=\"wp-block-cover__inner-container is-layout-flow wp-block-cover-is-layout-flow\">\n<p class=\"has-text-align-center has-large-font-size\"><\/p>\n<\/div><\/div>\n\n\n\n<p style=\"font-size:12px\">Bildnachweis: Polizeiinspektion Wilhelmshaven \/ Friesland<\/p>\n\n\n\n<p>Bei der Kollision mit einem Stra\u00dfenbaum handelt es sich in der Regel stets um einen Unfall. Der Kaskoversicherer d\u00fcrfte also leisten. Einzelfallabh\u00e4ngig kann der Anspruch aber auch hier um den vereinbarten Selbstbehalt und ggf. infolge Mitverschuldens vermindert sein. War der Grund f\u00fcr die Kollision nicht, dass der Wohnwagen gegen den Baum fuhr, sondern der Baum aufgrund eines Sturms auf den Wohnwagen kippte, bestehen Anspr\u00fcche aus der Teilkaskoversicherung.<\/p>\n\n\n\n<p><\/p>\n\n\n\n<h2 class=\"wp-block-heading\"><strong>Gastank besch\u00e4digt!<\/strong><\/h2>\n\n\n\n<figure class=\"wp-block-image size-large\"><img loading=\"lazy\" decoding=\"async\" width=\"1024\" height=\"768\" src=\"https:\/\/voigt-alte-seite.dgwip.de\/wp-content\/uploads\/2024\/07\/image-7-1024x768.png\" alt=\"\" class=\"wp-image-49055\" srcset=\"https:\/\/voigt-alte-seite.dgwip.de\/wp-content\/uploads\/2024\/07\/image-7-1024x768.png 1024w, https:\/\/voigt-alte-seite.dgwip.de\/wp-content\/uploads\/2024\/07\/image-7-300x225.png 300w, https:\/\/voigt-alte-seite.dgwip.de\/wp-content\/uploads\/2024\/07\/image-7-768x576.png 768w, https:\/\/voigt-alte-seite.dgwip.de\/wp-content\/uploads\/2024\/07\/image-7.png 1200w\" sizes=\"auto, (max-width: 1024px) 100vw, 1024px\" \/><\/figure>\n\n\n\n<p style=\"font-size:12px\">Titelbild: Polizeiinspektion Harburg<\/p>\n\n\n\n<p>Hier hatte sich eine abnehmbare Anh\u00e4ngerkupplung gel\u00f6st und war heruntergefallen. Die Deichsel des Wohnwagens war dann teilweise unter den PKW gerutscht und hatte den Gastank des PKW so besch\u00e4digt, dass Gas ausstr\u00f6mte.&nbsp;Zu einem Brand kam es gl\u00fccklicherweise nicht. F\u00fcr die Entsch\u00e4digung ist in derartigen F\u00e4llen entscheidend, ob das Herausfallen der Kupplung sowie das anschlie\u00dfende Geschehen als Unfall eingestuft werden kann, ob und inwieweit den Halter oder Fahrer des ziehenden Fahrzeugs ein Mitverschulden trifft (z.B. wegen \u00dcberschreitung der zul\u00e4ssigen St\u00fctzlast) und ob die beteiligten Fahrzeuge einer oder verschiedenen Personen geh\u00f6ren.<\/p>\n\n\n\n<p><\/p>\n\n\n\n<h2 class=\"wp-block-heading\"><strong>Abgerissen und abgewrackt<\/strong><\/h2>\n\n\n\n<figure class=\"wp-block-image size-large\"><img loading=\"lazy\" decoding=\"async\" width=\"1024\" height=\"576\" src=\"https:\/\/voigt-alte-seite.dgwip.de\/wp-content\/uploads\/2024\/07\/image-8-1024x576.png\" alt=\"\" class=\"wp-image-49057\" srcset=\"https:\/\/voigt-alte-seite.dgwip.de\/wp-content\/uploads\/2024\/07\/image-8-1024x576.png 1024w, https:\/\/voigt-alte-seite.dgwip.de\/wp-content\/uploads\/2024\/07\/image-8-300x169.png 300w, https:\/\/voigt-alte-seite.dgwip.de\/wp-content\/uploads\/2024\/07\/image-8-768x432.png 768w, https:\/\/voigt-alte-seite.dgwip.de\/wp-content\/uploads\/2024\/07\/image-8-1536x864.png 1536w, https:\/\/voigt-alte-seite.dgwip.de\/wp-content\/uploads\/2024\/07\/image-8-2048x1152.png 2048w, https:\/\/voigt-alte-seite.dgwip.de\/wp-content\/uploads\/2024\/07\/image-8.png 2895w\" sizes=\"auto, (max-width: 1024px) 100vw, 1024px\" \/><\/figure>\n\n\n\n<p style=\"font-size:12px\">Bildnachweis: Polizei Wolfsburg<\/p>\n\n\n\n<p>Der Unfall ereignete sich nicht, weil die abnehmbare Anh\u00e4ngerkupplung herunter gefallen war, sondern weil sie komplett aus dem Zugfahrzeug herausgerissen wurde. F\u00fcr die Sch\u00e4den an der Mittelleitplanke, der Verkehrsinsel sowie den Laternenmast musste der Haftpflichtversicherer des Anh\u00e4ngers aufkommen. Entscheidend f\u00fcr den Anspruch des Halters des Gespanns war u.a. die Frage, ob menschliches oder technisches Versagen die Ursache f\u00fcr den Unfall gesetzt hatte.&nbsp;<\/p>\n\n\n\n<p><\/p>\n\n\n\n<h2 class=\"wp-block-heading\"><strong>Was noch zu sagen w\u00e4re<\/strong><\/h2>\n\n\n\n<p>Die Beispiele k\u00f6nnen nur einen kleinen \u00dcberblick \u00fcber m\u00f6gliche Gefahren beim Betrieb mit Anh\u00e4ngern und die teilweise un\u00fcbersichtliche und komplizierte Rechtslage geben. Sie zeigen aber, wie wichtig es ist, dass Anh\u00e4nger fachgerecht angekoppelt und gesichert werden. So wie auf dem nachfolgenden Foto sollte es tunlichst nicht aussehen.<\/p>\n\n\n\n<figure class=\"wp-block-image size-large is-resized\"><img loading=\"lazy\" decoding=\"async\" width=\"1024\" height=\"514\" src=\"https:\/\/voigt-alte-seite.dgwip.de\/wp-content\/uploads\/2024\/07\/image-9-1024x514.png\" alt=\"\" class=\"wp-image-49059\" style=\"width:842px;height:auto\" srcset=\"https:\/\/voigt-alte-seite.dgwip.de\/wp-content\/uploads\/2024\/07\/image-9-1024x514.png 1024w, https:\/\/voigt-alte-seite.dgwip.de\/wp-content\/uploads\/2024\/07\/image-9-300x151.png 300w, https:\/\/voigt-alte-seite.dgwip.de\/wp-content\/uploads\/2024\/07\/image-9-768x386.png 768w, https:\/\/voigt-alte-seite.dgwip.de\/wp-content\/uploads\/2024\/07\/image-9-1536x772.png 1536w, https:\/\/voigt-alte-seite.dgwip.de\/wp-content\/uploads\/2024\/07\/image-9.png 1704w\" sizes=\"auto, (max-width: 1024px) 100vw, 1024px\" \/><\/figure>\n\n\n\n<p style=\"font-size:12px\">Bildnachweis: Polizei D\u00fcren<\/p>\n\n\n\n<p>Aber auch ein ordnungsgem\u00e4\u00df angekoppelter und gesicherter Anh\u00e4nger entbindet nicht von der Pflicht zur Einhaltung der zul\u00e4ssigen Abmessungen. Drei Meter Breite sind in jedem Fall zu viel. Dies gilt nicht nur in Hinblick auf etwaige Unf\u00e4lle, bei denen Konsequenzen wegen grober Fahrl\u00e4ssigkeit drohen k\u00f6nnen. Ein Bu\u00dfgeld gibt es auf jeden Fall. In dem hier dokumentieren Sachverhalt durfte der Fahrer \u00fcbrigens erst weiterfahren, nachdem er die Dachaufbauten entfernt und den Wohnwagen auf das zul\u00e4ssige Ma\u00df &#8220;geschrumpft&#8221; hatte.<\/p>\n\n\n\n<figure class=\"wp-block-image size-full is-resized\"><img loading=\"lazy\" decoding=\"async\" width=\"529\" height=\"387\" src=\"https:\/\/voigt-alte-seite.dgwip.de\/wp-content\/uploads\/2024\/07\/image-11.png\" alt=\"\" class=\"wp-image-49065\" style=\"width:841px;height:auto\" srcset=\"https:\/\/voigt-alte-seite.dgwip.de\/wp-content\/uploads\/2024\/07\/image-11.png 529w, https:\/\/voigt-alte-seite.dgwip.de\/wp-content\/uploads\/2024\/07\/image-11-300x219.png 300w\" sizes=\"auto, (max-width: 529px) 100vw, 529px\" \/><\/figure>\n\n\n\n<p style=\"font-size:12px\">Bildnachweis: Polizei Bad Segeberg<\/p>\n\n\n\n<p><\/p>\n\n\n\n<h2 class=\"wp-block-heading\"><strong>Fazit<\/strong><\/h2>\n\n\n\n<p>Zwischen- oder gar Unf\u00e4lle mit Wohnwagen unterbrechen eine Reise nicht nur. Sie verursachen auch vermeidbaren \u00c4rger, Frust, Aufwand und unn\u00f6tige Kosten. <\/p>\n\n\n\n<figure class=\"wp-block-image size-full is-resized\"><img loading=\"lazy\" decoding=\"async\" width=\"640\" height=\"389\" src=\"https:\/\/voigt-alte-seite.dgwip.de\/wp-content\/uploads\/2024\/07\/image-10.png\" alt=\"\" class=\"wp-image-49061\" style=\"width:842px;height:auto\" srcset=\"https:\/\/voigt-alte-seite.dgwip.de\/wp-content\/uploads\/2024\/07\/image-10.png 640w, https:\/\/voigt-alte-seite.dgwip.de\/wp-content\/uploads\/2024\/07\/image-10-300x182.png 300w\" sizes=\"auto, (max-width: 640px) 100vw, 640px\" \/><\/figure>\n\n\n\n<p style=\"font-size:12px\">Bildnachweis: Polizei Rheinland-Pfalz<\/p>\n\n\n\n<p>Seien Sie aber auch aufmerksam, wenn ein Wohnwagengespann vor Ihnen f\u00e4hrt! Es liegt in der Natur der Sache, dass Wohnwagen- und andere Anh\u00e4ngergespanne langsamer fahren als Einzelfahrzeuge. Schon leichte Anst\u00f6\u00dfe k\u00f6nnen dazu f\u00fchren, dass das Gespann au\u00dfer Kontrolle ger\u00e4t. Nicht selten wird dabei der Wohnwagen irreparabel und das Zugfahrzeug erheblich besch\u00e4digt.<\/p>\n\n\n\n<figure class=\"wp-block-image size-full is-resized\"><img loading=\"lazy\" decoding=\"async\" width=\"710\" height=\"532\" src=\"https:\/\/voigt-alte-seite.dgwip.de\/wp-content\/uploads\/2024\/07\/image-13.png\" alt=\"\" class=\"wp-image-49203\" style=\"width:844px;height:auto\" srcset=\"https:\/\/voigt-alte-seite.dgwip.de\/wp-content\/uploads\/2024\/07\/image-13.png 710w, https:\/\/voigt-alte-seite.dgwip.de\/wp-content\/uploads\/2024\/07\/image-13-300x225.png 300w\" sizes=\"auto, (max-width: 710px) 100vw, 710px\" \/><\/figure>\n\n\n\n<p style=\"font-size:12px\">Bildnachweis: PD Main-Taunus &#8211; Polizeipr\u00e4sidium Westhessen<\/p>\n\n\n\n<p><\/p>\n\n\n\n<p>Wir von der Kanzlei Voigt w\u00fcnschen Ihnen jedenfalls eine sichere Fahrt in, durch und aus dem Urlaub zur\u00fcck!<\/p>\n\n\n\n<p>Sollte aber wider Erwarten dennoch etwas nicht planm\u00e4\u00dfig verlaufen, <a href=\"https:\/\/voigt-alte-seite.dgwip.de\/kontakt\/\" target=\"_blank\" rel=\"noreferrer noopener\">kontaktieren Sie uns<\/a><\/p>\n\n\n\n<p><a href=\"https:\/\/voigt-alte-seite.dgwip.de\/voigt-regler\/\" target=\"_blank\" rel=\"noreferrer noopener\">Wir sind f\u00fcr Sie da und regeln das!<\/a><\/p>\n\n\n\n<p><\/p>\n\n\n\n<h2 class=\"wp-block-heading\">Themenbezogene Links<\/h2>\n\n\n\n<p><a href=\"https:\/\/voigt-alte-seite.dgwip.de\/aktuelles\/mit-anhaenger-und-wohnwagen-sicher-unterwegs\/\">Worauf ist bei der Beladung von Anh\u00e4ngern und Wohnwagen zu achten?<\/a><\/p>\n\n\n\n<p><a href=\"https:\/\/voigt-alte-seite.dgwip.de\/aktuelles\/warum-anhaenger-nicht-ueberladen-werden-sollten\/\">Warum Anh\u00e4nger nicht \u00fcberladen werden sollten<\/a>!<\/p>\n\n\n\n<p><a href=\"https:\/\/voigt-alte-seite.dgwip.de\/aktuelles\/haftung-fuer-ueberbreite-fahrzeuggespanne\/\">Haftung f\u00fcr \u00fcberbreite Gespanne?<\/a><\/p>\n\n\n\n<p><a href=\"https:\/\/voigt-alte-seite.dgwip.de\/aktuelles\/damit-die-fahrt-in-den-urlaub-entspannt-verlaeuft\/\">Auf die Beladung kommt es an!<\/a><\/p>\n\n\n\n<p><a href=\"https:\/\/voigt-alte-seite.dgwip.de\/aktuelles\/was-ist-ein-betriebsschaden\/\">Was ist ein Betriebsschaden?<\/a><\/p>\n\n\n\n<p><a href=\"https:\/\/voigt-alte-seite.dgwip.de\/news\/ladung-der-besonderen-art\/\">Ladung der besonderen Art<\/a><\/p>\n\n\n\n<p><a href=\"https:\/\/voigt-alte-seite.dgwip.de\/aktuelles\/schiebung-oder-ziehung\/\">Schiebung oder Ziehung?<\/a><\/p>\n\n\n\n<p><\/p>\n\n\n\n<p>Weitere Tipps: <a href=\"https:\/\/voigt-alte-seite.dgwip.de\/aktuelles\/kommen-sie-sicher-in-den-urlaub\/\">Kommen Sie sicher in den Urlaub!<\/a><\/p>\n","protected":false},"excerpt":{"rendered":"<p>Was gilt bei Unf\u00e4llen mit Wohnwagen und Anh\u00e4ngergespannen?<\/p>\n","protected":false},"author":7,"featured_media":49034,"comment_status":"closed","ping_status":"closed","sticky":false,"template":"","format":"standard","meta":{"_acf_changed":false,"_seopress_robots_primary_cat":"none","_seopress_titles_title":"","_seopress_titles_desc":"","_seopress_robots_index":"","_relevanssi_hide_post":"","_relevanssi_hide_content":"","_relevanssi_pin_for_all":"","_relevanssi_pin_keywords":"","_relevanssi_unpin_keywords":"","_relevanssi_related_keywords":"","_relevanssi_related_include_ids":"","_relevanssi_related_exclude_ids":"","_relevanssi_related_no_append":"","_relevanssi_related_not_related":"","_relevanssi_related_posts":"12479,46189,48681,9685,10339,48522","_relevanssi_noindex_reason":"","_uag_custom_page_level_css":"","footnotes":""},"categories":[26],"tags":[1436,1071,1435,1437],"class_list":["post-49028","post","type-post","status-publish","format-standard","has-post-thumbnail","hentry","category-aktuelles","tag-ferienzeit","tag-unfall","tag-urlaubsreise","tag-wohnanhaenger"],"acf":[],"uagb_featured_image_src":{"full":["https:\/\/voigt-alte-seite.dgwip.de\/wp-content\/uploads\/2024\/07\/Wohnwagengespann.jpg",1089,589,false],"thumbnail":["https:\/\/voigt-alte-seite.dgwip.de\/wp-content\/uploads\/2024\/07\/Wohnwagengespann-150x150.jpg",150,150,true],"medium":["https:\/\/voigt-alte-seite.dgwip.de\/wp-content\/uploads\/2024\/07\/Wohnwagengespann-300x162.jpg",300,162,true],"medium_large":["https:\/\/voigt-alte-seite.dgwip.de\/wp-content\/uploads\/2024\/07\/Wohnwagengespann-768x415.jpg",768,415,true],"large":["https:\/\/voigt-alte-seite.dgwip.de\/wp-content\/uploads\/2024\/07\/Wohnwagengespann-1024x554.jpg",1024,554,true],"1536x1536":["https:\/\/voigt-alte-seite.dgwip.de\/wp-content\/uploads\/2024\/07\/Wohnwagengespann.jpg",1089,589,false],"2048x2048":["https:\/\/voigt-alte-seite.dgwip.de\/wp-content\/uploads\/2024\/07\/Wohnwagengespann.jpg",1089,589,false]},"uagb_author_info":{"display_name":"henning.hammer","author_link":"https:\/\/voigt-alte-seite.dgwip.de\/?author=7"},"uagb_comment_info":0,"uagb_excerpt":"Was gilt bei Unf\u00e4llen mit Wohnwagen und Anh\u00e4ngergespannen?","_links":{"self":[{"href":"https:\/\/voigt-alte-seite.dgwip.de\/index.php?rest_route=\/wp\/v2\/posts\/49028","targetHints":{"allow":["GET"]}}],"collection":[{"href":"https:\/\/voigt-alte-seite.dgwip.de\/index.php?rest_route=\/wp\/v2\/posts"}],"about":[{"href":"https:\/\/voigt-alte-seite.dgwip.de\/index.php?rest_route=\/wp\/v2\/types\/post"}],"author":[{"embeddable":true,"href":"https:\/\/voigt-alte-seite.dgwip.de\/index.php?rest_route=\/wp\/v2\/users\/7"}],"replies":[{"embeddable":true,"href":"https:\/\/voigt-alte-seite.dgwip.de\/index.php?rest_route=%2Fwp%2Fv2%2Fcomments&post=49028"}],"version-history":[{"count":38,"href":"https:\/\/voigt-alte-seite.dgwip.de\/index.php?rest_route=\/wp\/v2\/posts\/49028\/revisions"}],"predecessor-version":[{"id":49206,"href":"https:\/\/voigt-alte-seite.dgwip.de\/index.php?rest_route=\/wp\/v2\/posts\/49028\/revisions\/49206"}],"wp:featuredmedia":[{"embeddable":true,"href":"https:\/\/voigt-alte-seite.dgwip.de\/index.php?rest_route=\/wp\/v2\/media\/49034"}],"wp:attachment":[{"href":"https:\/\/voigt-alte-seite.dgwip.de\/index.php?rest_route=%2Fwp%2Fv2%2Fmedia&parent=49028"}],"wp:term":[{"taxonomy":"category","embeddable":true,"href":"https:\/\/voigt-alte-seite.dgwip.de\/index.php?rest_route=%2Fwp%2Fv2%2Fcategories&post=49028"},{"taxonomy":"post_tag","embeddable":true,"href":"https:\/\/voigt-alte-seite.dgwip.de\/index.php?rest_route=%2Fwp%2Fv2%2Ftags&post=49028"}],"curies":[{"name":"wp","href":"https:\/\/api.w.org\/{rel}","templated":true}]}}