{"id":49572,"date":"2024-09-05T15:59:47","date_gmt":"2024-09-05T13:59:47","guid":{"rendered":"https:\/\/voigt-alte-seite.dgwip.de\/?p=49572"},"modified":"2024-09-06T07:52:41","modified_gmt":"2024-09-06T05:52:41","slug":"der-abzug-neu-fuer-alt-gilt-nicht-ueberall","status":"publish","type":"post","link":"https:\/\/voigt-alte-seite.dgwip.de\/?p=49572","title":{"rendered":"Der Abzug &#8220;Neu f\u00fcr Alt&#8221; gilt nicht \u00fcberall!"},"content":{"rendered":"\n<p>Der eintrittspflichtige Haftpflichtversicherer des Fahrzeugs verweigerte den vollst\u00e4ndigen Schadenersatz mit der Begr\u00fcndung, es sei ein Abzug &#8220;Neu f\u00fcr Alt&#8221; vorzunehmen.<\/p>\n\n\n\n<h2 class=\"wp-block-heading\">Wann ist ein Abzug &#8220;Neu f\u00fcr Alt&#8221; m\u00f6glich?<\/h2>\n\n\n\n<p><br>Der Abzug &#8220;Neu f\u00fcr Alt&#8221; basiert auf dem Gedanken, <em>&#8220;dass bei der Bemessung des Schadensersatzes f\u00fcr die Besch\u00e4digung oder Zerst\u00f6rung einer durch den Gebrauch und die Zeitdauer im Wert gesunkenen oder gar schon vorher schadhaften Sache ein Abzug vorgenommen werden kann. Ein Abzug zur Ber\u00fccksichtigung des Unterschieds von Alt und Neu ist grunds\u00e4tzlich zul\u00e4ssig&#8221;<\/em> (BGH, Urt. v. 24.03.1959, <a href=\"https:\/\/research.wolterskluwer-online.de\/document\/4228ca2a-8bc1-46a8-bf45-c32abb1357c4#\" target=\"_blank\" rel=\"noreferrer noopener\">Az. VI ZR 90\/58<\/a>).<\/p>\n\n\n\n<p><br>Folglich kommt ein Abzug nur in Betracht, wenn der Gesch\u00e4digte infolge der Ersatzleistung Aufwendungen erspart, die er zu einem sp\u00e4teren Zeitpunkt ohnehin h\u00e4tte t\u00e4tigen m\u00fcssen. Ein weiterer Aspekt beim Abzug &#8220;Neu f\u00fcr Alt&#8221; ist die Frage, ob und in welchem Umfang sich das sogenannte individuelle Nutzungspotenzial f\u00fcr den Gesch\u00e4digten erh\u00f6ht. Dies ist dann gegeben, wenn die neue oder reparierte Sache gerade f\u00fcr den Gesch\u00e4digten einen h\u00f6heren Wert hat, da ihm der Vorteil aufgedr\u00e4ngt wird (OLG K\u00f6ln, Beschl. v. 01.08.2014, <a href=\"https:\/\/www.justiz.nrw.de\/nrwe\/olgs\/koeln\/j2014\/11_U_23_14_Beschluss_20140801.html\" target=\"_blank\" rel=\"noreferrer noopener\">Az. 11 U 23\/14)<\/a>.<\/p>\n\n\n\n<h2 class=\"wp-block-heading\">K\u00f6nnen Leitplanken und Anpralld\u00e4mpfer verschlei\u00dfen?<\/h2>\n\n\n\n<p><br>Der Versicherer behauptete einen Verschlei\u00df des Anpralld\u00e4mpfers. Es f\u00fchrte aus, auch bei langlebigen Wirtschaftsg\u00fctern f\u00fchre die Ersatzleistung zu einer messbaren Verm\u00f6gensmehrung beim Gesch\u00e4digten. Und da der Austausch eines Anpralld\u00e4mpfers zu einer messbaren Verbesserung der Funktionsf\u00e4higkeit und damit des Wertes f\u00fchre, wirke sich diese Werterh\u00f6hung beim Tr\u00e4ger der Stra\u00dfenbaulast wirtschaftlich g\u00fcnstig aus. Au\u00dferdem f\u00fchre der Austausch zur Einsparung von Unterhaltungsmitteln.<\/p>\n\n\n\n<p><br>Weiter behauptete er, Schutzplanken w\u00fcrden durch nicht reparierte Besch\u00e4digungen sowie das Einwirken von weiteren Umwelteinfl\u00fcssen einem Alterungsprozess unterliegen und m\u00fcssten daher gewartet werden. So k\u00f6nne z.B. das Ausbringen von Tausalz an besch\u00e4digten Anpralld\u00e4mpfern und deren Befestigungen zu Rostsch\u00e4den f\u00fchren. Ein Abzug in H\u00f6he von 25 % ist daher angemessen.<\/p>\n\n\n\n<h2 class=\"wp-block-heading\">Ein Austausch von Leitplanken f\u00fchrt nicht zu einem Verm\u00f6genszuwachs!<\/h2>\n\n\n\n<p><br>Der Tr\u00e4ger der Stra\u00dfenbaulast trat diesen Behauptungen mit Fakten entgegen. Fundiert legte er dar, dass weder eine Instandsetzung noch ein Austausch  einen Verm\u00f6genszuwachs mit sich bringe.<br>Denn weder Anpralld\u00e4mpfer noch Leitplanken unterl\u00e4gen einem faktisch messbaren Verschlei\u00df. Ein Austausch w\u00fcrde auch nicht turnusm\u00e4\u00dfig, sondern lediglich nach Unf\u00e4llen oder dann durchgef\u00fchrt, wenn sich die Stra\u00dfenf\u00fchrung \u00e4ndert oder die Stra\u00dfe komplett saniert wird.<\/p>\n\n\n\n<p><br>Des Weiteren sind Anpralld\u00e4mpfer kein eigenst\u00e4ndiges Bauwerk, sondern Teil des Stra\u00dfenbauwerks. Die Folge ist, dass Anpralld\u00e4mpfer stets mit einer Erneuerung der Gesamtanlage ausgetauscht werden, unabh\u00e4ngig davon, ob oder wann sie zuvor erneuert worden sind. Ein Verm\u00f6genszuwachs k\u00f6nne daher ausgeschlossen werden.<\/p>\n\n\n\n<h2 class=\"wp-block-heading\"><br>Auch die Gerichte konnten keinen Verm\u00f6genszuwachs erkennen.<\/h2>\n\n\n\n<p><br>In der Urteilsbegr\u00fcndung des Landgerichts Bremen hei\u00dft es, dass ein Austausch &#8220;Neu f\u00fcr Alt&#8221; schon deshalb nicht in Betracht kommt, weil er lediglich einen Bruchteil der Kosten f\u00fcr die Montage des neuen Anpralld\u00e4mpfers decken w\u00fcrde. <\/p>\n\n\n\n<p>Dabei sei zu ber\u00fccksichtigen, dass der Anpralld\u00e4mpfer in wenigen Jahren im Rahmen der Erneuerung der gesamten Leitplankenanlage in dem betroffenen Bereich selbst dann ausgetauscht werden m\u00fcsste, wenn er deutlich neuwertiger sei als der Rest der Anlage. Es sei nicht ersichtlich, welchen konkreten Wertzuwachs die Kl\u00e4gerin durch den Ersatz des gebrauchten Anpralld\u00e4mpfers durch einen neuen erlangen w\u00fcrde hat. Dies lie\u00dfe sich insbesondere damit begr\u00fcnden, dass der Anpralld\u00e4mpfer lediglich ein Bestandteil des Leitplankensystems sei.<\/p>\n\n\n\n<p><br>Das OLG f\u00fcgte hinzu, dass selbst wenn der betroffene Anpralld\u00e4mpfer f\u00fcr sich genommen durch die Reparatur bzw. den Austausch nunmehr eine l\u00e4ngere zu erwartende Lebensdauer haben sollte als das besch\u00e4digte Bauteil, auch dies nicht zu einer Verm\u00f6gensvermehrung f\u00fchre.<br>Es stimmt dem Landgericht zu, dass bei einer anstehenden Erneuerung der Gesamtanlage \u2013 ob aufgrund weiterer Unf\u00e4lle oder aufgrund des behaupteten regelm\u00e4\u00dfigen Alterungsprozesses der Anlage im \u00dcbrigen \u2013 auch der betroffene Anpralld\u00e4mpfer ungeachtet seiner vorherigen Erneuerung mit ausgetauscht werden w\u00fcrde.<\/p>\n\n\n\n<p><br>Der vorliegende Fall unterscheide sich somit von Konstellationen, in denen das besch\u00e4digte Stra\u00dfenbauwerk einer separaten Erneuerung unterliegt. Au\u00dferdem sei der Versicherer beweisf\u00e4llig geblieben. Den Abzug &#8220;Neu f\u00fcr Alt&#8221;, insbesondere die Einsparung von Unterhaltsaufwendungen, hatte der Versicherer zwar behauptet, bewiesen hatte er ihn jedoch nicht.<\/p>\n\n\n\n<div class=\"wp-block-group\"><div class=\"wp-block-group__inner-container is-layout-constrained wp-block-group-is-layout-constrained\">\n<h2 class=\"wp-block-heading\">Fazit <\/h2>\n\n\n\n<p>Die Entscheidungen zeigt zwei wesentliche Punkte auf:<\/p>\n<\/div><\/div>\n\n\n\n<ol class=\"wp-block-list\">\n<li>Der Abzug &#8220;Neu f\u00fcr Alt&#8221; ist kein Automatismus.<\/li>\n\n\n\n<li>Versicherer k\u00fcrzen den Ersatz gerne zu Lasten des Gesch\u00e4digten, ohne die Gr\u00fcnde hierf\u00fcr beweisen zu k\u00f6nnen.<br>Dies bedeutet jedoch nicht, dass der Abzug &#8220;Neu f\u00fcr Alt&#8221; in bestimmten Konstellationen auch gerechtfertigt sein kann. Ob dies tats\u00e4chlich der Fall ist, l\u00e4sst sich aber weder aus den Behauptungen der Versicherer noch aus den &#8211; in ihrem Auftrag und gem\u00e4\u00df ihren Vorgaben durchgef\u00fchrten &#8211; K\u00fcrzungen der Rechnungspr\u00fcfer ableiten.<br>Gesch\u00e4digte sind daher gut beraten, wenn sie sich nicht den Schadenmanagern des gegnerischen Versicherers ausliefern, sondern uns <a href=\"https:\/\/voigt-alte-seite.dgwip.de\/kontakt\/\" data-type=\"link\" data-id=\"https:\/\/voigt-alte-seite.dgwip.de\/kontakt\/\" target=\"_blank\" rel=\"noreferrer noopener\">kontaktieren<\/a>!<\/li>\n<\/ol>\n\n\n\n<p><a href=\"https:\/\/voigt-alte-seite.dgwip.de\/voigt-regler\/\" target=\"_blank\" rel=\"noreferrer noopener\">Voigt regelt!<\/a><\/p>\n","protected":false},"excerpt":{"rendered":"<p>Ein Autofahrer kam mit seinem Fahrzeug von der Fahrbahn der Autobahn ab und kollidierte mit einem sogenannten Anpralld\u00e4mpfer, der dabei schwer besch\u00e4digt wurde. Die alleinige Haftung des Autofahrers stand au\u00dfer Frage. Allerdings kam es nach der Reparatur des D\u00e4mpfers zu Unstimmigkeiten.<\/p>\n","protected":false},"author":7,"featured_media":49577,"comment_status":"closed","ping_status":"closed","sticky":false,"template":"","format":"standard","meta":{"_acf_changed":false,"_seopress_robots_primary_cat":"none","_seopress_titles_title":"","_seopress_titles_desc":"","_seopress_robots_index":"","_relevanssi_hide_post":"","_relevanssi_hide_content":"","_relevanssi_pin_for_all":"","_relevanssi_pin_keywords":"","_relevanssi_unpin_keywords":"","_relevanssi_related_keywords":"","_relevanssi_related_include_ids":"","_relevanssi_related_exclude_ids":"","_relevanssi_related_no_append":"","_relevanssi_related_not_related":"","_relevanssi_related_posts":"24439,46101,46516,10195,48785,10147","_relevanssi_noindex_reason":"","_uag_custom_page_level_css":"","footnotes":""},"categories":[26],"tags":[1455],"class_list":["post-49572","post","type-post","status-publish","format-standard","has-post-thumbnail","hentry","category-aktuelles","tag-ein-autofahrer-kam-mit-seinem-fahrzeug-von-der-fahrbahn-der-autobahn-ab-und-kollidierte-mit-einem-sogenannten-anpralldaempfer"],"acf":[],"uagb_featured_image_src":{"full":["https:\/\/voigt-alte-seite.dgwip.de\/wp-content\/uploads\/2024\/09\/heart-222979_1280.jpg",1280,1280,false],"thumbnail":["https:\/\/voigt-alte-seite.dgwip.de\/wp-content\/uploads\/2024\/09\/heart-222979_1280-150x150.jpg",150,150,true],"medium":["https:\/\/voigt-alte-seite.dgwip.de\/wp-content\/uploads\/2024\/09\/heart-222979_1280-300x300.jpg",300,300,true],"medium_large":["https:\/\/voigt-alte-seite.dgwip.de\/wp-content\/uploads\/2024\/09\/heart-222979_1280-768x768.jpg",768,768,true],"large":["https:\/\/voigt-alte-seite.dgwip.de\/wp-content\/uploads\/2024\/09\/heart-222979_1280-1024x1024.jpg",1024,1024,true],"1536x1536":["https:\/\/voigt-alte-seite.dgwip.de\/wp-content\/uploads\/2024\/09\/heart-222979_1280.jpg",1280,1280,false],"2048x2048":["https:\/\/voigt-alte-seite.dgwip.de\/wp-content\/uploads\/2024\/09\/heart-222979_1280.jpg",1280,1280,false]},"uagb_author_info":{"display_name":"henning.hammer","author_link":"https:\/\/voigt-alte-seite.dgwip.de\/?author=7"},"uagb_comment_info":0,"uagb_excerpt":"Ein Autofahrer kam mit seinem Fahrzeug von der Fahrbahn der Autobahn ab und kollidierte mit einem sogenannten Anpralld\u00e4mpfer, der dabei schwer besch\u00e4digt wurde. Die alleinige Haftung des Autofahrers stand au\u00dfer Frage. Allerdings kam es nach der Reparatur des D\u00e4mpfers zu Unstimmigkeiten.","_links":{"self":[{"href":"https:\/\/voigt-alte-seite.dgwip.de\/index.php?rest_route=\/wp\/v2\/posts\/49572","targetHints":{"allow":["GET"]}}],"collection":[{"href":"https:\/\/voigt-alte-seite.dgwip.de\/index.php?rest_route=\/wp\/v2\/posts"}],"about":[{"href":"https:\/\/voigt-alte-seite.dgwip.de\/index.php?rest_route=\/wp\/v2\/types\/post"}],"author":[{"embeddable":true,"href":"https:\/\/voigt-alte-seite.dgwip.de\/index.php?rest_route=\/wp\/v2\/users\/7"}],"replies":[{"embeddable":true,"href":"https:\/\/voigt-alte-seite.dgwip.de\/index.php?rest_route=%2Fwp%2Fv2%2Fcomments&post=49572"}],"version-history":[{"count":9,"href":"https:\/\/voigt-alte-seite.dgwip.de\/index.php?rest_route=\/wp\/v2\/posts\/49572\/revisions"}],"predecessor-version":[{"id":49587,"href":"https:\/\/voigt-alte-seite.dgwip.de\/index.php?rest_route=\/wp\/v2\/posts\/49572\/revisions\/49587"}],"wp:featuredmedia":[{"embeddable":true,"href":"https:\/\/voigt-alte-seite.dgwip.de\/index.php?rest_route=\/wp\/v2\/media\/49577"}],"wp:attachment":[{"href":"https:\/\/voigt-alte-seite.dgwip.de\/index.php?rest_route=%2Fwp%2Fv2%2Fmedia&parent=49572"}],"wp:term":[{"taxonomy":"category","embeddable":true,"href":"https:\/\/voigt-alte-seite.dgwip.de\/index.php?rest_route=%2Fwp%2Fv2%2Fcategories&post=49572"},{"taxonomy":"post_tag","embeddable":true,"href":"https:\/\/voigt-alte-seite.dgwip.de\/index.php?rest_route=%2Fwp%2Fv2%2Ftags&post=49572"}],"curies":[{"name":"wp","href":"https:\/\/api.w.org\/{rel}","templated":true}]}}