{"id":50826,"date":"2024-12-03T09:58:47","date_gmt":"2024-12-03T08:58:47","guid":{"rendered":"https:\/\/voigt-alte-seite.dgwip.de\/?p=50826"},"modified":"2025-10-15T15:54:43","modified_gmt":"2025-10-15T13:54:43","slug":"reservekanister-faengt-feuer-haftung-aus-betriebsgefahr","status":"publish","type":"post","link":"https:\/\/voigt-alte-seite.dgwip.de\/?p=50826","title":{"rendered":"Reservekanister f\u00e4ngt Feuer \u2013 Haftung aus Betriebsgefahr?"},"content":{"rendered":"\n<p id=\"Betriebsgefahr\"><\/p>\n\n\n\n<h2 class=\"wp-block-heading\"><strong>Der Begriff &#8220;bei dem Betrieb&#8221; ist weit auszulegen!<\/strong><\/h2>\n\n\n\n<p>Der Geb\u00e4udeversicherer sah die Haftung aus Betriebsgefahr als gegeben an. Er begr\u00fcndete dies damit, dass die urspr\u00fcnglich herrschende &#8220;maschinentechnische&#8221; Auffassung einer Ver\u00e4nderung hin zur verkehrstechnischen Auffassung erfahren habe.<\/p>\n\n\n\n<p>Daher muss der Begriff &#8220;<a href=\"https:\/\/voigt-alte-seite.dgwip.de\/aktuelles\/wie-weit-reicht-die-betriebsgefahr\/\" target=\"_blank\" rel=\"noreferrer noopener\">bei dem Betrieb eines Kraftfahrzeugs<\/a>&#8221; weit gefasst werden, um die Verkehrsteilnehmer vor den wachsenden Gefahren des Kraftfahrzeugverkehrs zu sch\u00fctzen. Daf\u00fcr spricht nicht zuletzt, dass die Gefahren, die durch das Kraftfahrzeug in den Verkehr getragen werden, nicht nur vom Motor und seiner Einwirkung auf das Fahrzeug, sondern insbesondere auch von Kraftfahrzeugen ausgehen, die nach der maschinenrechtlichen Auffassung nicht im Betrieb sind.<\/p>\n\n\n\n<p>Die Gef\u00e4hrdungshaftung eines Kraftfahrzeugs greift daher nicht nur bei Unf\u00e4llen im \u00f6ffentlichen Stra\u00dfenverkehr oder privaten Verkehrsraum, sondern bei allen Unf\u00e4llen, die mit seinem Betrieb oder seinen Betriebseinrichtungen zusammenh\u00e4ngen. Allerdings muss ein \u00f6rtlicher und zeitlicher Kausalzusammenhang mit dem Betrieb des Kraftfahrzeugs oder dem Versagen seiner Betriebseinrichtungen gegeben sein, wie dies z.B. beim Brand eines geparkten Pkw infolge technischen Defekts der Fall ist (BGH, Urt. v. 21.01.2014, <a href=\"https:\/\/juris.bundesgerichtshof.de\/cgi-bin\/rechtsprechung\/document.py?Gericht=bgh&amp;Art=en&amp;nr=66876&amp;pos=1&amp;anz=2\" target=\"_blank\" rel=\"noreferrer noopener\">Az. VI ZR 253\/13<\/a>).<\/p>\n\n\n\n<p>Die Konsequenz ist klar: Ein Schaden ist bereits dann &#8220;bei dem Betrieb&#8221; eines Kraftfahrzeugs entstanden, wenn sich in ihm die von dem Kraftfahrzeug ausgehenden Gefahren ausgewirkt haben. Das hei\u00dft, dass das Schadengeschehen durch das Kraftfahrzeug gepr\u00e4gt worden sein muss. (BGH, Urt. v. 11.02.2020, <a href=\"https:\/\/juris.bundesgerichtshof.de\/cgi-bin\/rechtsprechung\/document.py?Gericht=bgh&amp;Art=en&amp;sid=b0b34726322f180c91361c0206b222a9&amp;nr=105540&amp;anz=1&amp;pos=0\" target=\"_blank\" rel=\"noreferrer noopener\">Az. VI ZR 286\/19<\/a>, zur Haftung des Halters eines Anh\u00e4ngers)<\/p>\n\n\n\n<p>Im Einzelfall muss entschieden werden, ob dies der Fall ist. Dabei m\u00fcssen alle Umst\u00e4nde ber\u00fccksichtigt werden.<\/p>\n\n\n\n<h2 class=\"wp-block-heading\"><strong>Der Schaden muss mit durch das Kraftfahrzeug gepr\u00e4gt sein!<\/strong><\/h2>\n\n\n\n<p>Das OLG stimmte dem Geb\u00e4udeversicherer zu, dass das Betanken eines <a href=\"https:\/\/voigt-alte-seite.dgwip.de\/stichworte\/verkehr-recht\/kraftfahrzeug\/\" target=\"_blank\" rel=\"noreferrer noopener\">Kraftfahrzeugs<\/a> vom Grundsatz her eng mit dessen Betrieb zusammenh\u00e4ngt. Auch das \u00d6ffnen des Benzinkanisters dient unstreitig dem Betrieb des Fahrzeugs.<\/p>\n\n\n\n<p>Das Gericht konnte in dem vorliegenden Sachverhalt jedoch keinen Zusammenhang zwischen dem \u00d6ffnen des Kanisters und den vom Fahrzeug ausgehenden Gefahren erkennen. Denn unstreitig war das Fahrzeug an dem Brandgeschehen nicht beteiligt. Insbesondere hatte es weder eine Ursache f\u00fcr die Entz\u00fcndung des Kanisters gegeben, noch war es durch den Brand des Kanisters besch\u00e4digt worden.<\/p>\n\n\n\n<h2 class=\"wp-block-heading\"><strong>Die verwirklichte Gefahr muss dem Kraftfahrzeug innewohnen!<\/strong><\/h2>\n\n\n\n<p>Dem Gericht zufolge sei &#8220;Tanken&#8221; zwar ein Betriebsvorgang. Allerdings hatte sich der Kanister entz\u00fcndet, bevor mit der Betankung im eigentlichen Sinne begonnen worden war. Eine vom Fahrzeug, hier speziell vom Tank, ausgehende spezifische Gefahr konnte sich daher noch nicht verwirklichen. <\/p>\n\n\n\n<p>Eine Haftung aus <a href=\"https:\/\/voigt-alte-seite.dgwip.de\/stichworte\/unfallschadenregulierung\/betriebsgefahr\/\" target=\"_blank\" rel=\"noreferrer noopener\">Betriebsgefahr<\/a> d\u00fcrfte auch dann fraglich sein, wenn\u00a0der Fahrer vor dem Tankvorgang mit einem Feuerzeug hantiert und dadurch Benzind\u00e4mpfe entz\u00fcndet.<\/p>\n\n\n\n<figure class=\"wp-block-gallery has-nested-images columns-default is-cropped wp-block-gallery-1 is-layout-flex wp-block-gallery-is-layout-flex\">\n<figure class=\"wp-block-image size-large\"><img loading=\"lazy\" decoding=\"async\" width=\"1024\" height=\"681\" data-id=\"50830\" src=\"https:\/\/voigt-alte-seite.dgwip.de\/wp-content\/uploads\/2024\/12\/20161204BrandTankstelle1.jpg\" alt=\"Auto und Tankstelle brennen nach Hantieren mit Feuerzeug!\" class=\"wp-image-50830\" srcset=\"https:\/\/voigt-alte-seite.dgwip.de\/wp-content\/uploads\/2024\/12\/20161204BrandTankstelle1.jpg 1024w, https:\/\/voigt-alte-seite.dgwip.de\/wp-content\/uploads\/2024\/12\/20161204BrandTankstelle1-300x200.jpg 300w, https:\/\/voigt-alte-seite.dgwip.de\/wp-content\/uploads\/2024\/12\/20161204BrandTankstelle1-768x511.jpg 768w\" sizes=\"auto, (max-width: 1024px) 100vw, 1024px\" \/><\/figure>\n<\/figure>\n\n\n\n<h2 class=\"wp-block-heading\"><strong>Fazit<\/strong><\/h2>\n\n\n\n<p>Der Begriff des &#8220;Betriebs&#8221; im Sinne von <a href=\"https:\/\/www.gesetze-im-internet.de\/stvg\/__7.html\" target=\"_blank\" rel=\"noreferrer noopener\">\u00a7 7 Abs. 1 StVG<\/a> ist inzwischen zwar weit gefasst. Dennoch gilt: Nicht jeder Schaden, der entfernt im Zusammenhang mit dem Kraftfahrzeug steht, wird von der Haftung aus Betriebsgefahr erfasst.<\/p>\n\n\n\n<p>Das \u00d6ffnen des Benzinkanisters hat eben keinen spezifischen Zusammenhang mit dem Betrieb des Fahrzeugs. Deshalb kann es auch keine Haftung f\u00fcr Sch\u00e4den geben, bei denen das Fahrzeug in keiner Weise beteiligt ist.<\/p>\n\n\n\n<p><strong>Wurden sie in einen Schadenfall verwickelt, bei dem die Schuldfrage problematisch ist?<\/strong><\/p>\n\n\n\n<p><a href=\"https:\/\/voigt-alte-seite.dgwip.de\/kontakt\/\" target=\"_blank\" rel=\"noreferrer noopener\">Kontaktieren Sie uns!<\/a> <\/p>\n\n\n\n<p><a href=\"https:\/\/voigt-alte-seite.dgwip.de\/voigt-regler\/\" target=\"_blank\" rel=\"noreferrer noopener\">Voigt regelt!<\/a><\/p>\n\n\n\n<p><\/p>\n\n\n\n<p><\/p>\n\n\n\n<p><\/p>\n\n\n\n<p style=\"font-size:12px\">Bildnachweis(e): Titel: Feuerwehr Lage; Beitrag: Polizei Rheinland-Pfalz<\/p>\n\n\n\n<p><\/p>\n","protected":false},"excerpt":{"rendered":"<p>Ein Reservekanister aus Kunststoff hatte sich beim \u00d6ffnen infolge elektrostatischer Aufladung selbst entz\u00fcndet und u.a. zu Ru\u00dfsch\u00e4den an einer Hausfassade gef\u00fchrt.<\/p>\n<p>Im Mittelpunkt des Rechtsstreits zwischen dem Geb\u00e4udeversicherer und dem Kfz-Versicherer stand die Frage, ob der Brand &#8220;beim Betrieb eines Kraftfahrzeugs&#8221; im Sinne des \u00a7 7 Abs. 1 StVG entstanden war.<\/p>\n","protected":false},"author":7,"featured_media":50833,"comment_status":"closed","ping_status":"closed","sticky":false,"template":"","format":"standard","meta":{"_acf_changed":false,"_seopress_robots_primary_cat":"none","_seopress_titles_title":"Reservekanister brennt \u2013 Haftung aus Betriebsgefahr?","_seopress_titles_desc":"Reservekanister f\u00e4ngt Feuer \u2013 Haftung aus Betriebsgefahr?","_seopress_robots_index":"","_relevanssi_hide_post":"","_relevanssi_hide_content":"","_relevanssi_pin_for_all":"","_relevanssi_pin_keywords":"","_relevanssi_unpin_keywords":"","_relevanssi_related_keywords":"","_relevanssi_related_include_ids":"","_relevanssi_related_exclude_ids":"","_relevanssi_related_no_append":"","_relevanssi_related_not_related":"","_relevanssi_related_posts":"45146,43756,33951,6943,10197,9469","_relevanssi_noindex_reason":"","_uag_custom_page_level_css":"","footnotes":""},"categories":[1303],"tags":[74,356],"class_list":["post-50826","post","type-post","status-publish","format-standard","has-post-thumbnail","hentry","category-special","tag-betriebsgefahr","tag-unfallschadenregulierung"],"acf":[],"uagb_featured_image_src":{"full":["https:\/\/voigt-alte-seite.dgwip.de\/wp-content\/uploads\/2024\/12\/A426CD26-8406-426E-9A64-2DAB0A42A13A.jpeg",1248,600,false],"thumbnail":["https:\/\/voigt-alte-seite.dgwip.de\/wp-content\/uploads\/2024\/12\/A426CD26-8406-426E-9A64-2DAB0A42A13A-150x150.jpeg",150,150,true],"medium":["https:\/\/voigt-alte-seite.dgwip.de\/wp-content\/uploads\/2024\/12\/A426CD26-8406-426E-9A64-2DAB0A42A13A-300x144.jpeg",300,144,true],"medium_large":["https:\/\/voigt-alte-seite.dgwip.de\/wp-content\/uploads\/2024\/12\/A426CD26-8406-426E-9A64-2DAB0A42A13A-768x369.jpeg",768,369,true],"large":["https:\/\/voigt-alte-seite.dgwip.de\/wp-content\/uploads\/2024\/12\/A426CD26-8406-426E-9A64-2DAB0A42A13A-1024x492.jpeg",1024,492,true],"1536x1536":["https:\/\/voigt-alte-seite.dgwip.de\/wp-content\/uploads\/2024\/12\/A426CD26-8406-426E-9A64-2DAB0A42A13A.jpeg",1248,600,false],"2048x2048":["https:\/\/voigt-alte-seite.dgwip.de\/wp-content\/uploads\/2024\/12\/A426CD26-8406-426E-9A64-2DAB0A42A13A.jpeg",1248,600,false]},"uagb_author_info":{"display_name":"henning.hammer","author_link":"https:\/\/voigt-alte-seite.dgwip.de\/?author=7"},"uagb_comment_info":0,"uagb_excerpt":"Ein Reservekanister aus Kunststoff hatte sich beim \u00d6ffnen infolge elektrostatischer Aufladung selbst entz\u00fcndet und u.a. zu Ru\u00dfsch\u00e4den an einer Hausfassade gef\u00fchrt. Im Mittelpunkt des Rechtsstreits zwischen dem Geb\u00e4udeversicherer und dem Kfz-Versicherer stand die Frage, ob der Brand \"beim Betrieb eines Kraftfahrzeugs\" im Sinne des \u00a7 7 Abs. 1 StVG entstanden war.","_links":{"self":[{"href":"https:\/\/voigt-alte-seite.dgwip.de\/index.php?rest_route=\/wp\/v2\/posts\/50826","targetHints":{"allow":["GET"]}}],"collection":[{"href":"https:\/\/voigt-alte-seite.dgwip.de\/index.php?rest_route=\/wp\/v2\/posts"}],"about":[{"href":"https:\/\/voigt-alte-seite.dgwip.de\/index.php?rest_route=\/wp\/v2\/types\/post"}],"author":[{"embeddable":true,"href":"https:\/\/voigt-alte-seite.dgwip.de\/index.php?rest_route=\/wp\/v2\/users\/7"}],"replies":[{"embeddable":true,"href":"https:\/\/voigt-alte-seite.dgwip.de\/index.php?rest_route=%2Fwp%2Fv2%2Fcomments&post=50826"}],"version-history":[{"count":14,"href":"https:\/\/voigt-alte-seite.dgwip.de\/index.php?rest_route=\/wp\/v2\/posts\/50826\/revisions"}],"predecessor-version":[{"id":54856,"href":"https:\/\/voigt-alte-seite.dgwip.de\/index.php?rest_route=\/wp\/v2\/posts\/50826\/revisions\/54856"}],"wp:featuredmedia":[{"embeddable":true,"href":"https:\/\/voigt-alte-seite.dgwip.de\/index.php?rest_route=\/wp\/v2\/media\/50833"}],"wp:attachment":[{"href":"https:\/\/voigt-alte-seite.dgwip.de\/index.php?rest_route=%2Fwp%2Fv2%2Fmedia&parent=50826"}],"wp:term":[{"taxonomy":"category","embeddable":true,"href":"https:\/\/voigt-alte-seite.dgwip.de\/index.php?rest_route=%2Fwp%2Fv2%2Fcategories&post=50826"},{"taxonomy":"post_tag","embeddable":true,"href":"https:\/\/voigt-alte-seite.dgwip.de\/index.php?rest_route=%2Fwp%2Fv2%2Ftags&post=50826"}],"curies":[{"name":"wp","href":"https:\/\/api.w.org\/{rel}","templated":true}]}}