{"id":50885,"date":"2024-12-10T08:55:43","date_gmt":"2024-12-10T07:55:43","guid":{"rendered":"https:\/\/voigt-alte-seite.dgwip.de\/?p=50885"},"modified":"2026-04-29T12:37:29","modified_gmt":"2026-04-29T10:37:29","slug":"radfahrer-fahrt-auf-falscher-seite-autofahrer-haftet","status":"publish","type":"post","link":"https:\/\/voigt-alte-seite.dgwip.de\/?p=50885","title":{"rendered":"Radfahrer f\u00e4hrt auf falscher Seite! Autofahrer haftet trotzdem!"},"content":{"rendered":"\n<h3 class=\"wp-block-heading\"><strong>Ausgangslage: Urteil des Landgerichts L\u00fcbeck<\/strong><\/h3>\n\n\n\n<p>Das Landgericht L\u00fcbeck hatte ein <a href=\"https:\/\/voigt-alte-seite.dgwip.de\/stichworte\/unfallschadenregulierung\/mitverschulden\/\" target=\"_blank\" rel=\"noreferrer noopener\">Mitverschulden<\/a> des Radfahrers von 75 % angenommen und die Anspr\u00fcche entsprechend gek\u00fcrzt. Gegen dieses Urteil hatte der Radfahrer Berufung eingelegt. <\/p>\n\n\n\n<p>In der Sache war der Anspruch des Radfahrers unstreitig!<\/p>\n\n\n\n<p>Dass sich der Unfall beim Betrieb eines Kraftfahrzeugs im Sinne des <a href=\"https:\/\/www.gesetze-im-internet.de\/stvg\/__7.html\" target=\"_blank\" rel=\"noreferrer noopener\">\u00a7 7 StVG<\/a> ereignet hatte, war ebenso wenig zweifelhaft wie die Frage, ob sich der Radfahrer ein Mitverschulden im Sinne des <a href=\"https:\/\/www.gesetze-im-internet.de\/stvg\/__9.html\" target=\"_blank\" rel=\"noreferrer noopener\">\u00a7 9 StVG<\/a> anrechnen lassen musste.<\/p>\n\n\n\n<p>Das OLG Schleswig hatte zu kl\u00e4ren, ob und in welchem Umfang diese K\u00fcrzung gerechtfertigt war. Es hatte an der Entscheidung des Landgerichts nichts zu beanstanden.<\/p>\n\n\n\n<p>Zwar geh\u00f6ren Radfahrer zu den schw\u00e4cheren und verletzungsanf\u00e4lligeren Verkehrsteilnehmern, weshalb von Autofahrern besondere R\u00fccksichtnahme erwartet werden kann. Gesetzgeberisch hat sich dies z.B. in den Sonderregelungen zur Einhaltung des <a href=\"https:\/\/voigt-alte-seite.dgwip.de\/stichworte\/ordnungswidrigkeitenrecht\/seitenabstand\/\" target=\"_blank\" rel=\"noreferrer noopener\">seitlichen Mindestabstandes<\/a> und eben auch zum Abbiegen niedergeschlagen. Dies reicht jedoch nicht aus, um Radfahrer von der Einhaltung der Verkehrsregeln zu entbinden.<\/p>\n\n\n\n<p><strong>Verkehrswidrig fahrende Radfahrer tragen ein erh\u00f6htes Mitverschulden!<\/strong><\/p>\n\n\n\n<p>Die Grundregel des <a href=\"https:\/\/www.gesetze-im-internet.de\/stvo_2013\/__1.html\" target=\"_blank\" rel=\"noreferrer noopener\">\u00a7 1 StVO<\/a>, wonach die Teilnahme am Stra\u00dfenverkehr nicht nur st\u00e4ndige Vorsicht und gegenseitige R\u00fccksichtnahme erfordert, sondern jeder Verkehrsteilnehmer sich auch so zu verhalten hat, dass kein anderer gesch\u00e4digt, gef\u00e4hrdet oder mehr als nach den Umst\u00e4nden unvermeidbar behindert oder bel\u00e4stigt wird, gilt ausnahmslos sowohl f\u00fcr Kraft- als auch f\u00fcr Radfahrer.<\/p>\n\n\n\n<p>Daraus folgt f\u00fcr das OLG Schleswig-Holstein, dass sich ein erwachsener Radfahrer, der verbotswidrig mit 10 &#8211; 27,5 km\/h auf einem Gehweg f\u00e4hrt, als Gesch\u00e4digter ein erhebliches Mitverschulden von 75 % entgegenhalten lassen muss, wenn er eine Stra\u00dfe \u00fcber einen abgesenkten Bordstein \u00fcberquert, ohne seiner Wartepflicht nachzukommen.<\/p>\n\n\n\n<p><strong>Dem Kraftfahrer konnte kein kausaler Versto\u00df vorgeworfen werden<\/strong>!<\/p>\n\n\n\n<p>Dies hat zur Folge, dass einem nach rechts abbiegenden Kraftfahrer kein kausaler Versto\u00df gegen <a href=\"https:\/\/www.gesetze-im-internet.de\/stvo_2013\/__8.html\" target=\"_blank\" rel=\"noreferrer noopener\">\u00a7 8 Abs. 1 StVO<\/a> bzw. <a href=\"https:\/\/www.gesetze-im-internet.de\/stvo_2013\/__9.html\" target=\"_blank\" rel=\"noreferrer noopener\">\u00a7 9 Abs. 1 Satz 4 und Abs. 3 Satz 1 StVO<\/a> vorgeworfen werden kann, wenn er mit dem verbotswidrig den parallel zur Fahrbahn verlaufenden Gehweg benutzenden Radfahrer kollidiert.<\/p>\n\n\n\n<p>Denn sowohl <a href=\"https:\/\/www.gesetze-im-internet.de\/stvo_2013\/__8.html\" target=\"_blank\" rel=\"noreferrer noopener\">\u00a7 8 Abs. 1 StVO<\/a> als auch <a href=\"https:\/\/www.gesetze-im-internet.de\/stvo_2013\/__9.html\" target=\"_blank\" rel=\"noreferrer noopener\">\u00a7 9 Abs. 1 Satz 4 und Abs. 3 Satz 1 StVO<\/a> dienen allein dem Schutz des nachfolgenden Verkehrs. Wer als Radfahrer verbotswidrig einen parallel zur Fahrbahn verlaufenden Gehweg befahren hat, kann den erh\u00f6hten Schutz, der sich aus den besonderen Abbiege- und Vorfahrtsregelungen ergibt, nicht f\u00fcr sich in Anspruch nehmen.<\/p>\n\n\n\n<p>So hatte z.B. auch das OLG M\u00fcnchen einer Radfahrerin den Anspruch auf Schadensersatz mit der Begr\u00fcndung abgesprochen, dass der Unfall aufgrund ihres Verhaltens f\u00fcr den f\u00fcr den Fahrer des Wagens unvermeidbar gewesen war (<a href=\"https:\/\/voigt-alte-seite.dgwip.de\/aktuelles\/kein-schmerzensgeld-fuer-radfahrerin\/\">Kein Schmerzensgeld f\u00fcr Radfahrerin)<\/a>.<\/p>\n\n\n\n<p><\/p>\n\n\n\n<p><strong>Autofahrer m\u00fcssen mit verkehrswidrig fahrenden Radfahrern rechnen!<\/strong><\/p>\n\n\n\n<p>Das alles \u00e4ndert aber nichts daran, dass sich ein Kraftfahrer beim Rechtsabbiegen einen Versto\u00df gegen das allgemeine R\u00fccksichtnahmegebot nach <a href=\"https:\/\/www.gesetze-im-internet.de\/stvo_2013\/__1.html\" target=\"_blank\" rel=\"noreferrer noopener\">\u00a7 1 Abs. 2 StVO<\/a> vorwerfen lassen muss, wenn er bei geh\u00f6riger Sorgfalt den Radfahrer rechtzeitig h\u00e4tte erkennen und die Kollision h\u00e4tte vermeiden k\u00f6nnen. Diese Pflicht beinhaltet, sich so zu verhalten, dass bei Anwendung der gebotenen Sorgfalt ein Unfall vermieden wird.<\/p>\n\n\n\n<p>So hatte z.B. das Landgericht Hanau entschieden, dass der aus einem Grundst\u00fcck mit dem PKW in den Stra\u00dfenverkehr Einfahrende bei einer Kollision mit einem Fahrradfahrer auch dann den Unfall allein verursacht haben und f\u00fcr die entstandenen Sch\u00e4den haften kann, wenn der Fahrradfahrer verkehrswidrig nicht den gekennzeichneten Fahrradweg benutzt hat, sondern auf der Stra\u00dfe gefahren ist. (LG Hanau, Beschl. v. 30.08.2023, <a href=\"https:\/\/www.rv.hessenrecht.hessen.de\/bshe\/document\/LARE240001428\" target=\"_blank\" rel=\"noreferrer noopener\">Az. 2 S 65\/22<\/a>).<\/p>\n\n\n\n<p><strong>Fazit<\/strong><\/p>\n\n\n\n<p>Das Urteil des OLG Schleswig l\u00e4sst sich auf zwei S\u00e4tze reduzieren:<\/p>\n\n\n\n<p>Verkehrsregeln gelten f\u00fcr Auto- und Radfahrer gleicherma\u00dfen.<\/p>\n\n\n\n<p>Wer Verkehrsregeln missachtet haftet oder hat im Schadenfall nur einen reduzierten Anspruch auf Schadenersatz (s.a. <a href=\"https:\/\/voigt-alte-seite.dgwip.de\/aktuelles\/mithaftung-bei-fahrt-entgegen-fahrtrichtung-zum-urteil-des-olg-hamm-vom-04082017-az-9-u-17316\/\">Mithaftung bei Fahrt entgegen Fahrtrichtung)<\/a>.<\/p>\n\n\n\n<p>Sollten Sie in einen Verkehrsunfall verwickelt worden sein, kontaktieren Sie uns umgehend und nicht erst dann, wenn es hinsichtlich Ihrer Haftung oder Ihres <a href=\"https:\/\/voigt-alte-seite.dgwip.de\/rechtstipps\/was-gilt-fuer-die-haftung-bei-autounfaellen\/\" target=\"_blank\" rel=\"noreferrer noopener\">Anspruchs auf Schadenersatz<\/a> zu Problemen gekommen ist.<\/p>\n\n\n\n<p>Sie wissen doch: <a href=\"https:\/\/voigt-alte-seite.dgwip.de\/voigt-regler\/\" target=\"_blank\" rel=\"noreferrer noopener\"><strong>Voigt regelt!<\/strong><\/a><\/p>\n\n\n\n<p><\/p>\n","protected":false},"excerpt":{"rendered":"<p>Als ein Autofahrer nach rechts in eine Stra\u00dfe abbiegen wollte, stie\u00df er mit einem Radfahrer zusammen. Dieser war in Fahrtrichtung neben der Fahrbahn, aber verbotswidrig auf dem Gehweg gefahren. Bei dem Zusammensto\u00df wurde der Radfahrer nicht nur von seinem Fahrrad gesto\u00dfen, sondern auch von dem Auto \u00fcberrollt und schwer verletzt.<\/p>\n","protected":false},"author":7,"featured_media":50894,"comment_status":"closed","ping_status":"closed","sticky":false,"template":"","format":"standard","meta":{"_acf_changed":false,"_seopress_robots_primary_cat":"1311","_seopress_titles_title":"Radfahrer f\u00e4hrt auf falscher Seite! Autofahrer haftet!","_seopress_titles_desc":"Wer haftet, wenn ein Radfahrer verbotenerweise den Gehweg nutzt und verunfallt? Ihr Schadenersatz kann erheblich gek\u00fcrzt werden. Jetzt informieren & Anspr\u00fcche sichern","_seopress_robots_index":"","_relevanssi_hide_post":"","_relevanssi_hide_content":"","_relevanssi_pin_for_all":"","_relevanssi_pin_keywords":"","_relevanssi_unpin_keywords":"","_relevanssi_related_keywords":"","_relevanssi_related_include_ids":"","_relevanssi_related_exclude_ids":"","_relevanssi_related_no_append":"","_relevanssi_related_not_related":"","_relevanssi_related_posts":"9557,13361,46361,6369,43111,9899","_relevanssi_noindex_reason":"","_uag_custom_page_level_css":"","footnotes":""},"categories":[1311],"tags":[1490,404],"class_list":["post-50885","post","type-post","status-publish","format-standard","has-post-thumbnail","hentry","category-rechtsprechung","tag-radfahrer","tag-verkehr-recht"],"acf":[],"uagb_featured_image_src":{"full":["https:\/\/voigt-alte-seite.dgwip.de\/wp-content\/uploads\/2024\/12\/pexels-matreding-11673916-scaled.jpg",2560,1706,false],"thumbnail":["https:\/\/voigt-alte-seite.dgwip.de\/wp-content\/uploads\/2024\/12\/pexels-matreding-11673916-150x150.jpg",150,150,true],"medium":["https:\/\/voigt-alte-seite.dgwip.de\/wp-content\/uploads\/2024\/12\/pexels-matreding-11673916-300x200.jpg",300,200,true],"medium_large":["https:\/\/voigt-alte-seite.dgwip.de\/wp-content\/uploads\/2024\/12\/pexels-matreding-11673916-768x512.jpg",768,512,true],"large":["https:\/\/voigt-alte-seite.dgwip.de\/wp-content\/uploads\/2024\/12\/pexels-matreding-11673916-1024x683.jpg",1024,683,true],"1536x1536":["https:\/\/voigt-alte-seite.dgwip.de\/wp-content\/uploads\/2024\/12\/pexels-matreding-11673916-1536x1024.jpg",1536,1024,true],"2048x2048":["https:\/\/voigt-alte-seite.dgwip.de\/wp-content\/uploads\/2024\/12\/pexels-matreding-11673916-2048x1365.jpg",2048,1365,true]},"uagb_author_info":{"display_name":"henning.hammer","author_link":"https:\/\/voigt-alte-seite.dgwip.de\/?author=7"},"uagb_comment_info":0,"uagb_excerpt":"Als ein Autofahrer nach rechts in eine Stra\u00dfe abbiegen wollte, stie\u00df er mit einem Radfahrer zusammen. Dieser war in Fahrtrichtung neben der Fahrbahn, aber verbotswidrig auf dem Gehweg gefahren. Bei dem Zusammensto\u00df wurde der Radfahrer nicht nur von seinem Fahrrad gesto\u00dfen, sondern auch von dem Auto \u00fcberrollt und schwer verletzt.","_links":{"self":[{"href":"https:\/\/voigt-alte-seite.dgwip.de\/index.php?rest_route=\/wp\/v2\/posts\/50885","targetHints":{"allow":["GET"]}}],"collection":[{"href":"https:\/\/voigt-alte-seite.dgwip.de\/index.php?rest_route=\/wp\/v2\/posts"}],"about":[{"href":"https:\/\/voigt-alte-seite.dgwip.de\/index.php?rest_route=\/wp\/v2\/types\/post"}],"author":[{"embeddable":true,"href":"https:\/\/voigt-alte-seite.dgwip.de\/index.php?rest_route=\/wp\/v2\/users\/7"}],"replies":[{"embeddable":true,"href":"https:\/\/voigt-alte-seite.dgwip.de\/index.php?rest_route=%2Fwp%2Fv2%2Fcomments&post=50885"}],"version-history":[{"count":15,"href":"https:\/\/voigt-alte-seite.dgwip.de\/index.php?rest_route=\/wp\/v2\/posts\/50885\/revisions"}],"predecessor-version":[{"id":57783,"href":"https:\/\/voigt-alte-seite.dgwip.de\/index.php?rest_route=\/wp\/v2\/posts\/50885\/revisions\/57783"}],"wp:featuredmedia":[{"embeddable":true,"href":"https:\/\/voigt-alte-seite.dgwip.de\/index.php?rest_route=\/wp\/v2\/media\/50894"}],"wp:attachment":[{"href":"https:\/\/voigt-alte-seite.dgwip.de\/index.php?rest_route=%2Fwp%2Fv2%2Fmedia&parent=50885"}],"wp:term":[{"taxonomy":"category","embeddable":true,"href":"https:\/\/voigt-alte-seite.dgwip.de\/index.php?rest_route=%2Fwp%2Fv2%2Fcategories&post=50885"},{"taxonomy":"post_tag","embeddable":true,"href":"https:\/\/voigt-alte-seite.dgwip.de\/index.php?rest_route=%2Fwp%2Fv2%2Ftags&post=50885"}],"curies":[{"name":"wp","href":"https:\/\/api.w.org\/{rel}","templated":true}]}}