{"id":51497,"date":"2025-02-03T06:35:00","date_gmt":"2025-02-03T05:35:00","guid":{"rendered":"https:\/\/voigt-alte-seite.dgwip.de\/?p=51497"},"modified":"2025-02-10T10:45:06","modified_gmt":"2025-02-10T09:45:06","slug":"gibt-es-nutzungsausfallentschaedigung-auch-bei-eigenreparatur","status":"publish","type":"post","link":"https:\/\/voigt-alte-seite.dgwip.de\/?p=51497","title":{"rendered":"Nutzungsausfallentsch\u00e4digung auch bei Eigenreparatur?"},"content":{"rendered":"\n<p>F\u00e4llt ein Fahrzeug unfallbedingt aus, k\u00f6nnen dem Gesch\u00e4digten Anspr\u00fcche auf den Ersatz sogenannter Besitzsch\u00e4den wegen der Nutzungsausfallzeiten w\u00e4hrend der Reparatur zustehen. Ob es sich dabei um Mietwagenkosten, den Ersatz einer Nutzungsausfallentsch\u00e4digung oder einen konkreten Ausfallschaden handelt, ist vom Grundsatz her unerheblich (z.B. LG Halle (Saale), Urt. v. 10.10.2024, <a href=\"https:\/\/www.landesrecht.sachsen-anhalt.de\/bsst\/document\/NJRE001596585\" target=\"_blank\" rel=\"noreferrer noopener\">Az. 4 O 224\/24<\/a>).<\/p>\n\n\n\n<p><strong>Die Ausfallzeit des Fahrzeugs entscheidet!<\/strong><\/p>\n\n\n\n<p>Was den Ersatz der Mietwagenkosten betrifft, so ist er auf die erforderliche Ausfallzeit des Fahrzeugs, die sich aus der notwendigen Reparatur- oder Wiederbeschaffungsdauer zuz\u00fcglich der Zeit f\u00fcr die Schadenfeststellung und ggf. einer angemessenen \u00dcberlegungszeit zusammensetzt. Die f\u00fcr die vorherige Einholung eines Sachverst\u00e4ndigengutachtens erforderliche Zeit sowie der Unfalltag ist ebenfalls ber\u00fccksichtigungsf\u00e4hig.<\/p>\n\n\n\n<p><strong>Die Instandsetzung in einer Fachwerkstatt ist unproblematisch!<\/strong><\/p>\n\n\n\n<p>Allerdings ist dabei nicht der von einem Sachverst\u00e4ndigen gesch\u00e4tzte (fiktive), sondern der durch die Reparatur oder bis zur Ersatzbeschaffung tats\u00e4chlich verstrichene Zeitraum ma\u00dfgeblich (vgl. LG Saarbr\u00fccken, Urt. v. 12.09.2024, <a href=\"https:\/\/recht.saarland.de\/bssl\/document\/NJRE001593042\" target=\"_blank\" rel=\"noreferrer noopener\">Az. 13 S 108\/23<\/a>). Die gleichen Prinzipien gelten auch f\u00fcr den Nutzungsausfallschaden, wenn der Gesch\u00e4digte auf einen Mietwagen verzichtet.<\/p>\n\n\n\n<p>Bei der Reparatur in einer Fachwerkstatt ist der Gesch\u00e4digt daher auf der sicheren Seite. Ma\u00dfgeblich ist der Zeitraum, der f\u00fcr die Instandsetzung erforderlich ist und der sich in der Regel aus dem Sachverst\u00e4ndigengutachten ergibt.<\/p>\n\n\n\n<p>Verz\u00f6gerungen bei der Durchf\u00fchrung der Reparatur, die der Gesch\u00e4digten nicht zu vertreten hat, gehen zu Lasten des Sch\u00e4digers. Dies gilt z.B. wenn &#8211; vertretbare &#8211; Verz\u00f6gerungen auf unvorhersehbaren Ersatzteillieferschwierigkeiten beruhen (aber OLG Zweibr\u00fccken, Urt. v. 11.10.2023, <a href=\"https:\/\/www.landesrecht.rlp.de\/bsrp\/document\/NJRE001572943\" target=\"_blank\" rel=\"noreferrer noopener\">Az. 1 U 27\/23<\/a>).<\/p>\n\n\n\n<p>Kurzum, den Gesch\u00e4digten darf keine Verletzung der Schadensminderungspflicht aus \u00a7 254 II BGB treffen, z.B. aufgrund eines Auswahlverschuldens (vgl. OLG D\u00fcsseldorf, Urt. v. 09.03.2021, <a href=\"https:\/\/nrwe.justiz.nrw.de\/olgs\/duesseldorf\/j2021\/1_U_77_20_Urteil_20210309.html\" target=\"_blank\" rel=\"noreferrer noopener\">I-1 U 77\/20<\/a>; OLG D\u00fcsseldorf, Urt. v. 19.5.2011, <a href=\"https:\/\/nrwe.justiz.nrw.de\/olgs\/duesseldorf\/j2011\/I_1_U_232_07urteil20110519.html\" target=\"_blank\" rel=\"noreferrer noopener\">I-1 U 232\/07<\/a>, (vgl. OLG Frankfurt a. M., Urt. v. 23.1.1985, Az. 17 U 296\/83; AG Velbert, Urt. v. 12.12.2023, <a href=\"https:\/\/nrwe.justiz.nrw.de\/lgs\/wuppertal\/ag_velbert\/j2023\/17_C_102_23_Urteil_20231212.html\" target=\"_blank\" rel=\"noreferrer noopener\">Az. 17 C 102\/23<\/a>) oder weil er den Versicherer des Sch\u00e4digers \u2013 entgegen besseren Wissens, nicht \u00fcber eine ungew\u00f6hnliche H\u00f6he informiert hat ( z.B. OLG Bremen, Beschl. v. 26.03.2019, Az. 1 U 1\/19).<\/p>\n\n\n\n<p><strong>Welche Ausfallzeit gilt bei Eigenreparatur?<\/strong><\/p>\n\n\n\n<p>Grunds\u00e4tzlich besteht der Anspruch auf Nutzungsausfallentsch\u00e4digung auch bei einer Reparatur in Eigenregie. Da aber eine Werkstattrechnung als Nachweis fehlt, muss der Gesch\u00e4digte auf andere Weise nachweisen, dass der mit der Nutzung verkn\u00fcpfte Gebrauchsvorteil tats\u00e4chlich unfallbedingt entzogen wurde (AG L\u00fcbeck, Urt. v. 09.09. 2022, <a href=\"https:\/\/www.gesetze-rechtsprechung.sh.juris.de\/bssh\/search\" target=\"_blank\" rel=\"noreferrer noopener\">Az. 21 C 736\/22<\/a>, unter Bezugnahme auf OLG Frankfurt, Beschluss vom 18.02.2010, <a href=\"https:\/\/www.rv.hessenrecht.hessen.de\/bshe\/document\/LARE190014851\" target=\"_blank\" rel=\"noreferrer noopener\">Az. 10 U 60\/09<\/a>; KG Berlin, Beschl. v. 27.06.2018, <a href=\"https:\/\/gesetze.berlin.de\/bsbe\/document\/NJRE001356481\" target=\"_blank\" rel=\"noreferrer noopener\">Az. 25 U 155\/17<\/a>; OLG Schleswig, Beschl. v. 23.04.2021, <a href=\"https:\/\/www.gesetze-rechtsprechung.sh.juris.de\/bssh\/document\/NJRE001513621\" target=\"_blank\" rel=\"noreferrer noopener\">Az. 7 U 10\/21<\/a>).&nbsp;<\/p>\n\n\n\n<p>Denn auch wenn der Ersatz eines Nutzungsausfallschaden f\u00fcr den Zeitraum, den eine Reparatur in einer Fachwerkstatt in Anspruch genommen h\u00e4tte (BGH, Urt. v. 17.3.1992, <a href=\"https:\/\/research.wolterskluwer-online.de\/document\/f3b82f12-931d-4775-ac45-b1c0e20aa009#\" target=\"_blank\" rel=\"noreferrer noopener\">Az. VI ZR 226\/91<\/a>) und wie sie der beauftragte Sachverst\u00e4ndige gesch\u00e4tzt hat, grunds\u00e4tzlich m\u00f6glich ist, reicht es nicht, wenn der Gesch\u00e4digte lediglich behauptet aber nicht ausreichend vortr\u00e4gt und unter Beweis stellt, wie viele Tage die \u201eEigenreparatur\u201c in Anspruch genommen hat, und dass die Reparatur auch bei der Inanspruchnahme eines Fachmanns ebenfalls so lange gedauert h\u00e4tte.<\/p>\n\n\n\n<p style=\"font-size:12px\">Bildnachweis: pexels-anastasia-shuraeva-8470882<\/p>\n\n\n\n<p><\/p>\n","protected":false},"excerpt":{"rendered":"<p>F\u00e4llt ein Fahrzeug unfallbedingt aus, k\u00f6nnen dem Gesch\u00e4digten Anspr\u00fcche auf den Ersatz sogenannter Besitzsch\u00e4den wegen der Nutzungsausfallzeiten w\u00e4hrend der Reparatur zustehen. Ob es sich dabei um Mietwagenkosten, den Ersatz einer Nutzungsausfallentsch\u00e4digung oder einen konkreten Ausfallschaden handelt, ist vom Grundsatz her unerheblich (z.B. LG Halle (Saale), Urt. v. 10.10.2024, Az. 4 O 224\/24). Die Ausfallzeit des [&hellip;]<\/p>\n","protected":false},"author":7,"featured_media":51530,"comment_status":"closed","ping_status":"closed","sticky":false,"template":"","format":"standard","meta":{"_acf_changed":false,"_seopress_robots_primary_cat":"none","_seopress_titles_title":"","_seopress_titles_desc":"F\u00e4llt ein Fahrzeug unfallbedingt aus, k\u00f6nnen dem Gesch\u00e4digten Anspr\u00fcche auf den Ersatz sogenannter Besitzsch\u00e4den wegen der Nutzungsausfallzeiten w\u00e4hrend der Reparatur zustehen.","_seopress_robots_index":"","_relevanssi_hide_post":"","_relevanssi_hide_content":"","_relevanssi_pin_for_all":"","_relevanssi_pin_keywords":"","_relevanssi_unpin_keywords":"","_relevanssi_related_keywords":"","_relevanssi_related_include_ids":"","_relevanssi_related_exclude_ids":"","_relevanssi_related_no_append":"","_relevanssi_related_not_related":"","_relevanssi_related_posts":"10675,49940,25429,45060,43937,6611","_relevanssi_noindex_reason":"","_uag_custom_page_level_css":"","footnotes":""},"categories":[26,1320],"tags":[],"class_list":["post-51497","post","type-post","status-publish","format-standard","has-post-thumbnail","hentry","category-aktuelles","category-unfallschadenregulierung"],"acf":[],"uagb_featured_image_src":{"full":["https:\/\/voigt-alte-seite.dgwip.de\/wp-content\/uploads\/2025\/01\/pexels-anastasia-shuraeva-8470882.jpg",720,380,false],"thumbnail":["https:\/\/voigt-alte-seite.dgwip.de\/wp-content\/uploads\/2025\/01\/pexels-anastasia-shuraeva-8470882-150x150.jpg",150,150,true],"medium":["https:\/\/voigt-alte-seite.dgwip.de\/wp-content\/uploads\/2025\/01\/pexels-anastasia-shuraeva-8470882-300x158.jpg",300,158,true],"medium_large":["https:\/\/voigt-alte-seite.dgwip.de\/wp-content\/uploads\/2025\/01\/pexels-anastasia-shuraeva-8470882.jpg",720,380,false],"large":["https:\/\/voigt-alte-seite.dgwip.de\/wp-content\/uploads\/2025\/01\/pexels-anastasia-shuraeva-8470882.jpg",720,380,false],"1536x1536":["https:\/\/voigt-alte-seite.dgwip.de\/wp-content\/uploads\/2025\/01\/pexels-anastasia-shuraeva-8470882.jpg",720,380,false],"2048x2048":["https:\/\/voigt-alte-seite.dgwip.de\/wp-content\/uploads\/2025\/01\/pexels-anastasia-shuraeva-8470882.jpg",720,380,false]},"uagb_author_info":{"display_name":"henning.hammer","author_link":"https:\/\/voigt-alte-seite.dgwip.de\/?author=7"},"uagb_comment_info":0,"uagb_excerpt":"F\u00e4llt ein Fahrzeug unfallbedingt aus, k\u00f6nnen dem Gesch\u00e4digten Anspr\u00fcche auf den Ersatz sogenannter Besitzsch\u00e4den wegen der Nutzungsausfallzeiten w\u00e4hrend der Reparatur zustehen. Ob es sich dabei um Mietwagenkosten, den Ersatz einer Nutzungsausfallentsch\u00e4digung oder einen konkreten Ausfallschaden handelt, ist vom Grundsatz her unerheblich (z.B. LG Halle (Saale), Urt. v. 10.10.2024, Az. 4 O 224\/24). Die Ausfallzeit des&hellip;","_links":{"self":[{"href":"https:\/\/voigt-alte-seite.dgwip.de\/index.php?rest_route=\/wp\/v2\/posts\/51497","targetHints":{"allow":["GET"]}}],"collection":[{"href":"https:\/\/voigt-alte-seite.dgwip.de\/index.php?rest_route=\/wp\/v2\/posts"}],"about":[{"href":"https:\/\/voigt-alte-seite.dgwip.de\/index.php?rest_route=\/wp\/v2\/types\/post"}],"author":[{"embeddable":true,"href":"https:\/\/voigt-alte-seite.dgwip.de\/index.php?rest_route=\/wp\/v2\/users\/7"}],"replies":[{"embeddable":true,"href":"https:\/\/voigt-alte-seite.dgwip.de\/index.php?rest_route=%2Fwp%2Fv2%2Fcomments&post=51497"}],"version-history":[{"count":8,"href":"https:\/\/voigt-alte-seite.dgwip.de\/index.php?rest_route=\/wp\/v2\/posts\/51497\/revisions"}],"predecessor-version":[{"id":51635,"href":"https:\/\/voigt-alte-seite.dgwip.de\/index.php?rest_route=\/wp\/v2\/posts\/51497\/revisions\/51635"}],"wp:featuredmedia":[{"embeddable":true,"href":"https:\/\/voigt-alte-seite.dgwip.de\/index.php?rest_route=\/wp\/v2\/media\/51530"}],"wp:attachment":[{"href":"https:\/\/voigt-alte-seite.dgwip.de\/index.php?rest_route=%2Fwp%2Fv2%2Fmedia&parent=51497"}],"wp:term":[{"taxonomy":"category","embeddable":true,"href":"https:\/\/voigt-alte-seite.dgwip.de\/index.php?rest_route=%2Fwp%2Fv2%2Fcategories&post=51497"},{"taxonomy":"post_tag","embeddable":true,"href":"https:\/\/voigt-alte-seite.dgwip.de\/index.php?rest_route=%2Fwp%2Fv2%2Ftags&post=51497"}],"curies":[{"name":"wp","href":"https:\/\/api.w.org\/{rel}","templated":true}]}}