{"id":52392,"date":"2025-04-08T10:14:50","date_gmt":"2025-04-08T08:14:50","guid":{"rendered":"https:\/\/voigt-alte-seite.dgwip.de\/?p=52392"},"modified":"2025-07-04T10:42:58","modified_gmt":"2025-07-04T08:42:58","slug":"auf-wiedersehen","status":"publish","type":"post","link":"https:\/\/voigt-alte-seite.dgwip.de\/?p=52392","title":{"rendered":"Auf Wiedersehen beim ZKF-Branchentreff 2025?"},"content":{"rendered":"\n<p>Dem Anlass angemessen und wie es sich geh\u00f6rt, wird Voigt regelt nur als Aussteller, sondern auch mit einem Fachbeitrag des gesch\u00e4ftsf\u00fchrenden Gesellschafters <a href=\"https:\/\/voigt-alte-seite.dgwip.de\/anwalt\/henning-hamann\/\" target=\"_blank\" rel=\"noreferrer noopener\">Henning Hamann<\/a> vertreten sein.<\/p>\n\n\n\n<p>Dabei wird es nicht nur darum gehen, wie Werkst\u00e4tten die BGH-Urteile des letzten Jahres zu ihrem Vorteil in der Praxis umsetzen k\u00f6nnen, sondern auch darum, wie diese Urteile den Werkst\u00e4tten helfen k\u00f6nnen, Umsatz und Gewinn zu steigern.<\/p>\n\n\n\n<h2 class=\"wp-block-heading\">Der Bundesgerichtshof hat die Chancen aufgezeigt!<\/h2>\n\n\n\n<p>Schlie\u00dflich hat der Bundesgerichtshof mit seinen Entscheidungen nicht nur die Rolle des Gesch\u00e4digten, sondern mittelbar auch die der Werkst\u00e4tten nach einem Verkehrsunfallschaden erheblich gest\u00e4rkt.<\/p>\n\n\n\n<p>Zwar hat er klargestellt, welche Auswirkungen eine Abtretungserkl\u00e4rung auf die Durchsetzbarkeit der Anspr\u00fcche gegen\u00fcber dem Versicherer hat. Zu den abrechnungsf\u00e4higen Positionen hat er sich jedoch nicht ge\u00e4u\u00dfert,&nbsp; und genau hier liegt Ihre Chance!<\/p>\n\n\n\n<h2 class=\"wp-block-heading\">Henning Hamann zeigt, wie Sie die Chancen nutzen k\u00f6nnen!<\/h2>\n\n\n\n<figure class=\"wp-block-image size-full is-resized is-style-default\"><img loading=\"lazy\" decoding=\"async\" width=\"2560\" height=\"1855\" src=\"https:\/\/voigt-alte-seite.dgwip.de\/wp-content\/uploads\/2025\/04\/Henning-Hamann-scaled.jpg\" alt=\"Henning Hamann\" class=\"wp-image-52405\" style=\"width:840px;height:auto\" srcset=\"https:\/\/voigt-alte-seite.dgwip.de\/wp-content\/uploads\/2025\/04\/Henning-Hamann-scaled.jpg 2560w, https:\/\/voigt-alte-seite.dgwip.de\/wp-content\/uploads\/2025\/04\/Henning-Hamann-300x217.jpg 300w, https:\/\/voigt-alte-seite.dgwip.de\/wp-content\/uploads\/2025\/04\/Henning-Hamann-1024x742.jpg 1024w, https:\/\/voigt-alte-seite.dgwip.de\/wp-content\/uploads\/2025\/04\/Henning-Hamann-768x557.jpg 768w, https:\/\/voigt-alte-seite.dgwip.de\/wp-content\/uploads\/2025\/04\/Henning-Hamann-1536x1113.jpg 1536w, https:\/\/voigt-alte-seite.dgwip.de\/wp-content\/uploads\/2025\/04\/Henning-Hamann-2048x1484.jpg 2048w\" sizes=\"auto, (max-width: 2560px) 100vw, 2560px\" \/><\/figure>\n\n\n\n<p>Henning Hamann wird in seinem Vortrag erl\u00e4utern, welche Fallstricke auf die Werkst\u00e4tten lauern und wie sie zuk\u00fcnftig vorgehen m\u00fcssen, um keine Ums\u00e4tze zu verlieren. Dar\u00fcber hinaus wird er die Bedeutung der IFL-Liste hervorheben und anhand konkreter Beispiele aufzeigen, wie Sie den Werkstattumsatz legal steigern k\u00f6nnen!<\/p>\n\n\n\n<h2 class=\"wp-block-heading\">Sind Sie mit dabei?<\/h2>\n\n\n\n<p>Wir w\u00fcrden uns freuen, Sie auf dem <a href=\"https:\/\/zkf-bundesverbandstag.de\/\" target=\"_blank\" rel=\"noreferrer noopener\">ZKF-Bundesverbandstag<\/a> begr\u00fc\u00dfen zu d\u00fcrfen, sei es an unserem Stand oder im Auditorium beim Vortrag von Henning Hamann!<\/p>\n","protected":false},"excerpt":{"rendered":"<p>Der diesj\u00e4hrige Bundesverbandstag des ZKF findet am 23.05.2025 in Weimar statt.<\/p>\n","protected":false},"author":7,"featured_media":52399,"comment_status":"closed","ping_status":"closed","sticky":false,"template":"","format":"standard","meta":{"_acf_changed":false,"_seopress_robots_primary_cat":"none","_seopress_titles_title":"","_seopress_titles_desc":"","_seopress_robots_index":"","_relevanssi_hide_post":"","_relevanssi_hide_content":"","_relevanssi_pin_for_all":"","_relevanssi_pin_keywords":"","_relevanssi_unpin_keywords":"","_relevanssi_related_keywords":"","_relevanssi_related_include_ids":"","_relevanssi_related_exclude_ids":"","_relevanssi_related_no_append":"","_relevanssi_related_not_related":"","_relevanssi_related_posts":"","_relevanssi_noindex_reason":"","_uag_custom_page_level_css":"","footnotes":""},"categories":[26,1298],"tags":[],"class_list":["post-52392","post","type-post","status-publish","format-standard","has-post-thumbnail","hentry","category-aktuelles","category-messen-veranstaltungen"],"acf":[],"uagb_featured_image_src":{"full":["https:\/\/voigt-alte-seite.dgwip.de\/wp-content\/uploads\/2025\/04\/Keyvisual-916x297px-scaled.jpg",2560,830,false],"thumbnail":["https:\/\/voigt-alte-seite.dgwip.de\/wp-content\/uploads\/2025\/04\/Keyvisual-916x297px-150x150.jpg",150,150,true],"medium":["https:\/\/voigt-alte-seite.dgwip.de\/wp-content\/uploads\/2025\/04\/Keyvisual-916x297px-300x97.jpg",300,97,true],"medium_large":["https:\/\/voigt-alte-seite.dgwip.de\/wp-content\/uploads\/2025\/04\/Keyvisual-916x297px-768x249.jpg",768,249,true],"large":["https:\/\/voigt-alte-seite.dgwip.de\/wp-content\/uploads\/2025\/04\/Keyvisual-916x297px-1024x332.jpg",1024,332,true],"1536x1536":["https:\/\/voigt-alte-seite.dgwip.de\/wp-content\/uploads\/2025\/04\/Keyvisual-916x297px-1536x498.jpg",1536,498,true],"2048x2048":["https:\/\/voigt-alte-seite.dgwip.de\/wp-content\/uploads\/2025\/04\/Keyvisual-916x297px-2048x664.jpg",2048,664,true]},"uagb_author_info":{"display_name":"henning.hammer","author_link":"https:\/\/voigt-alte-seite.dgwip.de\/?author=7"},"uagb_comment_info":0,"uagb_excerpt":"Der diesj\u00e4hrige Bundesverbandstag des ZKF findet am 23.05.2025 in Weimar statt.","_links":{"self":[{"href":"https:\/\/voigt-alte-seite.dgwip.de\/index.php?rest_route=\/wp\/v2\/posts\/52392","targetHints":{"allow":["GET"]}}],"collection":[{"href":"https:\/\/voigt-alte-seite.dgwip.de\/index.php?rest_route=\/wp\/v2\/posts"}],"about":[{"href":"https:\/\/voigt-alte-seite.dgwip.de\/index.php?rest_route=\/wp\/v2\/types\/post"}],"author":[{"embeddable":true,"href":"https:\/\/voigt-alte-seite.dgwip.de\/index.php?rest_route=\/wp\/v2\/users\/7"}],"replies":[{"embeddable":true,"href":"https:\/\/voigt-alte-seite.dgwip.de\/index.php?rest_route=%2Fwp%2Fv2%2Fcomments&post=52392"}],"version-history":[{"count":11,"href":"https:\/\/voigt-alte-seite.dgwip.de\/index.php?rest_route=\/wp\/v2\/posts\/52392\/revisions"}],"predecessor-version":[{"id":52413,"href":"https:\/\/voigt-alte-seite.dgwip.de\/index.php?rest_route=\/wp\/v2\/posts\/52392\/revisions\/52413"}],"wp:featuredmedia":[{"embeddable":true,"href":"https:\/\/voigt-alte-seite.dgwip.de\/index.php?rest_route=\/wp\/v2\/media\/52399"}],"wp:attachment":[{"href":"https:\/\/voigt-alte-seite.dgwip.de\/index.php?rest_route=%2Fwp%2Fv2%2Fmedia&parent=52392"}],"wp:term":[{"taxonomy":"category","embeddable":true,"href":"https:\/\/voigt-alte-seite.dgwip.de\/index.php?rest_route=%2Fwp%2Fv2%2Fcategories&post=52392"},{"taxonomy":"post_tag","embeddable":true,"href":"https:\/\/voigt-alte-seite.dgwip.de\/index.php?rest_route=%2Fwp%2Fv2%2Ftags&post=52392"}],"curies":[{"name":"wp","href":"https:\/\/api.w.org\/{rel}","templated":true}]}}