{"id":52465,"date":"2025-04-11T09:56:13","date_gmt":"2025-04-11T07:56:13","guid":{"rendered":"https:\/\/voigt-alte-seite.dgwip.de\/?p=52465"},"modified":"2025-07-04T10:43:40","modified_gmt":"2025-07-04T08:43:40","slug":"regressklagen-gegen-werkstaetten-rueckblick-status-ausblick","status":"publish","type":"post","link":"https:\/\/voigt-alte-seite.dgwip.de\/?p=52465","title":{"rendered":"Regressklagen gegen Werkst\u00e4tten! R\u00fcckblick, Status, Ausblick!"},"content":{"rendered":"\n<p>Erinnern Sie sich noch an Februar 2021? Da haben wir unser allererstes Automotive Online Forum \u00fcberhaupt live aus unserem Studio in Dortmund gesendet. Der damalige Er\u00f6ffnungsvortrag, vorgetragen von Rechtsanwalt <a href=\"http:\/\/newsletter.kanzlei-voigt.de\/c\/105491430\/08243c902-sujjzv\">J\u00f6rg R\u00fcberg<\/a> aus Dortmund, besch\u00e4ftigte sich mit einer damals noch neuen Vorgehensweise einzelner Versicherer.<\/p>\n\n\n\n<p>Der damalige Vortragstitel \u201eK\u00fcrzung durch die Hintert\u00fcr\u201c&nbsp;war die Umschreibung daf\u00fcr, dass Versicherer perspektivisch durch Regressklagen versuchen w\u00fcrden, Forderungen gegen Werkst\u00e4tten durchzusetzen. Wir haben Sie dar\u00fcber informiert, welche wirtschaftlichen Auswirkungen K&amp;L-Betrieben in diesen F\u00e4llen drohen k\u00f6nnen und was beachtet werden sollte.<\/p>\n\n\n\n<p>Bereits zu diesem Zeitpunkt war absolut absehbar, dass Regressklagen in der Zukunft noch deutlich mehr an Fahrt aufnehmen w\u00fcrden.<\/p>\n\n\n\n<h2 class=\"wp-block-heading\"><strong>Worum geht es diese Mal genau?<\/strong><\/h2>\n\n\n\n<p>4 Jahre ist unser erstes Webinar zu dem Thema jetzt alt, aber es ist aktueller denn je \u2013 denn die Regresswelle rollt! Daher schauen wir noch einmal genauer hin und geben Ihnen ein wichtiges Update dazu, auf was Sie jetzt dringend achten m\u00fcssen und was auf Sie zukommen kann. <\/p>\n\n\n\n<p>Wir gehen noch einmal detailliert darauf ein, welche Prozesse im Reparaturbetrieb sp\u00e4testens jetzt unbedingt angepasst sein sollten und kl\u00e4ren die sich in den letzten Monaten rasant entwickelte Frage vieler Werkst\u00e4tten: \u201eWer hilft mir, wenn die Regressklage auf einmal auf meinem Schreibtisch liegt?\u201c<\/p>\n\n\n\n<p> Zusammengefasst erhalten Sie w\u00e4hrend des Live-Webinars einen \u00dcberblick \u00fcber das aktuelle Verhalten der Versicherer und L\u00f6sungswege anhand konkreter Urteile, damit das Gesch\u00e4ft von heute nicht zum Risiko von morgen wird.<\/p>\n\n\n\n<p>Nat\u00fcrlich werden auch dieses Mal Ihre Fragen zum Thema wieder live beantwortet.<\/p>\n\n\n\n<h2 class=\"wp-block-heading\"><strong>Ihre Branche \u2013 Ihre Themen \u2013 Ihr Informationsformat<\/strong><\/h2>\n\n\n\n<p>Erfahren Sie am&nbsp;<strong>07.05.2025<\/strong>&nbsp;von&nbsp;<strong>13:00 \u2013 14:00 Uhr<\/strong>&nbsp;in einem spannenden Impulsvortrag:<\/p>\n\n\n\n<p><strong>Update &#8211; Regressklagen \u2013 R\u00fcckblick, Status, Ausblick! <\/strong>(<a href=\"http:\/\/newsletter.kanzlei-voigt.de\/c\/105491281\/08243c902-sujjzv\">Henning Hamann<\/a>, Rechtsanwalt, Fachanwalt f\u00fcr Verkehrsrecht und Gesch\u00e4ftsf\u00fchrer der Kanzlei Voigt Rechtsanwalts GmbH)<\/p>\n\n\n\n<p>In 60 Minuten bringen es unser Top-Referent f\u00fcr Sie auf den Punkt. Die Teilnahme ist kostenlos. Webcam und Mikrofon werden f\u00fcr eine Teilnahme nicht ben\u00f6tigt.<\/p>\n\n\n\n<p><strong><a href=\"http:\/\/newsletter.kanzlei-voigt.de\/c\/105491431\/08243c902-sujjzv\">Hier geht&#8217;s zur&nbsp;Anmeldung<\/a><\/strong><\/p>\n\n\n\n<p>Wir freuen uns auf Sie!<\/p>\n\n\n\n<p>Herzlichst, Ihr Team der Kanzlei Voigt<\/p>\n\n\n\n<div style=\"height:25px\" aria-hidden=\"true\" class=\"wp-block-spacer\"><\/div>\n\n\n\n<p>Gerne k\u00f6nnen Sie uns bereits im Vorfeld Ihre Fragen oder Ihre Erfahrungen zu dem Thema stellen, auf die wir dann w\u00e4hrend des Vortrages eingehen k\u00f6nnen. Schreiben Sie uns daf\u00fcr bitte einfach eine E-Mail an <a href=\"mailto:akademie@voigt-alte-seite.dgwip.de\">akademie@voigt-alte-seite.dgwip.de<\/a>\u00a0<\/p>\n\n\n\n<p><\/p>\n\n\n\n<p>PS:\u00a0 Sollten Sie eine der ersten Veranstaltungen verpasst haben, stehen Ihnen die Aufzeichnungen kostenfrei auf unserem\u00a0<a href=\"http:\/\/newsletter.kanzlei-voigt.de\/c\/105491432\/08243c902-sujjzv\">Videokanal<\/a> zur Verf\u00fcgung<\/p>\n\n\n\n<p><\/p>\n","protected":false},"excerpt":{"rendered":"<p>Kostenloses Sonderwebinar am 07.05.2025 von 13.00 &#8211; 14.00 Uhr<\/p>\n","protected":false},"author":7,"featured_media":52405,"comment_status":"closed","ping_status":"closed","sticky":false,"template":"","format":"standard","meta":{"_acf_changed":false,"_seopress_robots_primary_cat":"none","_seopress_titles_title":"\"Regressklagen gegen die Werkstatt\"","_seopress_titles_desc":"Bleiben Sie informiert: Entdecken Sie, wie Regressklagen Ihr Gesch\u00e4ft bedrohen und welche Ma\u00dfnahmen Werkst\u00e4tten jetzt ergreifen sollten!","_seopress_robots_index":"","_relevanssi_hide_post":"","_relevanssi_hide_content":"","_relevanssi_pin_for_all":"","_relevanssi_pin_keywords":"","_relevanssi_unpin_keywords":"","_relevanssi_related_keywords":"","_relevanssi_related_include_ids":"","_relevanssi_related_exclude_ids":"","_relevanssi_related_no_append":"","_relevanssi_related_not_related":"","_relevanssi_related_posts":"","_relevanssi_noindex_reason":"","_uag_custom_page_level_css":"","footnotes":""},"categories":[26,1298],"tags":[1522],"class_list":["post-52465","post","type-post","status-publish","format-standard","has-post-thumbnail","hentry","category-aktuelles","category-messen-veranstaltungen","tag-regress"],"acf":[],"uagb_featured_image_src":{"full":["https:\/\/voigt-alte-seite.dgwip.de\/wp-content\/uploads\/2025\/04\/Henning-Hamann-scaled.jpg",2560,1855,false],"thumbnail":["https:\/\/voigt-alte-seite.dgwip.de\/wp-content\/uploads\/2025\/04\/Henning-Hamann-150x150.jpg",150,150,true],"medium":["https:\/\/voigt-alte-seite.dgwip.de\/wp-content\/uploads\/2025\/04\/Henning-Hamann-300x217.jpg",300,217,true],"medium_large":["https:\/\/voigt-alte-seite.dgwip.de\/wp-content\/uploads\/2025\/04\/Henning-Hamann-768x557.jpg",768,557,true],"large":["https:\/\/voigt-alte-seite.dgwip.de\/wp-content\/uploads\/2025\/04\/Henning-Hamann-1024x742.jpg",1024,742,true],"1536x1536":["https:\/\/voigt-alte-seite.dgwip.de\/wp-content\/uploads\/2025\/04\/Henning-Hamann-1536x1113.jpg",1536,1113,true],"2048x2048":["https:\/\/voigt-alte-seite.dgwip.de\/wp-content\/uploads\/2025\/04\/Henning-Hamann-2048x1484.jpg",2048,1484,true]},"uagb_author_info":{"display_name":"henning.hammer","author_link":"https:\/\/voigt-alte-seite.dgwip.de\/?author=7"},"uagb_comment_info":0,"uagb_excerpt":"Kostenloses Sonderwebinar am 07.05.2025 von 13.00 - 14.00 Uhr","_links":{"self":[{"href":"https:\/\/voigt-alte-seite.dgwip.de\/index.php?rest_route=\/wp\/v2\/posts\/52465","targetHints":{"allow":["GET"]}}],"collection":[{"href":"https:\/\/voigt-alte-seite.dgwip.de\/index.php?rest_route=\/wp\/v2\/posts"}],"about":[{"href":"https:\/\/voigt-alte-seite.dgwip.de\/index.php?rest_route=\/wp\/v2\/types\/post"}],"author":[{"embeddable":true,"href":"https:\/\/voigt-alte-seite.dgwip.de\/index.php?rest_route=\/wp\/v2\/users\/7"}],"replies":[{"embeddable":true,"href":"https:\/\/voigt-alte-seite.dgwip.de\/index.php?rest_route=%2Fwp%2Fv2%2Fcomments&post=52465"}],"version-history":[{"count":7,"href":"https:\/\/voigt-alte-seite.dgwip.de\/index.php?rest_route=\/wp\/v2\/posts\/52465\/revisions"}],"predecessor-version":[{"id":52474,"href":"https:\/\/voigt-alte-seite.dgwip.de\/index.php?rest_route=\/wp\/v2\/posts\/52465\/revisions\/52474"}],"wp:featuredmedia":[{"embeddable":true,"href":"https:\/\/voigt-alte-seite.dgwip.de\/index.php?rest_route=\/wp\/v2\/media\/52405"}],"wp:attachment":[{"href":"https:\/\/voigt-alte-seite.dgwip.de\/index.php?rest_route=%2Fwp%2Fv2%2Fmedia&parent=52465"}],"wp:term":[{"taxonomy":"category","embeddable":true,"href":"https:\/\/voigt-alte-seite.dgwip.de\/index.php?rest_route=%2Fwp%2Fv2%2Fcategories&post=52465"},{"taxonomy":"post_tag","embeddable":true,"href":"https:\/\/voigt-alte-seite.dgwip.de\/index.php?rest_route=%2Fwp%2Fv2%2Ftags&post=52465"}],"curies":[{"name":"wp","href":"https:\/\/api.w.org\/{rel}","templated":true}]}}