{"id":53430,"date":"2025-06-02T16:07:19","date_gmt":"2025-06-02T14:07:19","guid":{"rendered":"https:\/\/voigt-alte-seite.dgwip.de\/?p=53430"},"modified":"2025-07-31T12:53:58","modified_gmt":"2025-07-31T10:53:58","slug":"was-tun-bei-einem-sturmbedingten-verkehrsunfall","status":"publish","type":"post","link":"https:\/\/voigt-alte-seite.dgwip.de\/?p=53430","title":{"rendered":"Verkehrsunfall im Sturm! Was ist zu tun?"},"content":{"rendered":"\n<p>Typische Schadensbilder sind Sch\u00e4den durch abgerissene \u00c4ste oder umgest\u00fcrzte B\u00e4ume. Es kommt aber auch immer wieder vor, dass Fahrzeuge von Windb\u00f6en erfasst werden, ins Schleudern geraten, umgesto\u00dfen werden, von der Stra\u00dfe abkommen und beispielsweise im Stra\u00dfengraben liegen bleiben, wie auf dem Foto zu sehen. Gl\u00fccklicherweise bleibt es dabei oft bei Sachsch\u00e4den.<\/p>\n\n\n\n<figure class=\"wp-block-image size-large\"><img loading=\"lazy\" decoding=\"async\" width=\"1024\" height=\"843\" src=\"https:\/\/voigt-alte-seite.dgwip.de\/wp-content\/uploads\/2025\/06\/BILD_B710058_004_0000-1024x843.jpg\" alt=\"LKW mit zersprungener Windschutzscheibe auf Landstra\u00dfe\" class=\"wp-image-53978\" srcset=\"https:\/\/voigt-alte-seite.dgwip.de\/wp-content\/uploads\/2025\/06\/BILD_B710058_004_0000-1024x843.jpg 1024w, https:\/\/voigt-alte-seite.dgwip.de\/wp-content\/uploads\/2025\/06\/BILD_B710058_004_0000-300x247.jpg 300w, https:\/\/voigt-alte-seite.dgwip.de\/wp-content\/uploads\/2025\/06\/BILD_B710058_004_0000-768x632.jpg 768w, https:\/\/voigt-alte-seite.dgwip.de\/wp-content\/uploads\/2025\/06\/BILD_B710058_004_0000-1536x1265.jpg 1536w, https:\/\/voigt-alte-seite.dgwip.de\/wp-content\/uploads\/2025\/06\/BILD_B710058_004_0000-2048x1686.jpg 2048w, https:\/\/voigt-alte-seite.dgwip.de\/wp-content\/uploads\/2025\/06\/BILD_B710058_004_0000-scaled.jpg 2560w\" sizes=\"auto, (max-width: 1024px) 100vw, 1024px\" \/><\/figure>\n\n\n\n<h2 class=\"wp-block-heading\"><strong>Versicherer schieben gerne H\u00f6here Gewalt&nbsp;vor!<\/strong><\/h2>\n\n\n\n<p>Zun\u00e4chst ist zu kl\u00e4ren, ob an dem Unfall ein oder mehrere Kraftfahrzeuge beteiligt waren. Kollidieren mehrere Kraftfahrzeuge miteinander, h\u00e4ngt die Haftung des jeweiligen Versicherers ma\u00dfgeblich davon ab, ob tats\u00e4chlich der Wind den Unfall ausgel\u00f6st hat und ob dies als h\u00f6here Gewalt einzustufen ist (<a href=\"https:\/\/www.gesetze-im-internet.de\/stvg\/__7.html\" target=\"_blank\" rel=\"noreferrer noopener\">\u00a7 7 Abs. 2 StVG<\/a>) Das kann bei Windb\u00f6en tats\u00e4chlich der Fall sein, muss es aber nicht. <\/p>\n\n\n\n<p>Entscheidend ist, ob und in welchem Umfang der Schaden dem einen oder dem anderen Fahrzeug zugeordnet werden kann, d.h. ob und welche Rolle das Verschulden und die Betriebsgefahr gespielt haben. Denn der Grundsatz, dass wenn bei dem Betrieb eines Kraftfahrzeugs (oder Anh\u00e4ngers) ein Mensch get\u00f6tet, der K\u00f6rper oder die Gesundheit eines Menschen verletzt oder eine Sache besch\u00e4digt wird, dem Verletzten der daraus entstehende Schaden zu ersetzen ist (<a href=\"https:\/\/www.gesetze-im-internet.de\/stvg\/__7.html\" target=\"_blank\" rel=\"noreferrer noopener\">\u00a7 7 Abs. 1 StVG<\/a>), gilt nicht unbegrenzt.<\/p>\n\n\n\n<h2 class=\"wp-block-heading\"><strong>Welchen Einfluss hat die Windst\u00e4rke auf die Kaskoversicherung?<\/strong><\/h2>\n\n\n\n<p>Wenn eine Windb\u00f6e ein Fahrzeug von der Fahrbahn weht oder es durch herumfliegende \u00c4ste oder Gegenst\u00e4nde besch\u00e4digt wird, ist der Kaskoversicherer nur dann zur Leistung verpflichtet, wenn der Wind mindestens Sturmst\u00e4rke erreicht hat. Dies ist ab einer St\u00e4rke von 8 auf der Beaufort-Skala, d. h. bei einer Luftgeschwindigkeit von mindestens 17,2\u201320,8 m\/s, der Fall.<\/p>\n\n\n\n<p>Zudem muss ein unmittelbarer und direkter zeitlicher Zusammenhang zwischen dem Schaden und dem Sturm bestehen. Wenn beispielsweise ein Baum direkt auf ein Fahrzeug f\u00e4llt, d\u00fcrfte daran kein Zweifel bestehen.<\/p>\n\n\n\n<figure class=\"wp-block-image size-full\"><img loading=\"lazy\" decoding=\"async\" width=\"717\" height=\"453\" src=\"https:\/\/voigt-alte-seite.dgwip.de\/wp-content\/uploads\/2025\/06\/Car2.jpg\" alt=\"Bus vor umgest\u00fcrztem Baum auf Stra\u00dfe\" class=\"wp-image-53438\" srcset=\"https:\/\/voigt-alte-seite.dgwip.de\/wp-content\/uploads\/2025\/06\/Car2.jpg 717w, https:\/\/voigt-alte-seite.dgwip.de\/wp-content\/uploads\/2025\/06\/Car2-300x190.jpg 300w\" sizes=\"auto, (max-width: 717px) 100vw, 717px\" \/><\/figure>\n\n\n\n<p>Dasselbe gilt, wenn der Baum direkt vor dem Fahrzeug umst\u00fcrzt und z.B. die Windschutzscheibe zertr\u00fcmmert.<\/p>\n\n\n\n<p><\/p>\n\n\n\n<p><\/p>\n\n\n\n<p>Verf\u00e4ngt sich ein abgebrochener Ast aber zun\u00e4chst in einem Baum und f\u00e4llt erst mehrere Stunden sp\u00e4ter ein darunter geparktes Fahrzeug, d\u00fcrfte es an dem erforderlichen direkten Zusammenhang fehlen (AG Bremen v. 16.01.2015, Az. 7 C 323\/14). Allerdings k\u00f6nnen Anspr\u00fcche gegen die Kommune bestehen (vgl. BGH, Urt. v. 04.03.2004, <a href=\"https:\/\/juris.bundesgerichtshof.de\/cgi-bin\/rechtsprechung\/document.py?Gericht=bgh&amp;Art=en&amp;nr=28703&amp;pos=0&amp;anz=1\" target=\"_blank\" rel=\"noreferrer noopener\">Az. III ZR 225\/03<\/a>).<\/p>\n\n\n\n<p>Wer mit seinem Fahrzeug gegen einen vom Sturm auf die Stra\u00dfe geworfenen Gegen\u00adstand f\u00e4hrt, der dort bereits l\u00e4ngere Zeit liegt, d\u00fcrfte ebenfalls leer ausgehen (vgl. OLG Celle v. 14.07.1978, Az. 8 U 3\/78). Jedoch empfiehlt es sich in derartigen F\u00e4llen zu pr\u00fcfen, ob ggf. Anspr\u00fcche gegen\u00fcber dem Grundst\u00fcckseigent\u00fcmer oder Sicherungspflichtigen bestehen.<\/p>\n\n\n\n<figure class=\"wp-block-image size-large\"><img loading=\"lazy\" decoding=\"async\" width=\"1024\" height=\"576\" src=\"https:\/\/voigt-alte-seite.dgwip.de\/wp-content\/uploads\/2025\/06\/Car3-1024x576.jpg\" alt=\"Sturmschaden blockiert Stra\u00dfe, Polizei vor Ort.\" class=\"wp-image-53439\" srcset=\"https:\/\/voigt-alte-seite.dgwip.de\/wp-content\/uploads\/2025\/06\/Car3-1024x576.jpg 1024w, https:\/\/voigt-alte-seite.dgwip.de\/wp-content\/uploads\/2025\/06\/Car3-300x169.jpg 300w, https:\/\/voigt-alte-seite.dgwip.de\/wp-content\/uploads\/2025\/06\/Car3-768x432.jpg 768w, https:\/\/voigt-alte-seite.dgwip.de\/wp-content\/uploads\/2025\/06\/Car3.jpg 1328w\" sizes=\"auto, (max-width: 1024px) 100vw, 1024px\" \/><\/figure>\n\n\n\n<p><\/p>\n\n\n\n<h2 class=\"wp-block-heading\"><strong>Zusammenfassung &amp; Fazit<\/strong><\/h2>\n\n\n\n<p>Gesch\u00e4digte, die nicht auf ihrem Schaden sitzen bleiben wollen, sollten zur Regulierung unbedingt einen Anwalt einschalten. Dies gilt insbesondere vor dem Hintergrund, dass das Ereignis nicht isoliert, sondern im Gesamtzusammenhang betrachtet werden muss. Dabei kann es beispielsweise darauf ankommen, ob aufgrund von Warnungen oder Vorhersagen mit dem Wetterereignis zu rechnen war. (vgl. AG Ottweiler v. 12.05.2009, Az. 2 C 187\/08).<\/p>\n\n\n\n<p>Sollten Sie im Sturm in einen Unfall verwickelt worden sein, <a href=\"https:\/\/voigt-alte-seite.dgwip.de\/kontakt\/\" target=\"_blank\" rel=\"noreferrer noopener\">z\u00f6gern Sie nicht, uns zu kontaktieren!<\/a><\/p>\n\n\n\n<p>Sie wissen ja: <a href=\"https:\/\/voigt-alte-seite.dgwip.de\/voigt-regler\/\" target=\"_blank\" rel=\"noreferrer noopener\">Voigt regelt!<\/a><\/p>\n\n\n\n<p>Mehr zum Thema: <a href=\"https:\/\/voigt-alte-seite.dgwip.de\/aktuelles\/aktuelles-zu-sturmschaeden\/\">Wichtige Informationen zu wetterbedingten Sch\u00e4den<\/a><\/p>\n\n\n\n<p><\/p>\n\n\n\n<p style=\"font-size:12px\">Bildnachweise: Polizeiinspektion Wilhelmshaven \/ Friesland; Landespolizeiinspektion Jena; Polizei Minden-L\u00fcbbecke; Besch\u00e4digter LKW: Polizeipr\u00e4sidium Osthessen <\/p>\n","protected":false},"excerpt":{"rendered":"<p>St\u00fcrme mit Starkregen und Hagel sorgen nicht nur f\u00fcr vollgelaufene Keller! Sie tragen immer wieder auch zu Verkehrsunf\u00e4llen bei. <\/p>\n","protected":false},"author":7,"featured_media":53437,"comment_status":"closed","ping_status":"closed","sticky":false,"template":"","format":"standard","meta":{"_acf_changed":false,"_seopress_robots_primary_cat":"none","_seopress_titles_title":"Sturmschaden und Verkehrsunfall: Was zahlt die Versicherung?","_seopress_titles_desc":"Erfahren Sie, welche Anspr\u00fcche bei Sturmsch\u00e4den bestehen!","_seopress_robots_index":"","_relevanssi_hide_post":"","_relevanssi_hide_content":"","_relevanssi_pin_for_all":"","_relevanssi_pin_keywords":"","_relevanssi_unpin_keywords":"","_relevanssi_related_keywords":"","_relevanssi_related_include_ids":"","_relevanssi_related_exclude_ids":"","_relevanssi_related_no_append":"","_relevanssi_related_not_related":"","_relevanssi_related_posts":"","_relevanssi_noindex_reason":"","_uag_custom_page_level_css":"","footnotes":""},"categories":[26],"tags":[404],"class_list":["post-53430","post","type-post","status-publish","format-standard","has-post-thumbnail","hentry","category-aktuelles","tag-verkehr-recht"],"acf":[],"uagb_featured_image_src":{"full":["https:\/\/voigt-alte-seite.dgwip.de\/wp-content\/uploads\/2025\/06\/Car1.jpg",717,405,false],"thumbnail":["https:\/\/voigt-alte-seite.dgwip.de\/wp-content\/uploads\/2025\/06\/Car1-150x150.jpg",150,150,true],"medium":["https:\/\/voigt-alte-seite.dgwip.de\/wp-content\/uploads\/2025\/06\/Car1-300x169.jpg",300,169,true],"medium_large":["https:\/\/voigt-alte-seite.dgwip.de\/wp-content\/uploads\/2025\/06\/Car1.jpg",717,405,false],"large":["https:\/\/voigt-alte-seite.dgwip.de\/wp-content\/uploads\/2025\/06\/Car1.jpg",717,405,false],"1536x1536":["https:\/\/voigt-alte-seite.dgwip.de\/wp-content\/uploads\/2025\/06\/Car1.jpg",717,405,false],"2048x2048":["https:\/\/voigt-alte-seite.dgwip.de\/wp-content\/uploads\/2025\/06\/Car1.jpg",717,405,false]},"uagb_author_info":{"display_name":"henning.hammer","author_link":"https:\/\/voigt-alte-seite.dgwip.de\/?author=7"},"uagb_comment_info":0,"uagb_excerpt":"St\u00fcrme mit Starkregen und Hagel sorgen nicht nur f\u00fcr vollgelaufene Keller! Sie tragen immer wieder auch zu Verkehrsunf\u00e4llen bei.","_links":{"self":[{"href":"https:\/\/voigt-alte-seite.dgwip.de\/index.php?rest_route=\/wp\/v2\/posts\/53430","targetHints":{"allow":["GET"]}}],"collection":[{"href":"https:\/\/voigt-alte-seite.dgwip.de\/index.php?rest_route=\/wp\/v2\/posts"}],"about":[{"href":"https:\/\/voigt-alte-seite.dgwip.de\/index.php?rest_route=\/wp\/v2\/types\/post"}],"author":[{"embeddable":true,"href":"https:\/\/voigt-alte-seite.dgwip.de\/index.php?rest_route=\/wp\/v2\/users\/7"}],"replies":[{"embeddable":true,"href":"https:\/\/voigt-alte-seite.dgwip.de\/index.php?rest_route=%2Fwp%2Fv2%2Fcomments&post=53430"}],"version-history":[{"count":22,"href":"https:\/\/voigt-alte-seite.dgwip.de\/index.php?rest_route=\/wp\/v2\/posts\/53430\/revisions"}],"predecessor-version":[{"id":53982,"href":"https:\/\/voigt-alte-seite.dgwip.de\/index.php?rest_route=\/wp\/v2\/posts\/53430\/revisions\/53982"}],"wp:featuredmedia":[{"embeddable":true,"href":"https:\/\/voigt-alte-seite.dgwip.de\/index.php?rest_route=\/wp\/v2\/media\/53437"}],"wp:attachment":[{"href":"https:\/\/voigt-alte-seite.dgwip.de\/index.php?rest_route=%2Fwp%2Fv2%2Fmedia&parent=53430"}],"wp:term":[{"taxonomy":"category","embeddable":true,"href":"https:\/\/voigt-alte-seite.dgwip.de\/index.php?rest_route=%2Fwp%2Fv2%2Fcategories&post=53430"},{"taxonomy":"post_tag","embeddable":true,"href":"https:\/\/voigt-alte-seite.dgwip.de\/index.php?rest_route=%2Fwp%2Fv2%2Ftags&post=53430"}],"curies":[{"name":"wp","href":"https:\/\/api.w.org\/{rel}","templated":true}]}}