{"id":54073,"date":"2025-08-12T06:30:00","date_gmt":"2025-08-12T04:30:00","guid":{"rendered":"https:\/\/voigt-alte-seite.dgwip.de\/?p=54073"},"modified":"2025-08-11T16:48:36","modified_gmt":"2025-08-11T14:48:36","slug":"zwei-jahre-sind-genug","status":"publish","type":"post","link":"https:\/\/voigt-alte-seite.dgwip.de\/?p=54073","title":{"rendered":"Zwei Jahre sind genug!"},"content":{"rendered":"\n<h2 class=\"wp-block-heading\"><strong>Reparaturvertr\u00e4ge sind Werkvertr\u00e4ge<\/strong><\/h2>\n\n\n\n<p>Deliktische Anspr\u00fcche, z.B. solche infolge eines fahrl\u00e4ssig verursachten Autounfalls entstanden sind, verj\u00e4hren regelm\u00e4\u00dfig innerhalb von drei Jahren. Geregelt ist das in <a href=\"https:\/\/www.gesetze-im-internet.de\/bgb\/__195.html\" target=\"_blank\" rel=\"noreferrer noopener\">\u00a7 195 BGB<\/a>. Der Lauf der Verj\u00e4hrungsfrist beginnt gem\u00e4\u00df <a href=\"https:\/\/www.gesetze-im-internet.de\/bgb\/__199.html\" target=\"_blank\" rel=\"noreferrer noopener\">\u00a7 199 Abs. 1 BGB<\/a> am Ende des Jahres, in dem der Anspruch entstanden ist, vorausgesetzt der Gesch\u00e4digte kennt den Sch\u00e4diger oder h\u00e4tte ihn ohne grobe Fahrl\u00e4ssigkeit kennen m\u00fcssen.<\/p>\n\n\n\n<p>Bei einer Autoreparatur gestaltet sich die Verj\u00e4hrung anders aus. Hier gilt, dass wer sein Fahrzeug bei einer Werkstatt zur Reparatur gibt, bei einem Mangel Gew\u00e4hrleistungsanspr\u00fcche innerhalb von zwei Jahren geltend machen kann.<\/p>\n\n\n\n<p>Gem\u00e4\u00df <a href=\"https:\/\/www.gesetze-im-internet.de\/bgb\/__634a.html\" target=\"_blank\" rel=\"noreferrer noopener\">\u00a7 634a BGB<\/a> beginnt die Verj\u00e4hrungsfrist f\u00fcr Anspr\u00fcche aus <a href=\"https:\/\/www.gesetze-im-internet.de\/bgb\/__634.html\">\u00a7 634 BGB<\/a>, d.h. solche die der Kunde infolge von M\u00e4ngeln geltend machen kann, mit der Abnahme der reparierten Sache. Dies ist in der Regel die Abholung des reparierten Fahrzeugs bei der Werkstatt.<\/p>\n\n\n\n<h2 class=\"wp-block-heading\"><strong>Wer kann welche Anspr\u00fcche wie lange geltend machen?<\/strong><\/h2>\n\n\n\n<p>Anspr\u00fcche, die aus dem Werkvertrag resultieren, k\u00f6nnen sowohl der Kunde als auch der Versicherer geltend machen. F\u00fcr den Versicherer gilt dies allerdings nicht per se, sondern nur dann, wenn er sie sich hat abtreten lassen. Dies geschieht regelm\u00e4\u00dfig in Hinblick auf etwaige Anspr\u00fcche aus dem Werkstattrisiko, z.B. wegen einer \u00fcberh\u00f6hten Abrechnung.<\/p>\n\n\n\n<p>Die \u00fcbrigen Anspr\u00fcche, z.B. wegen mangelhafter Durchf\u00fchrung der Reparatur, verbleiben allerdings beim Kunden.<\/p>\n\n\n\n<p>Wichtig ist dabei: Die \u201eZwei-Jahres-Frist\u201c gilt sowohl f\u00fcr den Kunden als auch f\u00fcr den Versicherer. Alles andere w\u00e4re auch unlogisch. Denn warum sollte ein Versicherer aus abgetretenem Recht l\u00e4nger Anspr\u00fcche geltend machen k\u00f6nnen, als der Werkstattkunde<\/p>\n\n\n\n<h2 class=\"wp-block-heading\"><strong>Kein Regress nach Ablauf der Verj\u00e4hrungsfrist!<\/strong><\/h2>\n\n\n\n<p>Da die Verj\u00e4hrungsfristen immer gel\u00e4ufig sind, kann es passieren, dass die Verj\u00e4hrungsfristen aus Delikt mit denen aus Vertrag verwechselt werden.<\/p>\n\n\n\n<p>Ob dies der Grund daf\u00fcr war, dass ein Versicherer eine Werkstatt verklagt hatte, um vermeintliche Regressanspr\u00fcche aus dem Werkstattrisiko durchzusetzen, weil die Werkstatt angeblich verschiedene Positionen zu Unrecht abgerechnet haben soll, ist nicht bekannt.<\/p>\n\n\n\n<p>Fakt ist: Der Kunde holte das reparierte Fahrzeug beanstandungslos im April 2022 ab, die Klage des Versicherers erfolgte erst im Oktober 2024 \u2013 also \u00fcber zweieinhalb Jahre sp\u00e4ter. Von daher waren die Anspr\u00fcche l\u00e4ngst verj\u00e4hrt.<\/p>\n\n\n\n<h2 class=\"wp-block-heading\"><strong>2 \u00bd Jahre sind zu sp\u00e4t!<\/strong><\/h2>\n\n\n\n<p>Da ca. 2 \u00bd Jahre nach der Abholung erfolgt war, w\u00e4ren die Anspr\u00fcche von daher verj\u00e4hrt gewesen. Allerdings stellte sich w\u00e4hrend des Prozesses heraus, dass der Versicherer die Reparaturrechnung nicht bereits im April, sondern erst im August 2022 bezahlt hatte. Einwendungen gegen die Rechnung hatte der Versicherer im September 2024 erhoben.<\/p>\n\n\n\n<h2 class=\"wp-block-heading\"><strong>Vollst\u00e4ndige Zahlung = konkludente Abnahme?<\/strong><\/h2>\n\n\n\n<p>Der Versicherer versuchte zwar sich damit zu retten, dass eine Abnahme nie stattgefunden habe. Das Gericht bezeichnete dies jedoch als lebensfremd, zumal er die Rechnung ja vollst\u00e4ndig bezahlt hatte. Und da die Abnahme einer Leistung nicht nur ausdr\u00fccklich, sondern auch konkludent erfolgen kann (z.B. OLG Stuttgart, Urt. v. 15.11.2011, <a href=\"https:\/\/openjur.de\/u\/544364.html\" target=\"_blank\" rel=\"noreferrer noopener\">Az. 10 U 66\/10<\/a>), war dies sp\u00e4testens im August 2022 erfolgt. <\/p>\n\n\n\n<p>Die Klage wurde im Oktober 2024 erhoben und damit zu sp\u00e4t. Dass eine konkludente Abnahme zumindest die M\u00f6glichkeit der Pr\u00fcfung durch den Besteller voraussetzt, \u00e4nderte daran nichts. Den auch Versicherer stehen &#8211; selbst bei gro\u00dfz\u00fcgigster Auslegung einer angemessenen Pr\u00fcffrist &#8211; nicht \u00fcber dem Gesetz.<\/p>\n\n\n\n<h2 class=\"wp-block-heading\"><strong>Fazit<\/strong><\/h2>\n\n\n\n<p>Werkst\u00e4tten sollten sich durch Regressforderungen nicht verr\u00fcckt machen lassen. Das hei\u00dft zwar nicht, dass alle Forderungen unbegr\u00fcndet sind. Aber sowohl der geltend gemachte Regressgrund als auch die Verj\u00e4hrung sollte immer und sorgf\u00e4ltig gepr\u00fcft werden!<\/p>\n\n\n\n<p>Auch hier gilt daher: <a href=\"https:\/\/voigt-alte-seite.dgwip.de\/kontakt\/\" target=\"_blank\" rel=\"noreferrer noopener\">Kontaktieren Sie uns!<\/a> <\/p>\n\n\n\n<p><a href=\"https:\/\/voigt-alte-seite.dgwip.de\/voigt-regler\/\" target=\"_blank\" rel=\"noreferrer noopener\">Voigt regelt!<\/a><\/p>\n\n\n\n<p><\/p>\n","protected":false},"excerpt":{"rendered":"<p>Verj\u00e4hrungsfristen gelten auch f\u00fcr Versicherer!<\/p>\n","protected":false},"author":7,"featured_media":54080,"comment_status":"closed","ping_status":"closed","sticky":false,"template":"","format":"standard","meta":{"_acf_changed":false,"_seopress_robots_primary_cat":"none","_seopress_titles_title":"Verj\u00e4hrungsfristen bei Reparaturvertr\u00e4gen verstehen!","_seopress_titles_desc":"Erfahren Sie, welche Gew\u00e4hrleistungsfristen f\u00fcr Reparaturvertr\u00e4ge und welche f\u00fcr Deliktsanspr\u00fcche gelten!","_seopress_robots_index":"","_relevanssi_hide_post":"","_relevanssi_hide_content":"","_relevanssi_pin_for_all":"","_relevanssi_pin_keywords":"","_relevanssi_unpin_keywords":"","_relevanssi_related_keywords":"","_relevanssi_related_include_ids":"","_relevanssi_related_exclude_ids":"","_relevanssi_related_no_append":"","_relevanssi_related_not_related":"","_relevanssi_related_posts":"","_relevanssi_noindex_reason":"","_uag_custom_page_level_css":"","footnotes":""},"categories":[1311],"tags":[356],"class_list":["post-54073","post","type-post","status-publish","format-standard","has-post-thumbnail","hentry","category-rechtsprechung","tag-unfallschadenregulierung"],"acf":[],"uagb_featured_image_src":{"full":["https:\/\/voigt-alte-seite.dgwip.de\/wp-content\/uploads\/2025\/08\/deadline-4783671_1280.png",1280,640,false],"thumbnail":["https:\/\/voigt-alte-seite.dgwip.de\/wp-content\/uploads\/2025\/08\/deadline-4783671_1280-150x150.png",150,150,true],"medium":["https:\/\/voigt-alte-seite.dgwip.de\/wp-content\/uploads\/2025\/08\/deadline-4783671_1280-300x150.png",300,150,true],"medium_large":["https:\/\/voigt-alte-seite.dgwip.de\/wp-content\/uploads\/2025\/08\/deadline-4783671_1280-768x384.png",768,384,true],"large":["https:\/\/voigt-alte-seite.dgwip.de\/wp-content\/uploads\/2025\/08\/deadline-4783671_1280-1024x512.png",1024,512,true],"1536x1536":["https:\/\/voigt-alte-seite.dgwip.de\/wp-content\/uploads\/2025\/08\/deadline-4783671_1280.png",1280,640,false],"2048x2048":["https:\/\/voigt-alte-seite.dgwip.de\/wp-content\/uploads\/2025\/08\/deadline-4783671_1280.png",1280,640,false]},"uagb_author_info":{"display_name":"henning.hammer","author_link":"https:\/\/voigt-alte-seite.dgwip.de\/?author=7"},"uagb_comment_info":0,"uagb_excerpt":"Verj\u00e4hrungsfristen gelten auch f\u00fcr Versicherer!","_links":{"self":[{"href":"https:\/\/voigt-alte-seite.dgwip.de\/index.php?rest_route=\/wp\/v2\/posts\/54073","targetHints":{"allow":["GET"]}}],"collection":[{"href":"https:\/\/voigt-alte-seite.dgwip.de\/index.php?rest_route=\/wp\/v2\/posts"}],"about":[{"href":"https:\/\/voigt-alte-seite.dgwip.de\/index.php?rest_route=\/wp\/v2\/types\/post"}],"author":[{"embeddable":true,"href":"https:\/\/voigt-alte-seite.dgwip.de\/index.php?rest_route=\/wp\/v2\/users\/7"}],"replies":[{"embeddable":true,"href":"https:\/\/voigt-alte-seite.dgwip.de\/index.php?rest_route=%2Fwp%2Fv2%2Fcomments&post=54073"}],"version-history":[{"count":7,"href":"https:\/\/voigt-alte-seite.dgwip.de\/index.php?rest_route=\/wp\/v2\/posts\/54073\/revisions"}],"predecessor-version":[{"id":54085,"href":"https:\/\/voigt-alte-seite.dgwip.de\/index.php?rest_route=\/wp\/v2\/posts\/54073\/revisions\/54085"}],"wp:featuredmedia":[{"embeddable":true,"href":"https:\/\/voigt-alte-seite.dgwip.de\/index.php?rest_route=\/wp\/v2\/media\/54080"}],"wp:attachment":[{"href":"https:\/\/voigt-alte-seite.dgwip.de\/index.php?rest_route=%2Fwp%2Fv2%2Fmedia&parent=54073"}],"wp:term":[{"taxonomy":"category","embeddable":true,"href":"https:\/\/voigt-alte-seite.dgwip.de\/index.php?rest_route=%2Fwp%2Fv2%2Fcategories&post=54073"},{"taxonomy":"post_tag","embeddable":true,"href":"https:\/\/voigt-alte-seite.dgwip.de\/index.php?rest_route=%2Fwp%2Fv2%2Ftags&post=54073"}],"curies":[{"name":"wp","href":"https:\/\/api.w.org\/{rel}","templated":true}]}}