{"id":54106,"date":"2025-08-14T06:30:00","date_gmt":"2025-08-14T04:30:00","guid":{"rendered":"https:\/\/voigt-alte-seite.dgwip.de\/?p=54106"},"modified":"2025-08-25T11:32:46","modified_gmt":"2025-08-25T09:32:46","slug":"wer-urlaub-hat-faehrt-privat-auch-auf-dem-arbeitsweg","status":"publish","type":"post","link":"https:\/\/voigt-alte-seite.dgwip.de\/?p=54106","title":{"rendered":"Wer Urlaub hat f\u00e4hrt privat \u2013 auch auf dem Arbeitsweg!"},"content":{"rendered":"\n<h2 class=\"wp-block-heading\">Arbeitsweg oder nicht?<\/h2>\n\n\n\n<p>Im Mittelpunkt des Verfahrens stand die Frage, ob sich der Arbeitnehmer am Unfalltag auf einem versicherten Arbeitsweg (\u00a7 8 Abs. 2 Nr. 1 SGB VII) befand. Der Kl\u00e4ger, der seit dem Unfall im Wachkoma liegt, konnte sich nicht \u00e4u\u00dfern. Seinen Eltern zufolge hatte er jedoch angegeben, wieder arbeiten zu m\u00fcssen und zur Arbeit zu fahren. Sein Verhalten \u2013 fr\u00fches Aufstehen, gepackter Rucksack, vorbereitetes Auto \u2013 sprach daf\u00fcr.<\/p>\n\n\n\n<h2 class=\"wp-block-heading\">Der Zusammenhang entscheidet!<\/h2>\n\n\n\n<p>Das Gericht wies die Klage ab. Ausschlaggebend war die glaubhafte Aussage der Personalsachbearbeiterin, die angab, dass f\u00fcr den fraglichen Tag m\u00fcndlich Urlaub mit dem Kl\u00e4ger vereinbart war.<\/p>\n\n\n\n<p>Die Folge war, dass der notwendige sachliche Zusammenhang zwischen dem Weg und der versicherten T\u00e4tigkeit fehlte. Der Kl\u00e4ger war daher, obwohl er gesetzlich unfallversichert war, nicht versichert. <\/p>\n\n\n\n<p>Selbst wenn er irrt\u00fcmlich zur Arbeit gefahren sein sollte, lag aufgrund des Urlaubs kein objektiv dienlicher Zusammenhang mit seiner T\u00e4tigkeit vor. Weiterhin war entscheidend, dass der Irrtum \u00fcber die Arbeitspflicht auf Umst\u00e4nden in der Person des Kl\u00e4gers beruhte und keine betrieblichen Ursachen hatte. <\/p>\n\n\n\n<p>Das Verfahren w\u00e4re m\u00f6glicherweise anders ausgegangen, wenn ein Zusammenhang mit einem fr\u00fcher stattgefundenen Arbeitsunfall zumindest mit hinreichender Wahrscheinlichkeit nachgewiesen werden k\u00f6nnte. Dem war aber nicht so.<\/p>\n\n\n\n<h2 class=\"wp-block-heading\">Fazit<\/h2>\n\n\n\n<p>Urlaub ist Urlaub! Der Arbeitsweg ist Privatsache. <\/p>\n\n\n\n<p>Wer trotz Urlaubs zur Arbeit f\u00e4hrt &#8211; auch versehentlich &#8211; tut dies auf eigene Gefahr.<\/p>\n\n\n\n<p>Ein Irrtum \u00fcber bestehende Urlaubstage, der nicht betrieblich verursacht wurde, gen\u00fcgt nicht, um Versicherungsschutz auf dem Arbeitsweg zu gew\u00e4hrleisten. <\/p>\n\n\n\n<p>In jedem Fall sollte daher mit der verantwortlichen Person gesprochen werden, um sicherzustellen, dass ein Zusammenhang mit der Arbeit besteht. Wer dies vers\u00e4umt, riskiert seine Anspr\u00fcche, wenn er \u201eauf dem Weg zur Arbeit\u201c verungl\u00fcckt. Dabei spielt es \u00fcbrigens keine Rolle, welches Verkehrsmittel auf dem vermeintlichen Arbeitsweg benutzt wird.<\/p>\n\n\n\n<h2 class=\"wp-block-heading\">Links zum Thema Wegeunfall<\/h2>\n\n\n\n<p><a href=\"https:\/\/voigt-alte-seite.dgwip.de\/stichworte\/unfallschadenregulierung\/wegeunfall-sgb-vii\/\">Wegeunfall (SGB VII)<\/a><\/p>\n\n\n\n<p><a href=\"https:\/\/voigt-alte-seite.dgwip.de\/aktuelles\/toedlicher-wegeunfall-vor-schichtende\/\">T\u00f6dlicher Wegeunfall vor Schichtende?<\/a><\/p>\n\n\n\n<p><a href=\"https:\/\/voigt-alte-seite.dgwip.de\/stichworte\/unfallschadenregulierung\/arbeitsgeraet\/\">Gesetzliche Unfallversicherung \u2013 Arbeitsger\u00e4t<\/a><\/p>\n\n\n\n<p><a href=\"https:\/\/voigt-alte-seite.dgwip.de\/aktuelles\/kein-versicherungsschutz-auf-umwegen-stauumfahrung-kann-versicherungsschutz-kosten\/\">Auf Umwegen besteht kein Versicherungsschutz!<\/a> <\/p>\n\n\n\n<p><a href=\"https:\/\/voigt-alte-seite.dgwip.de\/stichworte\/unfallschadenregulierung\/arbeitsgeraet\/\">Unfall beim Betanken des Arbeitsger\u00e4ts als Wegeunfall<\/a> <\/p>\n\n\n\n<p><a href=\"https:\/\/www.bsg.bund.de\/SharedDocs\/Entscheidungen\/DE\/2019\/2019_05_07_B_02_U_31_17_R.html\">Bundessozialgericht: Urteil vom 07.05.2019, B 2 U 31\/17 R<\/a><\/p>\n\n\n\n<p style=\"font-size:12px\">Bildnachweis: Hans \/ Pixabay<\/p>\n\n\n\n<p><\/p>\n","protected":false},"excerpt":{"rendered":"<p>Als ein Arbeitnehmer (Kl\u00e4ger) im Urlaub zum Betrieb fuhr, geriet er aus ungekl\u00e4rten Gr\u00fcnden auf die Gegenfahrbahn. Dort kollidierte er frontal mit einem entgegenkommenden Fahrzeug und wurde schwer verletzt.<\/p>\n","protected":false},"author":7,"featured_media":54112,"comment_status":"closed","ping_status":"closed","sticky":false,"template":"","format":"standard","meta":{"_acf_changed":false,"_seopress_robots_primary_cat":"none","_seopress_titles_title":"Arbeitsweg: Unfall bei Urlaub unversichert?","_seopress_titles_desc":"Arbeitsweg und Urlaub? Pr\u00fcfen Sie den sachliche Zusammenhang mit der Arbeit! Bei Unklarheiten droht fehlender Versicherungsschutz!","_seopress_robots_index":"","_relevanssi_hide_post":"","_relevanssi_hide_content":"","_relevanssi_pin_for_all":"","_relevanssi_pin_keywords":"","_relevanssi_unpin_keywords":"","_relevanssi_related_keywords":"","_relevanssi_related_include_ids":"","_relevanssi_related_exclude_ids":"","_relevanssi_related_no_append":"","_relevanssi_related_not_related":"","_relevanssi_related_posts":"","_relevanssi_noindex_reason":"","_uag_custom_page_level_css":"","footnotes":""},"categories":[26],"tags":[1435],"class_list":["post-54106","post","type-post","status-publish","format-standard","has-post-thumbnail","hentry","category-aktuelles","tag-urlaubsreise"],"acf":[],"uagb_featured_image_src":{"full":["https:\/\/voigt-alte-seite.dgwip.de\/wp-content\/uploads\/2025\/08\/bicycle-592544_1280.jpg",960,1280,false],"thumbnail":["https:\/\/voigt-alte-seite.dgwip.de\/wp-content\/uploads\/2025\/08\/bicycle-592544_1280-150x150.jpg",150,150,true],"medium":["https:\/\/voigt-alte-seite.dgwip.de\/wp-content\/uploads\/2025\/08\/bicycle-592544_1280-225x300.jpg",225,300,true],"medium_large":["https:\/\/voigt-alte-seite.dgwip.de\/wp-content\/uploads\/2025\/08\/bicycle-592544_1280-768x1024.jpg",768,1024,true],"large":["https:\/\/voigt-alte-seite.dgwip.de\/wp-content\/uploads\/2025\/08\/bicycle-592544_1280-768x1024.jpg",768,1024,true],"1536x1536":["https:\/\/voigt-alte-seite.dgwip.de\/wp-content\/uploads\/2025\/08\/bicycle-592544_1280.jpg",960,1280,false],"2048x2048":["https:\/\/voigt-alte-seite.dgwip.de\/wp-content\/uploads\/2025\/08\/bicycle-592544_1280.jpg",960,1280,false]},"uagb_author_info":{"display_name":"henning.hammer","author_link":"https:\/\/voigt-alte-seite.dgwip.de\/?author=7"},"uagb_comment_info":0,"uagb_excerpt":"Als ein Arbeitnehmer (Kl\u00e4ger) im Urlaub zum Betrieb fuhr, geriet er aus ungekl\u00e4rten Gr\u00fcnden auf die Gegenfahrbahn. Dort kollidierte er frontal mit einem entgegenkommenden Fahrzeug und wurde schwer verletzt.","_links":{"self":[{"href":"https:\/\/voigt-alte-seite.dgwip.de\/index.php?rest_route=\/wp\/v2\/posts\/54106","targetHints":{"allow":["GET"]}}],"collection":[{"href":"https:\/\/voigt-alte-seite.dgwip.de\/index.php?rest_route=\/wp\/v2\/posts"}],"about":[{"href":"https:\/\/voigt-alte-seite.dgwip.de\/index.php?rest_route=\/wp\/v2\/types\/post"}],"author":[{"embeddable":true,"href":"https:\/\/voigt-alte-seite.dgwip.de\/index.php?rest_route=\/wp\/v2\/users\/7"}],"replies":[{"embeddable":true,"href":"https:\/\/voigt-alte-seite.dgwip.de\/index.php?rest_route=%2Fwp%2Fv2%2Fcomments&post=54106"}],"version-history":[{"count":10,"href":"https:\/\/voigt-alte-seite.dgwip.de\/index.php?rest_route=\/wp\/v2\/posts\/54106\/revisions"}],"predecessor-version":[{"id":54195,"href":"https:\/\/voigt-alte-seite.dgwip.de\/index.php?rest_route=\/wp\/v2\/posts\/54106\/revisions\/54195"}],"wp:featuredmedia":[{"embeddable":true,"href":"https:\/\/voigt-alte-seite.dgwip.de\/index.php?rest_route=\/wp\/v2\/media\/54112"}],"wp:attachment":[{"href":"https:\/\/voigt-alte-seite.dgwip.de\/index.php?rest_route=%2Fwp%2Fv2%2Fmedia&parent=54106"}],"wp:term":[{"taxonomy":"category","embeddable":true,"href":"https:\/\/voigt-alte-seite.dgwip.de\/index.php?rest_route=%2Fwp%2Fv2%2Fcategories&post=54106"},{"taxonomy":"post_tag","embeddable":true,"href":"https:\/\/voigt-alte-seite.dgwip.de\/index.php?rest_route=%2Fwp%2Fv2%2Ftags&post=54106"}],"curies":[{"name":"wp","href":"https:\/\/api.w.org\/{rel}","templated":true}]}}