{"id":54218,"date":"2025-08-28T06:30:00","date_gmt":"2025-08-28T04:30:00","guid":{"rendered":"https:\/\/voigt-alte-seite.dgwip.de\/?p=54218"},"modified":"2025-09-18T13:31:30","modified_gmt":"2025-09-18T11:31:30","slug":"bgh-staerkt-die-rechte-von-unfallgeschaedigten","status":"publish","type":"post","link":"https:\/\/voigt-alte-seite.dgwip.de\/?p=54218","title":{"rendered":"BGH st\u00e4rkt die Rechte von Unfallgesch\u00e4digten!"},"content":{"rendered":"\n<p>Der Bundesgerichtshof (BGH) hat mit einem Urteil vom 08.04.2025 (<a href=\"https:\/\/juris.bundesgerichtshof.de\/cgi-bin\/rechtsprechung\/document.py?Gericht=bgh&amp;Art=en&amp;sid=511493a245e71584ca8423766075228f&amp;nr=142160&amp;anz=1&amp;pos=0\">Az. VI ZR 25\/24<\/a>) klargestellt, dass ein rechtliches Interesse an der Feststellung zuk\u00fcnftiger Schadensersatzanspr\u00fcche auch bei einer fiktiven Schadensabrechnung bestehen kann.<\/p>\n\n\n\n<h2 class=\"wp-block-heading\"><strong>Mit einem Parkplatzrempler fing es an!<\/strong><\/h2>\n\n\n\n<p>Ein Kunde des verklagten Versicherers hatte beim Ausparken das Fahrzeug der sp\u00e4teren Kl\u00e4gerin besch\u00e4digt. Die Haftung war dem Grunde nach eindeutig und die Gesch\u00e4digte hatte sich f\u00fcr die sogenannte fiktive Abrechnung, d.h. auf Gutachtenbasis entschieden. Auch das war unproblematisch. Denn im Rahmen der sogenannten Ersetzungsbefugnis kann ein Gesch\u00e4digter w\u00e4hlen, ob er den Schaden fiktiv auf Basis eines Sachverst\u00e4ndigengutachtens oder konkret anhand der tats\u00e4chlich angefallenen Reparaturkosten abrechnet.<\/p>\n\n\n\n<h2 class=\"wp-block-heading\"><strong>Die fiktive Abrechnung ist nicht in Stein gemei\u00dfelt!<\/strong><\/h2>\n\n\n\n<p>Hat sich ein Gesch\u00e4digter f\u00fcr die <a href=\"https:\/\/voigt-alte-seite.dgwip.de\/?s=fiktive+Abrechnung\" target=\"_blank\" rel=\"noreferrer noopener\">fiktive Abrechnung<\/a> entschieden, bedeutet dies allerdings nicht, dass er auf ewig daran gebunden ist. &nbsp;Vielmehr kann er grunds\u00e4tzlich auch zur \u201ekonkreten Abrechnung\u201c \u00fcbergehen und das Fahrzeug in einer Fachwerkstatt reparieren lassen. Der Versicherer des Unfallverursachers hat dann die tats\u00e4chlich angefallenen Kosten einschlie\u00dflich der Mehrwertsteuer sowie eine etwaige <a href=\"https:\/\/voigt-alte-seite.dgwip.de\/?s=Nutzungsausfallentsch%C3%A4digung\" target=\"_blank\" rel=\"noreferrer noopener\">Nutzungsausfallentsch\u00e4digung<\/a> zu erstatten.<\/p>\n\n\n\n<p>Der Haken daran: Der Wechsel von der fiktiven zur konkreten Abrechnung ist nur innerhalb der dreij\u00e4hrigen Verj\u00e4hrungsfrist f\u00fcr deliktische Anspr\u00fcche m\u00f6glich. Nach dem Ablauf der Frist kann sich der Versicherer dann auf die Verj\u00e4hrung berufen, auch wenn er eigentlich zur Leistung verpflichtet gewesen w\u00e4re.<\/p>\n\n\n\n<h2 class=\"wp-block-heading\"><strong>Was ist mit m\u00f6glichen k\u00fcnftigen Sch\u00e4den?<\/strong><\/h2>\n\n\n\n<p>Da, insbesondere bei der fiktiven Abrechnung, nicht immer ausgeschlossen werden kann, dass es mit dem festgestellten Schaden sein Bewenden hat, d.h. dass in Zukunft nicht noch weitere unfallbedingte Sch\u00e4den offenbar werden, kann ein Gesch\u00e4digter im Prozess ein Interesse daran haben feststellen zu lassen, dass der Versicherer auch f\u00fcr zuk\u00fcnftige Sch\u00e4den ersatzpflichtig ist.<\/p>\n\n\n\n<p>Dieses Feststellungsinteresse nach <a href=\"https:\/\/www.gesetze-im-internet.de\/zpo\/__256.html\" target=\"_blank\" rel=\"noreferrer noopener\">\u00a7 256 Abs. 1 ZPO<\/a> folgt insbesondere aus dem Interesse des Gesch\u00e4digten zu verhindern, dass etwaige Ersatzanspr\u00fcche f\u00fcr zuk\u00fcnftige Sch\u00e4den verj\u00e4hren.<\/p>\n\n\n\n<p>Ob der Gesch\u00e4digte tats\u00e4chlich von der fiktiven zur konkreten Abrechnung wechseln will, spielt dabei keine Rolle. Es reicht aus, wenn der Gesch\u00e4digte schl\u00fcssig darlegt, dass eine Reparatur des Fahrzeugs m\u00f6glich ist. Das Feststellungsinteresse ist daher zu verneinen, wenn aus Sicht eines verst\u00e4ndigen Gesch\u00e4digten kein nachvollziehbarer Anlass dazu besteht, mit einer Reparatur zu rechnen.<\/p>\n\n\n\n<h2 class=\"wp-block-heading\"><strong>Die Verj\u00e4hrungsfrist wird erweitert!<\/strong><\/h2>\n\n\n\n<p>Der Clou der Entscheidung besteht allerdings darin, dass die Verj\u00e4hrungsfrist nach einem Feststellungsausspruch durch das&nbsp; Gericht von drei auf 30 Jahre erweitert wird (\u00a7\u00a7&nbsp;<a href=\"https:\/\/www.gesetze-im-internet.de\/bgb\/__195.html\" target=\"_blank\" rel=\"noreferrer noopener\">195<\/a>,&nbsp;<a href=\"https:\/\/www.gesetze-im-internet.de\/bgb\/__197.html\" target=\"_blank\" rel=\"noreferrer noopener\">197&nbsp;Abs.&nbsp;1&nbsp;Nr.&nbsp;3&nbsp;<\/a>BGB). Steht als noch nicht fest, ob ein Gesch\u00e4digter sp\u00e4ter von der fiktiven zur konkreten Abrechnung wechseln will und kann die M\u00f6glichkeit des Eintritts weiterer Sch\u00e4den nicht ausgeschlossen werden, spricht viel daf\u00fcr im Prozess nicht nur den Schadenersatzanspruch als solchen, sondern zugleich auch feststellen zu lassen, dass der Versicherer des Unfallgegners verpflichtet ist, auch zum Ersatz etwaiger k\u00fcnftiger Sch\u00e4den verpflichtet ist.<\/p>\n\n\n\n<p>Zur Erweiterung der Verj\u00e4hrungsfrist hat der BGH in der Begr\u00fcndung kurz festgestellt, dass dies \u201e<em>keine Besonderheit der vorliegenden Fallkonstellation<\/em>\u201c, sondern \u201e<em>eine Konsequenz der gesetzgeberischen Interessenabw\u00e4gungen und Grundentscheidungen<\/em>\u201c sei.<\/p>\n\n\n\n<p>Daran, dass das Bestehen eines Feststellungsinteresses nicht nur ins Blaue behauptet werden darf, sondern auch substantiiert begr\u00fcndet werden muss, \u00e4ndert das Urteil des BGH allerdings nichts.<\/p>\n\n\n\n<p>Dies f\u00fchrt unter anderem dazu, dass das Feststellungsinteresse entf\u00e4llt, wenn der Gesch\u00e4digte sein Fahrzeug bereits w\u00e4hrend des Prozesses und vor dem Schluss der m\u00fcndlichen Hauptverhandlung verkauft und sich dadurch des Risikos der &#8220;M\u00f6glichkeit weiterer Sch\u00e4den&#8221; entledigt hat.<\/p>\n\n\n\n<h2 class=\"wp-block-heading\"><strong>FAQ<\/strong><\/h2>\n\n\n\n<div class=\"wp-block-wpseopress-faq-block-v2 is-layout-flow wp-block-wpseopress-faq-block-v2-is-layout-flow\">\n<details id=\"was-bedeutet-das-urteil-fur-die-praxis\" class=\"wp-block-details is-layout-flow wp-block-details-is-layout-flow\"><summary>Was bedeutet das Urteil f\u00fcr die Praxis?<\/summary>\n<p>Das Urteil schafft nach Verkehrsunf\u00e4llen erheblich mehr Klarheit und Rechtssicherheit f\u00fcr Gesch\u00e4digte! Dies gilt insbesondere f\u00fcr die fiktive Abrechnung und die mit der gerichtlichen Feststellung der Ersatzpflicht f\u00fcr m\u00f6gliche zuk\u00fcnftige Sch\u00e4den verbundene Erweiterung der Verj\u00e4hrungsfrist von drei auf drei\u00dfig Jahre!<\/p>\n\n\n\n<p>Abgesehen davon, dass die vom LG Landshut in seinem Urteil vom 20.12.2023, <a href=\"https:\/\/www.gesetze-bayern.de\/Content\/Document\/Y-300-Z-BECKRS-B-2023-N-56765\" target=\"_blank\" rel=\"noreferrer noopener\">Az. 15 S 1052\/23<\/a> vertretene Auffassung, wonach es \u201edem Gesch\u00e4digten zuzumuten sei, die Entscheidung, ob er sein Fahrzeug reparieren lassen und auf konkrete Abrechnung \u00fcbergehen will, innerhalb der Verj\u00e4hrungsfrist von 3 Jahren zu treffen\u201c vom Tisch ist, stellt das BGH-Urteil klar, welche M\u00f6glichkeiten Gesch\u00e4digte auch bei der fiktiven Abrechnung haben!<\/p>\n\n\n\n<p>Auch hier gilt: <a href=\"https:\/\/voigt-alte-seite.dgwip.de\/voigt-regler\/\" target=\"_blank\" rel=\"noreferrer noopener\">Voigt regelt!<\/a><\/p>\n<\/details>\n<script type=\"application\/ld+json\">{\"@context\":\"https:\/\/schema.org\",\"@type\":\"FAQPage\",\"url\":\"https:\/\/voigt-alte-seite.dgwip.de\/unfallschadenregulierung\/bgh-staerkt-die-rechte-von-unfallgeschaedigten\/\",\"@id\":\"https:\/\/voigt-alte-seite.dgwip.de\/unfallschadenregulierung\/bgh-staerkt-die-rechte-von-unfallgeschaedigten\/\",\"mainEntity\":[{\"@type\":\"Question\",\"url\":\"https:\/\/voigt-alte-seite.dgwip.de\/unfallschadenregulierung\/bgh-staerkt-die-rechte-von-unfallgeschaedigten\/#was-bedeutet-das-urteil-fur-die-praxis\",\"name\":\"Was bedeutet das Urteil f\u00fcr die Praxis?\",\"answerCount\":1,\"acceptedAnswer\":{\"@type\":\"Answer\",\"text\":\"&lt;p>Das Urteil schafft nach Verkehrsunf\u00e4llen erheblich mehr Klarheit und Rechtssicherheit f\u00fcr Gesch\u00e4digte! Dies gilt insbesondere f\u00fcr die fiktive Abrechnung und die mit der gerichtlichen Feststellung der Ersatzpflicht f\u00fcr m\u00f6gliche zuk\u00fcnftige Sch\u00e4den verbundene Erweiterung der Verj\u00e4hrungsfrist von drei auf drei\u00dfig Jahre!&lt;\/p>&lt;p>Abgesehen davon, dass die vom LG Landshut in seinem Urteil vom 20.12.2023, &lt;a href=\\\"https:\/\/www.gesetze-bayern.de\/Content\/Document\/Y-300-Z-BECKRS-B-2023-N-56765\\\" target=\\\"_blank\\\" rel=\\\"noreferrer noopener\\\">Az. 15 S 1052\/23&lt;\/a> vertretene Auffassung, wonach es \u201edem Gesch\u00e4digten zuzumuten sei, die Entscheidung, ob er sein Fahrzeug reparieren lassen und auf konkrete Abrechnung \u00fcbergehen will, innerhalb der Verj\u00e4hrungsfrist von 3 Jahren zu treffen\u201c vom Tisch ist, stellt das BGH-Urteil klar, welche M\u00f6glichkeiten Gesch\u00e4digte auch bei der fiktiven Abrechnung haben!&lt;\/p>&lt;p>Auch hier gilt: &lt;a href=\\\"https:\/\/voigt-alte-seite.dgwip.de\/voigt-regler\/\\\" target=\\\"_blank\\\" rel=\\\"noreferrer noopener\\\">Voigt regelt!&lt;\/a>&lt;\/p>\"}}]}<\/script><\/div>\n\n\n\n<p style=\"font-size:12px\">Aktualisiert am 18.09.2025<\/p>\n","protected":false},"excerpt":{"rendered":"<p>Die fiktive Abrechnung hindert nicht die Feststellung der Pflicht zur Entsch\u00e4digung k\u00fcnftiger Schadenersatzanspr\u00fcche!<\/p>\n","protected":false},"author":7,"featured_media":54223,"comment_status":"closed","ping_status":"closed","sticky":false,"template":"","format":"standard","meta":{"_acf_changed":false,"_seopress_robots_primary_cat":"none","_seopress_titles_title":"BGH-Urteil: Verj\u00e4hrungsfrist bei Schadenersatz","_seopress_titles_desc":"Verpflichtung zur Entsch\u00e4digung auch f\u00fcr k\u00fcnftige Sch\u00e4den m\u00f6glich! BGH kl\u00e4rt: Verj\u00e4hrungsfrist durch Feststellungsausspruch auf 30 Jahre erweitert. Jetzt informieren!","_seopress_robots_index":"","_relevanssi_hide_post":"","_relevanssi_hide_content":"","_relevanssi_pin_for_all":"","_relevanssi_pin_keywords":"","_relevanssi_unpin_keywords":"","_relevanssi_related_keywords":"","_relevanssi_related_include_ids":"","_relevanssi_related_exclude_ids":"","_relevanssi_related_no_append":"","_relevanssi_related_not_related":"","_relevanssi_related_posts":"","_relevanssi_noindex_reason":"","_uag_custom_page_level_css":"","footnotes":""},"categories":[1320],"tags":[356],"class_list":["post-54218","post","type-post","status-publish","format-standard","has-post-thumbnail","hentry","category-unfallschadenregulierung","tag-unfallschadenregulierung"],"acf":[],"uagb_featured_image_src":{"full":["https:\/\/voigt-alte-seite.dgwip.de\/wp-content\/uploads\/2025\/08\/deadline-2636259_1280.jpg",1280,1181,false],"thumbnail":["https:\/\/voigt-alte-seite.dgwip.de\/wp-content\/uploads\/2025\/08\/deadline-2636259_1280-150x150.jpg",150,150,true],"medium":["https:\/\/voigt-alte-seite.dgwip.de\/wp-content\/uploads\/2025\/08\/deadline-2636259_1280-300x277.jpg",300,277,true],"medium_large":["https:\/\/voigt-alte-seite.dgwip.de\/wp-content\/uploads\/2025\/08\/deadline-2636259_1280-768x709.jpg",768,709,true],"large":["https:\/\/voigt-alte-seite.dgwip.de\/wp-content\/uploads\/2025\/08\/deadline-2636259_1280-1024x945.jpg",1024,945,true],"1536x1536":["https:\/\/voigt-alte-seite.dgwip.de\/wp-content\/uploads\/2025\/08\/deadline-2636259_1280.jpg",1280,1181,false],"2048x2048":["https:\/\/voigt-alte-seite.dgwip.de\/wp-content\/uploads\/2025\/08\/deadline-2636259_1280.jpg",1280,1181,false]},"uagb_author_info":{"display_name":"henning.hammer","author_link":"https:\/\/voigt-alte-seite.dgwip.de\/?author=7"},"uagb_comment_info":0,"uagb_excerpt":"Die fiktive Abrechnung hindert nicht die Feststellung der Pflicht zur Entsch\u00e4digung k\u00fcnftiger Schadenersatzanspr\u00fcche!","_links":{"self":[{"href":"https:\/\/voigt-alte-seite.dgwip.de\/index.php?rest_route=\/wp\/v2\/posts\/54218","targetHints":{"allow":["GET"]}}],"collection":[{"href":"https:\/\/voigt-alte-seite.dgwip.de\/index.php?rest_route=\/wp\/v2\/posts"}],"about":[{"href":"https:\/\/voigt-alte-seite.dgwip.de\/index.php?rest_route=\/wp\/v2\/types\/post"}],"author":[{"embeddable":true,"href":"https:\/\/voigt-alte-seite.dgwip.de\/index.php?rest_route=\/wp\/v2\/users\/7"}],"replies":[{"embeddable":true,"href":"https:\/\/voigt-alte-seite.dgwip.de\/index.php?rest_route=%2Fwp%2Fv2%2Fcomments&post=54218"}],"version-history":[{"count":8,"href":"https:\/\/voigt-alte-seite.dgwip.de\/index.php?rest_route=\/wp\/v2\/posts\/54218\/revisions"}],"predecessor-version":[{"id":54539,"href":"https:\/\/voigt-alte-seite.dgwip.de\/index.php?rest_route=\/wp\/v2\/posts\/54218\/revisions\/54539"}],"wp:featuredmedia":[{"embeddable":true,"href":"https:\/\/voigt-alte-seite.dgwip.de\/index.php?rest_route=\/wp\/v2\/media\/54223"}],"wp:attachment":[{"href":"https:\/\/voigt-alte-seite.dgwip.de\/index.php?rest_route=%2Fwp%2Fv2%2Fmedia&parent=54218"}],"wp:term":[{"taxonomy":"category","embeddable":true,"href":"https:\/\/voigt-alte-seite.dgwip.de\/index.php?rest_route=%2Fwp%2Fv2%2Fcategories&post=54218"},{"taxonomy":"post_tag","embeddable":true,"href":"https:\/\/voigt-alte-seite.dgwip.de\/index.php?rest_route=%2Fwp%2Fv2%2Ftags&post=54218"}],"curies":[{"name":"wp","href":"https:\/\/api.w.org\/{rel}","templated":true}]}}