{"id":54710,"date":"2025-09-30T06:30:00","date_gmt":"2025-09-30T04:30:00","guid":{"rendered":"https:\/\/voigt-alte-seite.dgwip.de\/?p=54710"},"modified":"2025-09-29T13:19:07","modified_gmt":"2025-09-29T11:19:07","slug":"kein-regress-in-recklinghausen","status":"publish","type":"post","link":"https:\/\/voigt-alte-seite.dgwip.de\/?p=54710","title":{"rendered":"Kein Regress in Recklinghausen!"},"content":{"rendered":"\n<p><\/p>\n\n\n\n<p>Das Gericht stellte zwar fest, dass m\u00f6glicherweise auch ein anderer, etwas g\u00fcnstigerer Reparaturweg m\u00f6glich gewesen w\u00e4re. Der Versicherer musste aber gleichwohl einsehen, dass er sich auf dem Holzweg befand.<\/p>\n\n\n\n<h2 class=\"wp-block-heading\"><strong>Nicht notwendig und zu teuer?<\/strong><\/h2>\n\n\n\n<p>Der Versicherer vertrat die Auffassung, die Werkstatt habe nicht notwendige Reparaturarbeiten zu \u00fcberh\u00f6hten Kosten abgerechnet. Seine Behauptung st\u00fctzte er dabei auf einen von ihm eingeholten Pr\u00fcfbericht. Nach diesem waren die Arbeiten angeblich nicht gerechtfertigt und \u00fcberteuert.<\/p>\n\n\n\n<h2 class=\"wp-block-heading\"><strong>Werkst\u00e4tten sind nicht sklavisch an das Gutachten gebunden!<\/strong><\/h2>\n\n\n\n<p>Eine Besonderheit des Falles bestand darin, dass der Gesch\u00e4digte die Werkstatt mit der Reparatur beauftragt hatte, jedoch nicht mit der Durchf\u00fchrung der Reparatur gem\u00e4\u00df Gutachten. So war es auch nicht verwunderlich, dass die Reparatur den &#8211; vom Versicherer festgelegten &#8211; Kriterien des Pr\u00fcfberichts nicht standhalten konnten.<\/p>\n\n\n\n<p>F\u00fcr das Gericht war das allerdings unproblematisch. Es stellte fest, dass eine Reparaturwerkstatt zwar davon ausgehen darf, dass der in einem <a href=\"https:\/\/voigt-alte-seite.dgwip.de\/stichworte\/unfallschadenregulierung\/gutachten\/\" target=\"_blank\" rel=\"noreferrer noopener\">Sachverst\u00e4ndigengutachten<\/a> aufgef\u00fchrte Reparaturweg korrekt ist und im Rahmen des Vertretbaren liegt. Denn schlie\u00dflich verf\u00fcgt ein Sachverst\u00e4ndiger ja regelm\u00e4\u00dfig \u00fcber mindestens gleichwertige, wenn nicht sogar bessere Kenntnisse \u00fcber die Methoden und den Reparaturweg als die Werkstatt selbst.<\/p>\n\n\n\n<p>Allerdings kann eine Werkstatt, sei es aus eigener Praxis und Erfahrung oder aus genereller fachlicher Expertise, durchaus \u00fcber \u00fcberlegenes Wissen verf\u00fcgen. Sollte es sich ihr daher aufdr\u00e4ngen, dass der Inhalt eines Gutachtens an bestimmten Stellen fachlich unvertretbar und falsch ist, die vorgeschlagenen Arbeiten nutzlos bzw. \u00fcberfl\u00fcssig oder die Kostenans\u00e4tze zu hoch sind, muss sie die eigene Vernunft einsetzen, statt sklavisch den Vorgaben im Gutachten zu folgen.<\/p>\n\n\n\n<p>Kann sie ihre Vorgehensweise im Prozess dann auch noch nachvollziehbar begr\u00fcnden, d\u00fcrfte sie nichts zu bef\u00fcrchten haben.<\/p>\n\n\n\n<h2 class=\"wp-block-heading\"><strong>Fazit<\/strong><\/h2>\n\n\n\n<p>Will ein Versicherer eine Werkstatt in Regress nehmen, muss er nicht nur beweisen, dass die Arbeiten ungerechtfertigt nicht durchgef\u00fchrt wurden und\/oder \u00fcberteuert waren.<\/p>\n\n\n\n<p>Solange die Werkstatt davon ausgehen kann, dass der im <a href=\"https:\/\/voigt-alte-seite.dgwip.de\/?s=Gutachten\" target=\"_blank\" rel=\"noreferrer noopener\">Sachverst\u00e4ndigengutachten<\/a> vorgeschlagene Reparaturweg sachlich vertretbar ist, die Kosten im \u00fcblichen Rahmen liegen und der Versicherer nicht durch substantiierten Vortrag darlegen und beweisen kann, dass sich etwas Gegenteiliges h\u00e4tte aufdr\u00e4ngen m\u00fcssen, sollten <a href=\"https:\/\/voigt-alte-seite.dgwip.de\/?s=Regress\" target=\"_blank\" rel=\"noreferrer noopener\">Regressforderungen der Versicherer<\/a> keine Chance auf Erfolg haben!<\/p>\n\n\n\n<p>Aber auch hier gilt: <a href=\"https:\/\/voigt-alte-seite.dgwip.de\/kontakt\/\" target=\"_blank\" rel=\"noreferrer noopener\">Kontaktieren Sie uns fr\u00fchzeitig! <\/a><\/p>\n\n\n\n<p><a href=\"https:\/\/voigt-alte-seite.dgwip.de\/voigt-regler\/\" target=\"_blank\" rel=\"noreferrer noopener\">Wir regeln das dann f\u00fcr Sie!<\/a><\/p>\n\n\n\n<p style=\"font-size:12px\">Bildnachweis: Pixabay<\/p>\n","protected":false},"excerpt":{"rendered":"<p>Ein Versicherer wollte wegen angeblich zu hoch abgerechneter Arbeiten Regress bei einer Autowerkstatt nehmen. Erfolg hatte er damit allerdings nicht!<\/p>\n","protected":false},"author":7,"featured_media":54714,"comment_status":"closed","ping_status":"closed","sticky":false,"template":"","format":"standard","meta":{"_acf_changed":false,"_seopress_robots_primary_cat":"none","_seopress_titles_title":"Versicherer hat keinen Erfolg mit Regressforderung!","_seopress_titles_desc":"Gesch\u00e4digte und Werkst\u00e4tten k\u00f6nnen sich gegen Regressforderungen von Versicherern erfolgreich wehren!","_seopress_robots_index":"","_relevanssi_hide_post":"","_relevanssi_hide_content":"","_relevanssi_pin_for_all":"","_relevanssi_pin_keywords":"","_relevanssi_unpin_keywords":"","_relevanssi_related_keywords":"","_relevanssi_related_include_ids":"","_relevanssi_related_exclude_ids":"","_relevanssi_related_no_append":"","_relevanssi_related_not_related":"","_relevanssi_related_posts":"","_relevanssi_noindex_reason":"","_uag_custom_page_level_css":"","footnotes":""},"categories":[26,1311],"tags":[356],"class_list":["post-54710","post","type-post","status-publish","format-standard","has-post-thumbnail","hentry","category-aktuelles","category-rechtsprechung","tag-unfallschadenregulierung"],"acf":[],"uagb_featured_image_src":{"full":["https:\/\/voigt-alte-seite.dgwip.de\/wp-content\/uploads\/2025\/09\/pexels-pixabay-259249-scaled.jpg",2560,1707,false],"thumbnail":["https:\/\/voigt-alte-seite.dgwip.de\/wp-content\/uploads\/2025\/09\/pexels-pixabay-259249-150x150.jpg",150,150,true],"medium":["https:\/\/voigt-alte-seite.dgwip.de\/wp-content\/uploads\/2025\/09\/pexels-pixabay-259249-300x200.jpg",300,200,true],"medium_large":["https:\/\/voigt-alte-seite.dgwip.de\/wp-content\/uploads\/2025\/09\/pexels-pixabay-259249-768x512.jpg",768,512,true],"large":["https:\/\/voigt-alte-seite.dgwip.de\/wp-content\/uploads\/2025\/09\/pexels-pixabay-259249-1024x683.jpg",1024,683,true],"1536x1536":["https:\/\/voigt-alte-seite.dgwip.de\/wp-content\/uploads\/2025\/09\/pexels-pixabay-259249-1536x1024.jpg",1536,1024,true],"2048x2048":["https:\/\/voigt-alte-seite.dgwip.de\/wp-content\/uploads\/2025\/09\/pexels-pixabay-259249-2048x1365.jpg",2048,1365,true]},"uagb_author_info":{"display_name":"henning.hammer","author_link":"https:\/\/voigt-alte-seite.dgwip.de\/?author=7"},"uagb_comment_info":0,"uagb_excerpt":"Ein Versicherer wollte wegen angeblich zu hoch abgerechneter Arbeiten Regress bei einer Autowerkstatt nehmen. Erfolg hatte er damit allerdings nicht!","_links":{"self":[{"href":"https:\/\/voigt-alte-seite.dgwip.de\/index.php?rest_route=\/wp\/v2\/posts\/54710","targetHints":{"allow":["GET"]}}],"collection":[{"href":"https:\/\/voigt-alte-seite.dgwip.de\/index.php?rest_route=\/wp\/v2\/posts"}],"about":[{"href":"https:\/\/voigt-alte-seite.dgwip.de\/index.php?rest_route=\/wp\/v2\/types\/post"}],"author":[{"embeddable":true,"href":"https:\/\/voigt-alte-seite.dgwip.de\/index.php?rest_route=\/wp\/v2\/users\/7"}],"replies":[{"embeddable":true,"href":"https:\/\/voigt-alte-seite.dgwip.de\/index.php?rest_route=%2Fwp%2Fv2%2Fcomments&post=54710"}],"version-history":[{"count":6,"href":"https:\/\/voigt-alte-seite.dgwip.de\/index.php?rest_route=\/wp\/v2\/posts\/54710\/revisions"}],"predecessor-version":[{"id":54720,"href":"https:\/\/voigt-alte-seite.dgwip.de\/index.php?rest_route=\/wp\/v2\/posts\/54710\/revisions\/54720"}],"wp:featuredmedia":[{"embeddable":true,"href":"https:\/\/voigt-alte-seite.dgwip.de\/index.php?rest_route=\/wp\/v2\/media\/54714"}],"wp:attachment":[{"href":"https:\/\/voigt-alte-seite.dgwip.de\/index.php?rest_route=%2Fwp%2Fv2%2Fmedia&parent=54710"}],"wp:term":[{"taxonomy":"category","embeddable":true,"href":"https:\/\/voigt-alte-seite.dgwip.de\/index.php?rest_route=%2Fwp%2Fv2%2Fcategories&post=54710"},{"taxonomy":"post_tag","embeddable":true,"href":"https:\/\/voigt-alte-seite.dgwip.de\/index.php?rest_route=%2Fwp%2Fv2%2Ftags&post=54710"}],"curies":[{"name":"wp","href":"https:\/\/api.w.org\/{rel}","templated":true}]}}