{"id":56351,"date":"2026-02-04T06:30:00","date_gmt":"2026-02-04T05:30:00","guid":{"rendered":"https:\/\/voigt-alte-seite.dgwip.de\/?p=56351"},"modified":"2026-02-05T09:29:08","modified_gmt":"2026-02-05T08:29:08","slug":"an-der-hoehe-lag-es-nicht","status":"publish","type":"post","link":"https:\/\/voigt-alte-seite.dgwip.de\/?p=56351","title":{"rendered":"An der H\u00f6he lag es nicht!"},"content":{"rendered":"\n<p><\/p>\n\n\n\n<p>Das hat sich vermutlich auch die Besatzung einer Zivilstreife gedacht, als sie das auf dem Titelbild abgebildete Gespann auf einen Parkplatz lotste, um es n\u00e4her in Augenschein zu nehmen. <\/p>\n\n\n\n<h2 class=\"wp-block-heading\">Die Ladungssicherung war offenbar in Ordnung <\/h2>\n\n\n\n<p>Jedenfalls war die Ladung offenbar so gesichert, dass sie selbst bei einer Vollbremsung oder einer pl\u00f6tzlichen Ausweichbewegung nicht verrutschen, umfallen oder herabfallen konnte. Einen Versto\u00df gegen <a href=\"https:\/\/www.gesetze-im-internet.de\/stvo_2013\/__22.html\" target=\"_blank\" rel=\"noreferrer noopener\">\u00a7 22 StVO<\/a> (Ladungssicherung) sahen die Beamten daher offenbar nicht. Auch die H\u00f6he d\u00fcrfte gepasst haben.<\/p>\n\n\n\n<p>Aber irgendwie schienen Zugfahrzeug und Anh\u00e4nger nicht zu harmonieren.<\/p>\n\n\n\n<h2 class=\"wp-block-heading\"><strong>Die erlaubte Anh\u00e4ngelast darf nicht \u00fcberschritten werden!<\/strong><\/h2>\n\n\n\n<p>Das Gewicht des Anh\u00e4ngers darf die zul\u00e4ssige Anh\u00e4ngelast schlie\u00dflich nicht \u00fcberschreiten!<\/p>\n\n\n\n<p>Die Beamten f\u00fchrten das Gespann daher auf einen nahegelegenen Parkplatz, m\u00f6glicherweise in der Annahme, dass ein Versto\u00df gegen <a href=\"https:\/\/www.gesetze-im-internet.de\/stvzo_2012\/__34.html\">\u00a7\u202f34\u202fStVZO<\/a> (Anh\u00e4ngelast) vorliege. Sie pr\u00fcften die Fahrzeugpapiere und wogen den Anh\u00e4nger.<\/p>\n\n\n\n<p><strong>Das Ergebnis: <\/strong>Dem Gewicht des Anh\u00e4ngers von ca. 2.400 Kilogramm stand eine maximal zul\u00e4ssige gebremste Anh\u00e4ngelast des Zugfahrzeugs von 1.300 Kilogramm gegen\u00fcber, wie aus den Herstellerangaben hervorgeht. <\/p>\n\n\n\n<p>Damit hatte das Fahrzeug ca. 1,1 Tonnen bzw. knapp 84 Prozent zu viel am Haken.<\/p>\n\n\n\n<h2 class=\"wp-block-heading\"><strong>Beim Anh\u00e4nger war alles in Ordnung &#8211; beim Zugfahrzeug nicht!<\/strong><\/h2>\n\n\n\n<p>Die maximal zul\u00e4ssige Anh\u00e4ngelast ist in der Zulassungsbescheinigung Teil I (Fahrzeugschein) im Feld O.1 f\u00fcr die gebremste und im Feld O.2 f\u00fcr die ungebremste Anh\u00e4ngelast vermerkt. Die Werte werden gem\u00e4\u00df den Vorgaben des Herstellers eingetragen (<a href=\"https:\/\/www.gesetze-im-internet.de\/stvzo_2012\/__42.html\" target=\"_blank\" rel=\"noreferrer noopener\">\u00a7 42 StVZO<\/a>).<\/p>\n\n\n\n<p>Sie bezeichnet die vom Fahrzeughersteller festgelegte Gewichtsgrenze, bis zu der ein Fahrzeug einen Anh\u00e4nger ziehen darf. Ma\u00dfgeblich sind dabei das Zusammenspiel von Motorleistung, Bremsanlage, Fahrwerk, Rahmenkonstruktion und das zul\u00e4ssige Gesamtgewicht des Zugfahrzeugs.<\/p>\n\n\n\n<h2 class=\"wp-block-heading\"><strong>Warum ist die Anh\u00e4ngelast begrenzt?<\/strong><\/h2>\n\n\n\n<p>Der Sinn und Zweck der Begrenzung besteht darin, dass auch Anh\u00e4ngergespanne sicher gefahren, abgebremst und zum Stehen gebracht werden m\u00fcssen. Wer schon einmal mit einem Anh\u00e4ngergespann unterwegs war, wei\u00df: Das Fahrverhalten unterscheidet sich deutlich vom Fahren ohne Anh\u00e4nger. Mit zunehmendem Gewicht nimmt die Fahrstabilit\u00e4t ab.<\/p>\n\n\n\n<p>So verl\u00e4ngern sich beispielsweise der Brems- und Anhalteweg. In Kurven oder bei Ausweichman\u00f6vern kann der Anh\u00e4nger zudem ins Schlingern geraten und das Zugfahrzeug regelrecht \u201emitrei\u00dfen\u201c. Zudem wird die Lenkf\u00e4higkeit durch die hohe St\u00fctz- und Zuglast negativ beeinflusst. Je st\u00e4rker das Fahrzeug hinten belastet wird, desto weniger Grip haben die Vorderr\u00e4der. <\/p>\n\n\n\n<p>Erg\u00e4nzend sei angemerkt, dass im Extremfall sogar ein Abrei\u00dfen der Anh\u00e4ngerkupplung m\u00f6glich ist.<\/p>\n\n\n\n<h2 class=\"wp-block-heading\"><strong>Kann eine Bremsanlage diese Einschr\u00e4nkungen ausgleichen?<\/strong><\/h2>\n\n\n\n<p>Eine Bremsanlage wirkt sich zwar positiv auf den Brems- und Anhalteweg des Gespanns aus. Pkw-Anh\u00e4nger verf\u00fcgen aber in der Regel \u00fcber Auflaufbremsen, die erst durch das \u201eAuflaufen\u201c auf das Zugfahrzeug verz\u00f6gert ausgel\u00f6st werden, Dadurch wird die Gefahr nur geringf\u00fcgig reduziert. Denn auch ein gebremster Anh\u00e4nger kann die physikalischen Grenzen nicht aufheben.<\/p>\n\n\n\n<p>Insbesondere bei Vollbremsungen oder schnellen Spurwechseln bleibt das Zugfahrzeug gefordert, die Stabilit\u00e4t des Gespanns aufrechtzuerhalten. Bei erheblicher \u00dcberladung kann selbst ein gebremster Anh\u00e4nger nicht mehr ausreichend kontrolliert werden.<\/p>\n\n\n\n<p>Aus denselben Gr\u00fcnden sind \u00fcbrigens auch die zul\u00e4ssigen Achslasten nach <a href=\"https:\/\/www.gesetze-im-internet.de\/stvzo_2012\/__34.html\" target=\"_blank\" rel=\"noreferrer noopener\">\u00a7 34 Abs. 3 StVZO<\/a> zu beachten.<\/p>\n\n\n\n<h2 class=\"wp-block-heading\"><strong>Welche Rechtsfolgen drohen?<\/strong><\/h2>\n\n\n\n<p>Wer auf \u00f6ffentlichen Stra\u00dfen eine Fahrzeugkombination f\u00fchrt, bei der die zul\u00e4ssige Anh\u00e4ngelast \u00fcberschritten ist, begeht einen Versto\u00df gegen <a href=\"https:\/\/www.gesetze-im-internet.de\/stvzo_2012\/__34.html\" target=\"_blank\" rel=\"noreferrer noopener\">\u00a7 34 Abs. 3 StVZO<\/a>.<\/p>\n\n\n\n<p>Wenn er dann erwischt wird, muss er mit einer Ahndung als Ordnungswidrigkeit nach <a href=\"https:\/\/www.gesetze-im-internet.de\/stvzo_2012\/__69a.html\" target=\"_blank\" rel=\"noreferrer noopener\">\u00a7 69a Abs. 3 Nr. 4 StVZO<\/a> i. V. m. \u00a7 24 StVG rechnen. F\u00fcr den Fahrzeughalter kommt zus\u00e4tzlich <a href=\"https:\/\/www.gesetze-im-internet.de\/stvzo_2012\/__31.html\" target=\"_blank\" rel=\"noreferrer noopener\">\u00a7 31 Abs. 2 StVZO<\/a> in Betracht, wenn er die Inbetriebnahme eines \u00fcberladenen Fahrzeugs zul\u00e4sst. Auch dies ist nach <a href=\"https:\/\/www.gesetze-im-internet.de\/stvzo_2012\/__69a.html\" target=\"_blank\" rel=\"noreferrer noopener\">\u00a7 69a Abs. 3 Nr. 3 StVZO<\/a> ordnungswidrig.<\/p>\n\n\n\n<p>Der Vollst\u00e4ndigkeit halber sei angemerkt, dass die reine \u00dcberschreitung der Anh\u00e4ngelast keinen Versto\u00df gegen \u00a7 22 StVO darstellt, sondern lediglich gegen <a href=\"https:\/\/www.gesetze-im-internet.de\/stvzo_2012\/__34.html\" target=\"_blank\" rel=\"noreferrer noopener\">\u00a7 34 StVZO<\/a>. Ein Versto\u00df gegen \u00a7 22 StVO ist nur zu pr\u00fcfen, wenn konkrete M\u00e4ngel der Ladungssicherung festgestellt werden.<\/p>\n\n\n\n<h2 class=\"wp-block-heading\"><strong>Sind Ausnahmen m\u00f6glich?<\/strong><\/h2>\n\n\n\n<p>Wie so oft gilt auch hier: Keine Regel ohne Ausnahme.<\/p>\n\n\n\n<p>Weicht ein Fahrzeug von den Bau- oder Betriebsvorschriften der StVZO ab, kann nach <a href=\"https:\/\/www.gesetze-im-internet.de\/stvzo_2012\/__70.html\" target=\"_blank\" rel=\"noreferrer noopener\">\u00a7\u202f70\u202fStVZO<\/a> eine streckenbezogene Ausnahmegenehmigung gem\u00e4\u00df <a href=\"https:\/\/www.gesetze-im-internet.de\/stvo_2013\/__29.html\" target=\"_blank\" rel=\"noreferrer noopener\">\u00a7\u202f29\u202fAbs.\u202f3\u202fStVO<\/a> beantragt und einzelfallabh\u00e4ngig ggf. auch erteilt werden (vgl. OLG\u202fCelle, Beschl.\u202fv.\u202f11.01.2011,\u202f<a href=\"https:\/\/voris.wolterskluwer-online.de\/browse\/document\/e26bae5a-32c0-4df1-af5d-b606d6f6c9c4\" target=\"_blank\" rel=\"noreferrer noopener\">Az.\u202f322\u202fSsRs\u202f390\/10<\/a>; BayObLG,\u202fBeschl.\u202fv.\u202f24.10.1996,\u202fAz.\u202f2\u202fObOWi\u202f689\/96).<\/p>\n\n\n\n<p>Wer \u00fcber eine solche Genehmigung verf\u00fcgt, braucht sich keine Gedanken zu machen. Er sollte allerdings beachten, dass die Ausnahmegenehmigung fahrzeugbezogen ist und kann mit Nebenbestimmungen erteilt werden kann. Zus\u00e4tzlich kann f\u00fcr den Einsatz auf bestimmten Strecken eine Erlaubnis nach <a href=\"https:\/\/www.gesetze-im-internet.de\/stvo_2013\/__29.html\" target=\"_blank\" rel=\"noreferrer noopener\">\u00a7 29 Abs. 3 StVO<\/a> erforderlich sein. Grundvoraussetzung ist allerdings das die Verkehrssicherheit des Fahrzeugs nicht beeintr\u00e4chtigt wird (OLG Bamberg Beschl. v. 14.5.2007, Az. 2 Ss OWi 597\/06).<\/p>\n\n\n\n<p>Ohne die Genehmigung bleibt es bei der Ordnungswidrigkeit.<\/p>\n\n\n\n<h2 class=\"wp-block-heading\"><strong>Was kosten Verst\u00f6\u00dfe?<\/strong><\/h2>\n\n\n\n<p><strong>Fahrer<\/strong><\/p>\n\n\n\n<p>In dem hier zugrundeliegenden Sachverhalt untersagten die Beamten die Weiterfahrt des Gespanns umgehend. Dem Fahrer drohen nun ein Bu\u00dfgeld in H\u00f6he von 380 Euro und ggf. Punkte im Fahreignungsregister, ausgehend von den Regels\u00e4tzen des Bu\u00dfgeldkatalogs.<\/p>\n\n\n\n<p><strong>Halter<\/strong><\/p>\n\n\n\n<p>Der Fahrzeughalter, der sich ebenfalls im Fahrzeug befand, muss mit einem Bu\u00dfgeld in H\u00f6he von 425 Euro rechnen, da er als Halter die Nutzung des \u00fcberladenen Anh\u00e4ngers zugelassen hat. Dass er nicht selbst gefahren ist, spielt dabei keine Rolle. Denn die Verantwortlichkeit des Halters nach <a href=\"https:\/\/www.gesetze-im-internet.de\/stvzo_2012\/__31.html\" target=\"_blank\" rel=\"noreferrer noopener\">\u00a7 31 Abs. 2 StVZO<\/a> greift bereits, wenn der Halter die Inbetriebnahme eines nicht vorschriftsm\u00e4\u00dfigen Fahrzeugs zul\u00e4sst oder anordnet. Selber fahren muss er nicht (vgl. BayObLG, Beschluss vom 14.11.2024, Az. <a href=\"https:\/\/www.gesetze-bayern.de\/Content\/Document\/Y-300-Z-BECKRS-B-2024-N-42675?hl=true\" target=\"_blank\" rel=\"noreferrer noopener\">201 ObOWi 1072\/24<\/a> \/ Ausnahmegenehmigung f\u00fcr Schwertransporte).<\/p>\n\n\n\n<p>Die Rechtsfolgen k\u00f6nnen abh\u00e4ngig vom Sachverhalt variieren. Dabei spielt nicht nur die \u00dcberschreitung des zul\u00e4ssigen Gesamtgewichts, sondern auch die Gef\u00e4hrdungslage als solche eine Rolle. Die genaue Rechtsfolge h\u00e4ngt daher von den genauen Umst\u00e4nden des Einzelfalls ab (vgl. OLG Schleswig, Beschluss vom 27.08.2015, <a href=\"https:\/\/www.gesetze-rechtsprechung.sh.juris.de\/bssh\/document\/NJRE001237138\" target=\"_blank\" rel=\"noreferrer noopener\">Az. 2 Ss OWi 95-15 [60\/15]<\/a>). Diese lassen sich aber oftmals erst im Verfahren aufkl\u00e4ren.<\/p>\n\n\n\n<h2 class=\"wp-block-heading\">Zwei Dinge gelten immer <\/h2>\n\n\n\n<p><a href=\"https:\/\/voigt-alte-seite.dgwip.de\/kontakt\/\" target=\"_blank\" rel=\"noreferrer noopener\"><strong>Kontaktieren Sie uns!<\/strong><\/a><\/p>\n\n\n\n<p><a href=\"https:\/\/voigt-alte-seite.dgwip.de\/voigt-regler\" target=\"_blank\" rel=\"noreferrer noopener\"><strong>Voigt regelt!<\/strong><\/a><\/p>\n\n\n\n<div style=\"height:100px\" aria-hidden=\"true\" class=\"wp-block-spacer\"><\/div>\n\n\n\n<p style=\"font-size:12px\">Bildnachweis: Polizeipr\u00e4sidium S\u00fcdosthessen<\/p>\n\n\n\n<p><\/p>\n","protected":false},"excerpt":{"rendered":"<p>Wer ein au\u00dfergew\u00f6hnliches oder auff\u00e4lliges Fahrzeug f\u00e4hrt, muss auch damit rechnen, von der Polizei kontrolliert zu werden. Die Gew\u00e4hrleistung der Verkehrssicherheit ist dabei  einer der Aspekte. Gegen anlassbezogene Kontrollen ist deshalb auch nichts auszusetzen.<\/p>\n","protected":false},"author":7,"featured_media":56354,"comment_status":"closed","ping_status":"closed","sticky":false,"template":"","format":"standard","meta":{"_acf_changed":false,"_seopress_robots_primary_cat":"none","_seopress_titles_title":"Achtung: Anh\u00e4ngelast \u00fcber\u00adschritten!","_seopress_titles_desc":"Vermeiden Sie Bu\u00dfgelder: \u00dcberschreiten Sie nicht die maximale Anh\u00e4ngelast. \u00dcberladung kann zu Fahrinstabilit\u00e4t und rechtlichen Konsequenzen f\u00fchren.","_seopress_robots_index":"","_relevanssi_hide_post":"","_relevanssi_hide_content":"","_relevanssi_pin_for_all":"","_relevanssi_pin_keywords":"","_relevanssi_unpin_keywords":"","_relevanssi_related_keywords":"","_relevanssi_related_include_ids":"","_relevanssi_related_exclude_ids":"","_relevanssi_related_no_append":"","_relevanssi_related_not_related":"","_relevanssi_related_posts":"","_relevanssi_noindex_reason":"","_uag_custom_page_level_css":"","footnotes":""},"categories":[1321],"tags":[318],"class_list":["post-56351","post","type-post","status-publish","format-standard","has-post-thumbnail","hentry","category-verkehr-recht","tag-rechts-tipp"],"acf":[],"uagb_featured_image_src":{"full":["https:\/\/voigt-alte-seite.dgwip.de\/wp-content\/uploads\/2026\/02\/BILD_2026-02-01_15-45-00_B707776_004-scaled.jpg",2560,1920,false],"thumbnail":["https:\/\/voigt-alte-seite.dgwip.de\/wp-content\/uploads\/2026\/02\/BILD_2026-02-01_15-45-00_B707776_004-150x150.jpg",150,150,true],"medium":["https:\/\/voigt-alte-seite.dgwip.de\/wp-content\/uploads\/2026\/02\/BILD_2026-02-01_15-45-00_B707776_004-300x225.jpg",300,225,true],"medium_large":["https:\/\/voigt-alte-seite.dgwip.de\/wp-content\/uploads\/2026\/02\/BILD_2026-02-01_15-45-00_B707776_004-768x576.jpg",768,576,true],"large":["https:\/\/voigt-alte-seite.dgwip.de\/wp-content\/uploads\/2026\/02\/BILD_2026-02-01_15-45-00_B707776_004-1024x768.jpg",1024,768,true],"1536x1536":["https:\/\/voigt-alte-seite.dgwip.de\/wp-content\/uploads\/2026\/02\/BILD_2026-02-01_15-45-00_B707776_004-1536x1152.jpg",1536,1152,true],"2048x2048":["https:\/\/voigt-alte-seite.dgwip.de\/wp-content\/uploads\/2026\/02\/BILD_2026-02-01_15-45-00_B707776_004-2048x1536.jpg",2048,1536,true]},"uagb_author_info":{"display_name":"henning.hammer","author_link":"https:\/\/voigt-alte-seite.dgwip.de\/?author=7"},"uagb_comment_info":0,"uagb_excerpt":"Wer ein au\u00dfergew\u00f6hnliches oder auff\u00e4lliges Fahrzeug f\u00e4hrt, muss auch damit rechnen, von der Polizei kontrolliert zu werden. Die Gew\u00e4hrleistung der Verkehrssicherheit ist dabei einer der Aspekte. Gegen anlassbezogene Kontrollen ist deshalb auch nichts auszusetzen.","_links":{"self":[{"href":"https:\/\/voigt-alte-seite.dgwip.de\/index.php?rest_route=\/wp\/v2\/posts\/56351","targetHints":{"allow":["GET"]}}],"collection":[{"href":"https:\/\/voigt-alte-seite.dgwip.de\/index.php?rest_route=\/wp\/v2\/posts"}],"about":[{"href":"https:\/\/voigt-alte-seite.dgwip.de\/index.php?rest_route=\/wp\/v2\/types\/post"}],"author":[{"embeddable":true,"href":"https:\/\/voigt-alte-seite.dgwip.de\/index.php?rest_route=\/wp\/v2\/users\/7"}],"replies":[{"embeddable":true,"href":"https:\/\/voigt-alte-seite.dgwip.de\/index.php?rest_route=%2Fwp%2Fv2%2Fcomments&post=56351"}],"version-history":[{"count":12,"href":"https:\/\/voigt-alte-seite.dgwip.de\/index.php?rest_route=\/wp\/v2\/posts\/56351\/revisions"}],"predecessor-version":[{"id":56406,"href":"https:\/\/voigt-alte-seite.dgwip.de\/index.php?rest_route=\/wp\/v2\/posts\/56351\/revisions\/56406"}],"wp:featuredmedia":[{"embeddable":true,"href":"https:\/\/voigt-alte-seite.dgwip.de\/index.php?rest_route=\/wp\/v2\/media\/56354"}],"wp:attachment":[{"href":"https:\/\/voigt-alte-seite.dgwip.de\/index.php?rest_route=%2Fwp%2Fv2%2Fmedia&parent=56351"}],"wp:term":[{"taxonomy":"category","embeddable":true,"href":"https:\/\/voigt-alte-seite.dgwip.de\/index.php?rest_route=%2Fwp%2Fv2%2Fcategories&post=56351"},{"taxonomy":"post_tag","embeddable":true,"href":"https:\/\/voigt-alte-seite.dgwip.de\/index.php?rest_route=%2Fwp%2Fv2%2Ftags&post=56351"}],"curies":[{"name":"wp","href":"https:\/\/api.w.org\/{rel}","templated":true}]}}