{"id":56365,"date":"2026-02-03T16:24:38","date_gmt":"2026-02-03T15:24:38","guid":{"rendered":"https:\/\/voigt-alte-seite.dgwip.de\/?p=56365"},"modified":"2026-02-03T21:12:10","modified_gmt":"2026-02-03T20:12:10","slug":"neues-urteil-zur-verwertbarkeit-von-videoaufnahmen","status":"publish","type":"post","link":"https:\/\/voigt-alte-seite.dgwip.de\/?p=56365","title":{"rendered":"Neues Urteil zur Verwertbarkeit von Videoaufnahmen!"},"content":{"rendered":"\n<p>In dem zu entscheidenden Sachverhalt ging es um die Frage, ob die Videoaufnahme, die von den Kameras eines geparkten Tesla aufgezeichnet wurde, zur Aufkl\u00e4rung des streitgegenst\u00e4ndlichen Verkehrsunfalls herangezogen werden durfte.<\/p>\n\n\n\n<p>Das Video half dabei, den Unfallhergang eindeutig zu kl\u00e4ren und den Unfallverursacher zur Verantwortung zu ziehen.<\/p>\n\n\n\n<h2 class=\"wp-block-heading\">Klassischer Dooring-Fall?<\/h2>\n\n\n\n<p>Im vorliegenden Fall hatte der Tesla-Fahrer sein Fahrzeug in einer Parkbucht am Stra\u00dfenrand geparkt. Er stieg aus und \u00f6ffnete die hintere T\u00fcr auf der Fahrerseite, um seine zweij\u00e4hrige Tochter aus dem Auto zu holen.<\/p>\n\n\n\n<p>Ein vorbeifahrendes Fahrzeug fuhr gegen die ge\u00f6ffnete T\u00fcr des Teslas und verursachte einen Gesamtschaden von mehr als 8.000 Euro. Der Fahrer des anderen Fahrzeugs behauptete, die T\u00fcr des Teslas sei pl\u00f6tzlich und unvermittelt ge\u00f6ffnet worden, weshalb er den Unfall nicht habe vermeiden k\u00f6nnen.<\/p>\n\n\n\n<p>Allerdings hatte eine im Tesla verbaute Kamera das Geschehen vollst\u00e4ndig aufgezeichnet.<\/p>\n\n\n\n<h2 class=\"wp-block-heading\">Die Behauptung des Unfallverursachers konnte widerlegt werden.<\/h2>\n\n\n\n<p>Die Richterin sah sich die Kameraaufnahme an und gab dem Tesla-Fahrer \u00fcberwiegend Recht.<\/p>\n\n\n\n<p>Sie verurteilte den Fahrer des passierenden Fahrzeugs und dessen Versicherer dazu, den Gro\u00dfteil des entstandenen Schadens zu tragen. Durch das Video konnte nachgewiesen werden, dass die ge\u00f6ffnete T\u00fcr erkennbar war und der Unfall h\u00e4tte vermieden werden k\u00f6nnen.<\/p>\n\n\n\n<h2 class=\"wp-block-heading\">Der Datenschutz stellte kein Problem dar.<\/h2>\n\n\n\n<p>Belange des Datenschutzes standen der Verwertung des Videos als Beweismittel hier nicht entgegen.<\/p>\n\n\n\n<p>Das Gericht stellte klar: Auch bei einem Datenschutzversto\u00df ist die Verwertung der Videoaufnahme nicht automatisch verboten. Das ist nur dann zul\u00e4ssig, wenn nur neutrale Verkehrsvorg\u00e4nge dokumentiert werden und das Beweisinteresse des Gesch\u00e4digten h\u00f6her zu bewerten ist als das Datenschutzrecht des Unfallgegners.<\/p>\n\n\n\n<h2 class=\"wp-block-heading\">Fazit und Wertung<\/h2>\n\n\n\n<p>Die Aufteilung der Verschuldensanteile von 70 zu 30 Prozent zulasten des vorbeifahrenden Autofahrers ber\u00fccksichtigt auch die Verantwortung des Tesla-Fahrers, der die T\u00fcr l\u00e4nger offen lie\u00df.<\/p>\n\n\n\n<p>Dies zeigt, dass das Gericht bei der Bewertung des Sachverhalts alle Umst\u00e4nde des Unfalls ber\u00fccksichtigte und nicht nur das Verhalten des Fahrers des vorbeifahrenden Autos.<\/p>\n\n\n\n<p>Das Urteil kann als weiterer Beleg f\u00fcr die zunehmende Akzeptanz von Dashcams oder fest verbauten Kamerasystemen bei der Aufkl\u00e4rung von Verkehrsunf\u00e4llen angesehen werden. In diesem Zusammenhang ist das Urteil des BGH vom 15.05.2018 (<a href=\"https:\/\/www.bundesgerichtshof.de\/SharedDocs\/Entscheidungen\/DE\/Zivilsenate\/VI_ZS\/2017\/VI_ZR_233-17.pdf?__blob=publicationFile&amp;v=1\" target=\"_blank\" rel=\"noreferrer noopener\">Az. VI ZR 233\/17<\/a>) wegweisend und von grundlegender Bedeutung.<\/p>\n\n\n\n<p>Entscheidend ist, dass das Beweisinteresse des Gesch\u00e4digten im Einzelfall h\u00f6her zu bewerten ist als das Datenschutzrecht des gefilmten Unfallgegners.<\/p>\n\n\n\n<p><strong>Vertiefende Informationen:<\/strong> <a href=\"https:\/\/voigt-alte-seite.dgwip.de\/stichworte\/verkehr-recht\/dashcam\/\"><\/a><a href=\"https:\/\/voigt-alte-seite.dgwip.de\/stichworte\/verkehr-recht\/dashcam\/\"><\/a><a href=\"https:\/\/voigt-alte-seite.dgwip.de\/?s=dashcam\">&#8220;Dashcam&#8221; &#8211; Voigt regelt<\/a> <\/p>\n\n\n\n<p>Pressemeldung LG Frankenthal: <a href=\"https:\/\/lgft.justiz.rlp.de\/presse-aktuelles\/detail\/entscheidung-des-monats-januar-2026\">Entscheidung des Monats Januar 2026 . Landgericht Frankenthal (Pfalz) (rlp.de)<\/a><\/p>\n\n\n\n<div style=\"height:100px\" aria-hidden=\"true\" class=\"wp-block-spacer\"><\/div>\n\n\n\n<p style=\"font-size:12px\">Bildnachweis: capital street fx\u00a0\/Pixabay<\/p>\n\n\n\n<p><\/p>\n","protected":false},"excerpt":{"rendered":"<p>Einem Urteil des Landgerichts Frankenthal zufolge sind Filmsequenzen von Rundum-Kameras, die in modernen Fahrzeugen verbaut sind, als Beweismittel zul\u00e4ssig.<\/p>\n","protected":false},"author":7,"featured_media":56371,"comment_status":"closed","ping_status":"closed","sticky":false,"template":"","format":"standard","meta":{"_acf_changed":false,"_seopress_robots_primary_cat":"none","_seopress_titles_title":"Videoaufnahmen kl\u00e4ren Unfall auf","_seopress_titles_desc":"Datenschutz kein Hindernis: Video kl\u00e4rt Unfallhergang dank Rundum-Kameras. Gericht erkennt Beweiswert an, stuft Datenschutz niedriger ein.","_seopress_robots_index":"","_relevanssi_hide_post":"","_relevanssi_hide_content":"","_relevanssi_pin_for_all":"","_relevanssi_pin_keywords":"","_relevanssi_unpin_keywords":"","_relevanssi_related_keywords":"","_relevanssi_related_include_ids":"","_relevanssi_related_exclude_ids":"","_relevanssi_related_no_append":"","_relevanssi_related_not_related":"","_relevanssi_related_posts":"","_relevanssi_noindex_reason":"","_uag_custom_page_level_css":"","footnotes":""},"categories":[26],"tags":[],"class_list":["post-56365","post","type-post","status-publish","format-standard","has-post-thumbnail","hentry","category-aktuelles"],"acf":[],"uagb_featured_image_src":{"full":["https:\/\/voigt-alte-seite.dgwip.de\/wp-content\/uploads\/2026\/02\/tesla-5937063_1280.jpg",1280,720,false],"thumbnail":["https:\/\/voigt-alte-seite.dgwip.de\/wp-content\/uploads\/2026\/02\/tesla-5937063_1280-150x150.jpg",150,150,true],"medium":["https:\/\/voigt-alte-seite.dgwip.de\/wp-content\/uploads\/2026\/02\/tesla-5937063_1280-300x169.jpg",300,169,true],"medium_large":["https:\/\/voigt-alte-seite.dgwip.de\/wp-content\/uploads\/2026\/02\/tesla-5937063_1280-768x432.jpg",768,432,true],"large":["https:\/\/voigt-alte-seite.dgwip.de\/wp-content\/uploads\/2026\/02\/tesla-5937063_1280-1024x576.jpg",1024,576,true],"1536x1536":["https:\/\/voigt-alte-seite.dgwip.de\/wp-content\/uploads\/2026\/02\/tesla-5937063_1280.jpg",1280,720,false],"2048x2048":["https:\/\/voigt-alte-seite.dgwip.de\/wp-content\/uploads\/2026\/02\/tesla-5937063_1280.jpg",1280,720,false]},"uagb_author_info":{"display_name":"henning.hammer","author_link":"https:\/\/voigt-alte-seite.dgwip.de\/?author=7"},"uagb_comment_info":0,"uagb_excerpt":"Einem Urteil des Landgerichts Frankenthal zufolge sind Filmsequenzen von Rundum-Kameras, die in modernen Fahrzeugen verbaut sind, als Beweismittel zul\u00e4ssig.","_links":{"self":[{"href":"https:\/\/voigt-alte-seite.dgwip.de\/index.php?rest_route=\/wp\/v2\/posts\/56365","targetHints":{"allow":["GET"]}}],"collection":[{"href":"https:\/\/voigt-alte-seite.dgwip.de\/index.php?rest_route=\/wp\/v2\/posts"}],"about":[{"href":"https:\/\/voigt-alte-seite.dgwip.de\/index.php?rest_route=\/wp\/v2\/types\/post"}],"author":[{"embeddable":true,"href":"https:\/\/voigt-alte-seite.dgwip.de\/index.php?rest_route=\/wp\/v2\/users\/7"}],"replies":[{"embeddable":true,"href":"https:\/\/voigt-alte-seite.dgwip.de\/index.php?rest_route=%2Fwp%2Fv2%2Fcomments&post=56365"}],"version-history":[{"count":12,"href":"https:\/\/voigt-alte-seite.dgwip.de\/index.php?rest_route=\/wp\/v2\/posts\/56365\/revisions"}],"predecessor-version":[{"id":56380,"href":"https:\/\/voigt-alte-seite.dgwip.de\/index.php?rest_route=\/wp\/v2\/posts\/56365\/revisions\/56380"}],"wp:featuredmedia":[{"embeddable":true,"href":"https:\/\/voigt-alte-seite.dgwip.de\/index.php?rest_route=\/wp\/v2\/media\/56371"}],"wp:attachment":[{"href":"https:\/\/voigt-alte-seite.dgwip.de\/index.php?rest_route=%2Fwp%2Fv2%2Fmedia&parent=56365"}],"wp:term":[{"taxonomy":"category","embeddable":true,"href":"https:\/\/voigt-alte-seite.dgwip.de\/index.php?rest_route=%2Fwp%2Fv2%2Fcategories&post=56365"},{"taxonomy":"post_tag","embeddable":true,"href":"https:\/\/voigt-alte-seite.dgwip.de\/index.php?rest_route=%2Fwp%2Fv2%2Ftags&post=56365"}],"curies":[{"name":"wp","href":"https:\/\/api.w.org\/{rel}","templated":true}]}}