{"id":56526,"date":"2026-02-13T14:18:49","date_gmt":"2026-02-13T13:18:49","guid":{"rendered":"https:\/\/voigt-alte-seite.dgwip.de\/?p=56526"},"modified":"2026-02-17T08:43:28","modified_gmt":"2026-02-17T07:43:28","slug":"vorsicht-regress-wen-schuetzt-das-werkstattrisiko","status":"publish","type":"post","link":"https:\/\/voigt-alte-seite.dgwip.de\/?p=56526","title":{"rendered":"Vorsicht, Regress! Wen sch\u00fctzt das Werkstattrisiko?"},"content":{"rendered":"\n<p>Das Urteil des Landgerichts Saarbr\u00fccken stellt jedoch klar, dass die Verantwortung f\u00fcr eine sach- und fachgerechte sowie wirtschaftliche Reparatur bei der Werkstatt bleibt. Weder das <a href=\"https:\/\/voigt-alte-seite.dgwip.de\/?s=Gutachten\" target=\"_blank\" rel=\"noreferrer noopener\">Gutachten<\/a> noch das Werkstattrisiko sind Freibriefe f\u00fcr unwirtschaftliches Arbeiten.<\/p>\n\n\n\n<h3 class=\"wp-block-heading\"><strong>Das Werkstattrisiko sch\u00fctzt den Gesch\u00e4digten.<\/strong><\/h3>\n\n\n\n<p>Das Werkstattrisiko bedeutet, dass der Haftpflichtversicherer im Verh\u00e4ltnis zum Gesch\u00e4digten das Risiko tr\u00e4gt, wenn die Werkstatt unwirtschaftlich arbeitet oder eine \u00fcberh\u00f6hte Rechnung stellt. Der Gesch\u00e4digte darf auf die Fachkunde der Werkstatt vertrauen und muss die Wirtschaftlichkeit der Reparatur nicht selbst pr\u00fcfen.<\/p>\n\n\n\n<p>Etwas anderes gilt nur, wenn er erkennen konnte oder musste, dass unsachgem\u00e4\u00df oder unwirtschaftlich gearbeitet wird. Unfallfremde oder ausdr\u00fccklich zus\u00e4tzlich beauftragte Arbeiten muss der Versicherer nicht ersetzen.<\/p>\n\n\n\n<h3 class=\"wp-block-heading\"><strong>Welche Pflichten haben Werkst\u00e4tten?<\/strong><\/h3>\n\n\n\n<p>Werkst\u00e4tten werden durch das Werkstattrisiko nicht gesch\u00fctzt. Sie sind daher verpflichtet, bei der Abrechnung von Reparaturleistungen wirtschaftlich zu handeln und den Gesch\u00e4digten auf erkennbar g\u00fcnstigere, gleichwertige Reparaturwege \u2013 insbesondere nach Herstellervorgaben \u2013 hinzuweisen.<\/p>\n\n\n\n<p>Eine Werkstatt darf sich insbesondere nicht \u201eblind\u201c auf ein <a href=\"https:\/\/voigt-alte-seite.dgwip.de\/?s=Gutachten\" target=\"_blank\" rel=\"noreferrer noopener\">Sachverst\u00e4ndigengutachten<\/a> verlassen. Vielmehr muss sie im Zweifel eigenverantwortlich pr\u00fcfen, ob die vorgeschlagenen Ma\u00dfnahmen auch wirtschaftlich und erforderlich sind.<\/p>\n\n\n\n<p>Ein Verzicht auf wirtschaftlichere Alternativen oder die Abrechnung von nicht erforderlichen Leistungen ist stellt eine Pflichtverletzung gem\u00e4\u00df <a href=\"https:\/\/www.gesetze-im-internet.de\/bgb\/__280.html\" target=\"_blank\" rel=\"noreferrer noopener\">\u00a7 280 Abs. 1 BGB<\/a> dar.<\/p>\n\n\n\n<h3 class=\"wp-block-heading\"><strong>Alternativen m\u00fcssen gegeneinander abgewogen werden.<\/strong><\/h3>\n\n\n\n<p>Dem Urteil zufolge entbindet die Berufung auf ein <a href=\"https:\/\/voigt-alte-seite.dgwip.de\/?s=Gutachten\" target=\"_blank\" rel=\"noreferrer noopener\">Sachverst\u00e4ndigengutachten<\/a> die Werkstatt nicht von ihrer Pflicht zur wirtschaftlichen Betriebsf\u00fchrung. In dem entschiedenen Fall hatte die Werkstatt Lackierzeiten und Materialkosten nach einem System abgerechnet, das nur f\u00fcr interne Garantiearbeiten des Herstellers vorgesehen war und daher zu deutlich h\u00f6heren Kosten als das im Unfallbereich \u00fcbliche Standard-System f\u00fchrte.<\/p>\n\n\n\n<p>Das Gericht wertete die Abrechnung pauschaler \u201eVorgabezeiten\u201c aus dem <a href=\"https:\/\/voigt-alte-seite.dgwip.de\/?s=Gutachten\" target=\"_blank\" rel=\"noreferrer noopener\">Gutachten<\/a> ohne die Ber\u00fccksichtigung der tats\u00e4chlichen Gegebenheiten (z. B. Verbundarbeiten bei der Lackierung mehrerer Teile) und ohne Vorschlag einer wirtschaftlicheren Reparaturalternative als Pflichtverletzung (<a href=\"https:\/\/www.gesetze-im-internet.de\/bgb\/__280.html\" target=\"_blank\" rel=\"noreferrer noopener\">\u00a7 280 Abs. 1 BGB<\/a>).<\/p>\n\n\n\n<p>Dass die Werkstatt die abgerechneten Stunden tats\u00e4chlich geleistet hatte und der Aufwand tats\u00e4chlich angefallen war, spielte keine Rolle.<\/p>\n\n\n\n<h3 class=\"wp-block-heading\"><strong>Was gilt bei der Forderungsabtretung?<\/strong><\/h3>\n\n\n\n<p>Da der Gesch\u00e4digte seine Forderung an die Werkstatt abgetreten hatte, sei der Vollst\u00e4ndigkeit halber darauf hingewiesen, dass die Abtretung dazu f\u00fchrt, dass die Werkstatt das Risiko tr\u00e4gt, dass die abgerechneten Ma\u00dfnahmen tats\u00e4chlich durchgef\u00fchrt wurden und nicht \u00fcberh\u00f6ht sind (BGH, Urt. v. 16.01.2024, <a href=\"https:\/\/www.bundesgerichtshof.de\/SharedDocs\/Entscheidungen\/DE\/Zivilsenate\/VI_ZS\/2022\/VI_ZR_239-22.pdf?__blob=publicationFile&amp;v=1\" target=\"_blank\" rel=\"noreferrer noopener\">Az. VI ZR 239\/22<\/a>; <a href=\"https:\/\/www.bundesgerichtshof.de\/SharedDocs\/Entscheidungen\/DE\/Zivilsenate\/VI_ZS\/2022\/VI_ZR_253-22.pdf?__blob=publicationFile&amp;v=1\" target=\"_blank\" rel=\"noreferrer noopener\">Az. VI ZR 253\/22<\/a>). Im Prozess muss die Werkstatt dann nachweisen, dass die Leistungen erbracht und die Kosten erforderlich waren.<\/p>\n\n\n\n<h3 class=\"wp-block-heading\"><strong>Fazit<\/strong><\/h3>\n\n\n\n<ul class=\"wp-block-list\">\n<li>Das Werkstattrisiko sch\u00fctzt den Gesch\u00e4digten, nicht die Werkstatt.<\/li>\n\n\n\n<li>Werkst\u00e4ttten m\u00fcssen eigenverantwortlich wirtschaftlich arbeiten und Kunden ggf. auf g\u00fcnstigere Reparaturwege hinweisen.<\/li>\n\n\n\n<li>Bei einem Versto\u00df gegen diese Pflichten haftet die Werkstatt gegen\u00fcber dem Versicherer auf Regress.<\/li>\n\n\n\n<li>Bei Abtretung der Forderung muss die Werkstatt die Erforderlichkeit und Durchf\u00fchrung der Ma\u00dfnahmen beweisen.<\/li>\n\n\n\n<li>Die blo\u00dfe Berufung auf das <a href=\"https:\/\/voigt-alte-seite.dgwip.de\/?s=Gutachten\" target=\"_blank\" rel=\"noreferrer noopener\">Gutachten<\/a> reicht nicht aus, um sich zu entlasten.<\/li>\n<\/ul>\n\n\n\n<p>Das Argument \u201eWir haben nur gemacht, was im Gutachten stand\u201c reicht im Zweifel nicht aus, um sich vor Schadensersatzanspr\u00fcchen der Versicherer zu sch\u00fctzen. Denn Werkst\u00e4tten haften auch bei tats\u00e4chlich erbrachten, aber erkennbar unwirtschaftlichen Leistungen.<\/p>\n\n\n\n<div style=\"height:100px\" aria-hidden=\"true\" class=\"wp-block-spacer\"><\/div>\n\n\n\n<p style=\"font-size:12px\"><\/p>\n\n\n\n<p><\/p>\n","protected":false},"excerpt":{"rendered":"<p>Grunds\u00e4tzlich ist eine Werkstatt vor Regressanspr\u00fcchen des regulierungspflichtigen Versicherers gesch\u00fctzt, wenn sie ein Unfallfahrzeug gem\u00e4\u00df Gutachten repariert. Grunds\u00e4tzlich stimmt das auch.<\/p>\n","protected":false},"author":7,"featured_media":56538,"comment_status":"closed","ping_status":"closed","sticky":false,"template":"","format":"standard","meta":{"_acf_changed":false,"_seopress_robots_primary_cat":"none","_seopress_titles_title":"Regress: Wen sch\u00fctzt das Werkstattrisiko?","_seopress_titles_desc":"Erfahren Sie, warum das Werkstattrisiko nur den Gesch\u00e4digten sch\u00fctzt und Werkst\u00e4tten zu wirtschaftlichem Handeln verpflichtet sind. Pflichtverletzungen vermeiden!","_seopress_robots_index":"","_relevanssi_hide_post":"","_relevanssi_hide_content":"","_relevanssi_pin_for_all":"","_relevanssi_pin_keywords":"","_relevanssi_unpin_keywords":"","_relevanssi_related_keywords":"","_relevanssi_related_include_ids":"","_relevanssi_related_exclude_ids":"","_relevanssi_related_no_append":"","_relevanssi_related_not_related":"","_relevanssi_related_posts":"","_relevanssi_noindex_reason":"","_uag_custom_page_level_css":"","footnotes":""},"categories":[26],"tags":[356],"class_list":["post-56526","post","type-post","status-publish","format-standard","has-post-thumbnail","hentry","category-aktuelles","tag-unfallschadenregulierung"],"acf":[],"uagb_featured_image_src":{"full":["https:\/\/voigt-alte-seite.dgwip.de\/wp-content\/uploads\/2026\/02\/Design-ohne-Titel-12.png",1025,576,false],"thumbnail":["https:\/\/voigt-alte-seite.dgwip.de\/wp-content\/uploads\/2026\/02\/Design-ohne-Titel-12-150x150.png",150,150,true],"medium":["https:\/\/voigt-alte-seite.dgwip.de\/wp-content\/uploads\/2026\/02\/Design-ohne-Titel-12-300x169.png",300,169,true],"medium_large":["https:\/\/voigt-alte-seite.dgwip.de\/wp-content\/uploads\/2026\/02\/Design-ohne-Titel-12-768x432.png",768,432,true],"large":["https:\/\/voigt-alte-seite.dgwip.de\/wp-content\/uploads\/2026\/02\/Design-ohne-Titel-12.png",1024,575,false],"1536x1536":["https:\/\/voigt-alte-seite.dgwip.de\/wp-content\/uploads\/2026\/02\/Design-ohne-Titel-12.png",1025,576,false],"2048x2048":["https:\/\/voigt-alte-seite.dgwip.de\/wp-content\/uploads\/2026\/02\/Design-ohne-Titel-12.png",1025,576,false]},"uagb_author_info":{"display_name":"henning.hammer","author_link":"https:\/\/voigt-alte-seite.dgwip.de\/?author=7"},"uagb_comment_info":0,"uagb_excerpt":"Grunds\u00e4tzlich ist eine Werkstatt vor Regressanspr\u00fcchen des regulierungspflichtigen Versicherers gesch\u00fctzt, wenn sie ein Unfallfahrzeug gem\u00e4\u00df Gutachten repariert. Grunds\u00e4tzlich stimmt das auch.","_links":{"self":[{"href":"https:\/\/voigt-alte-seite.dgwip.de\/index.php?rest_route=\/wp\/v2\/posts\/56526","targetHints":{"allow":["GET"]}}],"collection":[{"href":"https:\/\/voigt-alte-seite.dgwip.de\/index.php?rest_route=\/wp\/v2\/posts"}],"about":[{"href":"https:\/\/voigt-alte-seite.dgwip.de\/index.php?rest_route=\/wp\/v2\/types\/post"}],"author":[{"embeddable":true,"href":"https:\/\/voigt-alte-seite.dgwip.de\/index.php?rest_route=\/wp\/v2\/users\/7"}],"replies":[{"embeddable":true,"href":"https:\/\/voigt-alte-seite.dgwip.de\/index.php?rest_route=%2Fwp%2Fv2%2Fcomments&post=56526"}],"version-history":[{"count":14,"href":"https:\/\/voigt-alte-seite.dgwip.de\/index.php?rest_route=\/wp\/v2\/posts\/56526\/revisions"}],"predecessor-version":[{"id":56562,"href":"https:\/\/voigt-alte-seite.dgwip.de\/index.php?rest_route=\/wp\/v2\/posts\/56526\/revisions\/56562"}],"wp:featuredmedia":[{"embeddable":true,"href":"https:\/\/voigt-alte-seite.dgwip.de\/index.php?rest_route=\/wp\/v2\/media\/56538"}],"wp:attachment":[{"href":"https:\/\/voigt-alte-seite.dgwip.de\/index.php?rest_route=%2Fwp%2Fv2%2Fmedia&parent=56526"}],"wp:term":[{"taxonomy":"category","embeddable":true,"href":"https:\/\/voigt-alte-seite.dgwip.de\/index.php?rest_route=%2Fwp%2Fv2%2Fcategories&post=56526"},{"taxonomy":"post_tag","embeddable":true,"href":"https:\/\/voigt-alte-seite.dgwip.de\/index.php?rest_route=%2Fwp%2Fv2%2Ftags&post=56526"}],"curies":[{"name":"wp","href":"https:\/\/api.w.org\/{rel}","templated":true}]}}