{"id":56654,"date":"2026-02-25T06:30:00","date_gmt":"2026-02-25T05:30:00","guid":{"rendered":"https:\/\/voigt-alte-seite.dgwip.de\/?p=56654"},"modified":"2026-02-25T09:24:00","modified_gmt":"2026-02-25T08:24:00","slug":"56654","status":"publish","type":"post","link":"https:\/\/voigt-alte-seite.dgwip.de\/?p=56654","title":{"rendered":"Anh\u00e4nger besch\u00e4digt Zugfahrzeug! Wie ist die Haftungslage?"},"content":{"rendered":"\n<p>Bei Gespannunf\u00e4llen denken viele automatisch an Unf\u00e4lle mit Lastz\u00fcgen, bei denen Zugmaschine und Anh\u00e4nger in unterschiedlichen Staaten zugelassen sind, und fragen sich, wie die Haftung gegen\u00fcber dem Unfallopfer ausgestaltet ist. Da die \u00fcberwiegende Zahl der Gespanne \u2013 egal, ob Sattel- oder Gliederzug \u2013 inzwischen tats\u00e4chlich \u201emultinational\u201c zusammengesetzt ist, liegt das auch nahe. Neben Unf\u00e4llen mit Fremdbeteiligung kommt es allerdings auch immer wieder zu Unf\u00e4llen, bei denen beispielsweise der Anh\u00e4nger das Zugfahrzeug besch\u00e4digt oder umgekehrt. Dabei geht es nicht nur um Lkws, sondern auch um \u201eganz normale\u201c Gespanne, bei denen z.B. auch ein PKW oder ein Kleintransporter beteiligt sein kann.<\/p>\n\n\n\n<p>Eine derartige Konstellation lag auch dem hier behandelten Urteil des BGH zugrunde: W\u00e4hrend eines Entladevorgangs l\u00f6ste sich die Deichsel des Anh\u00e4ngers und besch\u00e4digte dessen Heckscheibe.<\/p>\n\n\n\n<h2 class=\"wp-block-heading\"><strong>Die Gef\u00e4hrdungshaftung greift nur im Au\u00dfenverh\u00e4ltnis. <\/strong><\/h2>\n\n\n\n<p>Zun\u00e4chst stellte der BGH klar, dass gegen\u00fcber Dritten die Halter von Zugfahrzeug und Anh\u00e4nger auf der Grundlage der Gef\u00e4hrdungshaftung haften. Au\u00dferdem haften sie gem\u00e4\u00df <a href=\"https:\/\/www.gesetze-im-internet.de\/stvg\/__19.html\" target=\"_blank\" rel=\"noreferrer noopener\">\u00a7 19 Abs. 2 S. 1 StVG<\/a> gesamtschuldnerisch. Gesch\u00e4digte k\u00f6nnen sich dann aussuchen, ob sie den Halter (den Versicherer) des Zugfahrzeugs oder des Anh\u00e4ngers in Anspruch nehmen.<\/p>\n\n\n\n<p>Einen etwaigen Ausgleich der erbrachten Aufwendungen m\u00fcssen diese dann untereinander im Innenverh\u00e4ltnis kl\u00e4ren (<a href=\"https:\/\/www.gesetze-im-internet.de\/stvg\/__19.html\" target=\"_blank\" rel=\"noreferrer noopener\">\u00a7 19 Abs. 4 S. 1 StVG<\/a>; <a href=\"https:\/\/dserver.bundestag.de\/btd\/19\/179\/1917964.pdf\" target=\"_blank\" rel=\"noreferrer noopener\">BT-Drucks. 19\/17964<\/a>, S. 14 ff.). &nbsp;In der Regel trifft der Innenausgleich allerdings den Halter des Zugfahrzeugs, au\u00dfer der Anh\u00e4nger hat eine h\u00f6here Gefahr verwirklicht.&nbsp;Ist dies der Fall, erfolgt eine Quotelung nach Verursachungsanteil (<a href=\"https:\/\/www.gesetze-im-internet.de\/stvg\/__19.html\" target=\"_blank\" rel=\"noreferrer noopener\">\u00a7 19 Abs. 4 S. 3 StVG<\/a>). Das blo\u00dfe Ziehen reicht daf\u00fcr allerdings ebensowenig aus, wie ein \u201eR\u00fcckw\u00e4rtsschieben\u201c, das ebenfalls als Ziehen einzuordnen ist (BGH, Urt. v. 14.11.2023, <a href=\"https:\/\/www.bundesgerichtshof.de\/SharedDocs\/Entscheidungen\/DE\/Zivilsenate\/VI_ZS\/2023\/VI_ZR__98-23.pdf?__blob=publicationFile&amp;v=1\" target=\"_blank\" rel=\"noreferrer noopener\">Az. VI ZR 98\/23<\/a>).<\/p>\n\n\n\n<p>Der Vollst\u00e4ndigkeit halber sei auf die Regelung des <a href=\"https:\/\/www.gesetze-im-internet.de\/vvg_2008\/__78.html\" target=\"_blank\" rel=\"noreferrer noopener\">\u00a7 78 Abs. 3 VVG<\/a> zu den Konsequenzen einer Mehrfachversicherung, wie sie bei Gespannen regelm\u00e4\u00dfig besteht und auf den dortigen Verweis auf <a href=\"https:\/\/www.gesetze-im-internet.de\/stvg\/__19.html\" target=\"_blank\" rel=\"noreferrer noopener\">\u00a7 19 Abs. 4 StVG<\/a> hingewiesen.<\/p>\n\n\n\n<h2 class=\"wp-block-heading\"><strong>Bei Sch\u00e4den innerhalb des Gespanns gilt Vertrags- oder Deliktsrecht.<\/strong><\/h2>\n\n\n\n<p>F\u00fcr Sch\u00e4den innerhalb eines Gespanns, das hei\u00dft solche, die dadurch entstehen, dass ein Fahrzeug des Gespanns einen Schaden an einem anderen verursacht, gelten gem\u00e4\u00df \u00a7 <a href=\"https:\/\/www.gesetze-im-internet.de\/stvg\/__19.html\" target=\"_blank\" rel=\"noreferrer noopener\">19 Abs. 4 Satz 5 StVG<\/a> statt der Gef\u00e4hrdungshaftung die Regeln des allgemeinen Vertrags- und Deliktsrechts. Dies gilt selbst dann, wenn sich z.B. der Anh\u00e4nger im Unfallzeitpunkt oder kurz zuvor unbeabsichtigt vom Zugfahrzeug gel\u00f6st hat. Die Begr\u00fcndung daf\u00fcr ist darin zu &nbsp;sehen, dass die Gef\u00e4hrdungshaftung des Stra\u00dfenverkehrsgesetzes nur Dritte, nicht aber die Halter der am Gespann beteiligten Fahrzeuge untereinander sch\u00fctzt.<\/p>\n\n\n\n<h2 class=\"wp-block-heading\"><strong>Keine Regel ohne Ausnahme<\/strong><\/h2>\n\n\n\n<p>Dies gilt allerdings dann nicht, wenn der Anh\u00e4nger im Unfallzeitpunkt nicht mehr mit dem Zugfahrzeug verbunden ist und die Betriebseinheit des Gespanns nicht mehr besteht. In einer solchen &nbsp;Konstellation kann gem\u00e4\u00df <a href=\"https:\/\/www.gesetze-im-internet.de\/stvg\/__19.html\" target=\"_blank\" rel=\"noreferrer noopener\">\u00a7 19 Abs. 1 StVG<\/a> eine Gef\u00e4hrdungshaftung auch im Innenverh\u00e4ltnis greifen. Voraussetzung daf\u00fcr ist allerdings, dass sich die Fahrzeuge nicht erst kurz vor oder w\u00e4hrend des Unfalls gel\u00f6st haben.<\/p>\n\n\n\n<p>Im vorliegenden Sachverhalt hatte sich der Anh\u00e4nger w\u00e4hrend des Entladevorgangs, d. h. quasi im Unfallzeitpunkt oder unmittelbar davor, unbeabsichtigt gel\u00f6st, weshalb eine Betriebseinheit bestand. Anspr\u00fcche aus Gef\u00e4hrdungshaftung bestanden daher weder gegen\u00fcber dem Halter noch gegen\u00fcber dem Versicherer des Anh\u00e4ngers. Ma\u00dfgeblich f\u00fcr die Haftung waren allein die allgemeinen Regeln des Vertrags- oder Deliktsrechts.<\/p>\n\n\n\n<p>Entweder h\u00e4tte ein vertragliches Verh\u00e4ltnis zwischen den Haltern der beteiligten Fahrzeuge vorliegen m\u00fcssen oder der Halter des Anh\u00e4ngers h\u00e4tte schuldhaft handeln m\u00fcssen. Da beides nicht gegeben war, hatte der Halter keinen Schadenersatzanspruch gegen\u00fcber dem Halter des Anh\u00e4ngers.<\/p>\n\n\n\n<h2 class=\"wp-block-heading\"><strong>Die Betriebseinheit entscheidet<\/strong><\/h2>\n\n\n\n<p>Anders h\u00e4tte die Sachlage ausgesehen, wenn das Gespann vor dem Entladen vollst\u00e4ndig getrennt worden w\u00e4re und der Anh\u00e4nger anschlie\u00dfend z. B. gegen das Zugfahrzeug gerollt w\u00e4re. In dieser Konstellation h\u00e4tte keine Betriebseinheit mehr bestanden. In diesem Fall w\u00e4ren Anspr\u00fcche aus Gef\u00e4hrdungshaftung m\u00f6glich gewesen.<\/p>\n\n\n\n<h2 class=\"wp-block-heading\"><strong>Was bedeutet das Urteil f\u00fcr die Praxis?<\/strong><\/h2>\n\n\n\n<p>Das Urteil schafft Klarheit f\u00fcr die Haftungsverteilung bei Gespannunf\u00e4llen. Anspr\u00fcche aus Gef\u00e4hrdungshaftung k\u00f6nnen nur im Au\u00dfenverh\u00e4ltnis bestehen. Im Innenverh\u00e4ltnis, &nbsp;d.h. zwischen den Haltern untereinander, scheidet die Gef\u00e4hrdungshaftung aus, solange eine Betriebseinheit vorliegt. Schadensersatzanspr\u00fcche sind nur auf Grundlage allgemeiner Haftungsregeln m\u00f6glich.<\/p>\n\n\n\n<p>Sollten Sie in einen Unfall verwickelt worden sein, <a href=\"https:\/\/voigt-alte-seite.dgwip.de\/kontakt\/\" target=\"_blank\" rel=\"noreferrer noopener\">kontaktieren Sie uns!<\/a><\/p>\n\n\n\n<p><a href=\"https:\/\/voigt-alte-seite.dgwip.de\/voigt-regler\/\" target=\"_blank\" rel=\"noreferrer noopener\">Voigt regelt!<\/a><\/p>\n\n\n\n<p><\/p>\n","protected":false},"excerpt":{"rendered":"<p>Bei Gespannunf\u00e4llen denken viele automatisch an Unf\u00e4lle mit Lastz\u00fcgen, bei denen Zugmaschine und Anh\u00e4nger in unterschiedlichen Staaten zugelassen sind, und fragen sich, wie die Haftung gegen\u00fcber dem Unfallopfer ausgestaltet ist. Da die \u00fcberwiegende Zahl der Gespanne \u2013 egal, ob Sattel- oder Gliederzug \u2013 inzwischen tats\u00e4chlich \u201emultinational\u201c zusammengesetzt ist, liegt das auch nahe. <\/p>\n","protected":false},"author":7,"featured_media":56665,"comment_status":"closed","ping_status":"closed","sticky":false,"template":"","format":"standard","meta":{"_acf_changed":false,"_seopress_robots_primary_cat":"none","_seopress_titles_title":"Haftung bei Gespannunf\u00e4llen","_seopress_titles_desc":"Erfahren Sie alles \u00fcber die Haftung bei Gespannunf\u00e4llen und die Anwendung des Stra\u00dfenverkehrsgesetzes in Deutschland. Lesen Sie mehr!","_seopress_robots_index":"","_relevanssi_hide_post":"","_relevanssi_hide_content":"","_relevanssi_pin_for_all":"","_relevanssi_pin_keywords":"","_relevanssi_unpin_keywords":"","_relevanssi_related_keywords":"","_relevanssi_related_include_ids":"","_relevanssi_related_exclude_ids":"","_relevanssi_related_no_append":"","_relevanssi_related_not_related":"","_relevanssi_related_posts":"","_relevanssi_noindex_reason":"","_uag_custom_page_level_css":"","footnotes":""},"categories":[26],"tags":[80],"class_list":["post-56654","post","type-post","status-publish","format-standard","has-post-thumbnail","hentry","category-aktuelles","tag-versicherungsrecht"],"acf":[],"uagb_featured_image_src":{"full":["https:\/\/voigt-alte-seite.dgwip.de\/wp-content\/uploads\/2026\/02\/Unfall-eines-Anhaengergespanns.jpg",1600,896,false],"thumbnail":["https:\/\/voigt-alte-seite.dgwip.de\/wp-content\/uploads\/2026\/02\/Unfall-eines-Anhaengergespanns-150x150.jpg",150,150,true],"medium":["https:\/\/voigt-alte-seite.dgwip.de\/wp-content\/uploads\/2026\/02\/Unfall-eines-Anhaengergespanns-300x168.jpg",300,168,true],"medium_large":["https:\/\/voigt-alte-seite.dgwip.de\/wp-content\/uploads\/2026\/02\/Unfall-eines-Anhaengergespanns-768x430.jpg",768,430,true],"large":["https:\/\/voigt-alte-seite.dgwip.de\/wp-content\/uploads\/2026\/02\/Unfall-eines-Anhaengergespanns-1024x573.jpg",1024,573,true],"1536x1536":["https:\/\/voigt-alte-seite.dgwip.de\/wp-content\/uploads\/2026\/02\/Unfall-eines-Anhaengergespanns-1536x860.jpg",1536,860,true],"2048x2048":["https:\/\/voigt-alte-seite.dgwip.de\/wp-content\/uploads\/2026\/02\/Unfall-eines-Anhaengergespanns.jpg",1600,896,false]},"uagb_author_info":{"display_name":"henning.hammer","author_link":"https:\/\/voigt-alte-seite.dgwip.de\/?author=7"},"uagb_comment_info":0,"uagb_excerpt":"Bei Gespannunf\u00e4llen denken viele automatisch an Unf\u00e4lle mit Lastz\u00fcgen, bei denen Zugmaschine und Anh\u00e4nger in unterschiedlichen Staaten zugelassen sind, und fragen sich, wie die Haftung gegen\u00fcber dem Unfallopfer ausgestaltet ist. Da die \u00fcberwiegende Zahl der Gespanne \u2013 egal, ob Sattel- oder Gliederzug \u2013 inzwischen tats\u00e4chlich \u201emultinational\u201c zusammengesetzt ist, liegt das auch nahe.","_links":{"self":[{"href":"https:\/\/voigt-alte-seite.dgwip.de\/index.php?rest_route=\/wp\/v2\/posts\/56654","targetHints":{"allow":["GET"]}}],"collection":[{"href":"https:\/\/voigt-alte-seite.dgwip.de\/index.php?rest_route=\/wp\/v2\/posts"}],"about":[{"href":"https:\/\/voigt-alte-seite.dgwip.de\/index.php?rest_route=\/wp\/v2\/types\/post"}],"author":[{"embeddable":true,"href":"https:\/\/voigt-alte-seite.dgwip.de\/index.php?rest_route=\/wp\/v2\/users\/7"}],"replies":[{"embeddable":true,"href":"https:\/\/voigt-alte-seite.dgwip.de\/index.php?rest_route=%2Fwp%2Fv2%2Fcomments&post=56654"}],"version-history":[{"count":10,"href":"https:\/\/voigt-alte-seite.dgwip.de\/index.php?rest_route=\/wp\/v2\/posts\/56654\/revisions"}],"predecessor-version":[{"id":56700,"href":"https:\/\/voigt-alte-seite.dgwip.de\/index.php?rest_route=\/wp\/v2\/posts\/56654\/revisions\/56700"}],"wp:featuredmedia":[{"embeddable":true,"href":"https:\/\/voigt-alte-seite.dgwip.de\/index.php?rest_route=\/wp\/v2\/media\/56665"}],"wp:attachment":[{"href":"https:\/\/voigt-alte-seite.dgwip.de\/index.php?rest_route=%2Fwp%2Fv2%2Fmedia&parent=56654"}],"wp:term":[{"taxonomy":"category","embeddable":true,"href":"https:\/\/voigt-alte-seite.dgwip.de\/index.php?rest_route=%2Fwp%2Fv2%2Fcategories&post=56654"},{"taxonomy":"post_tag","embeddable":true,"href":"https:\/\/voigt-alte-seite.dgwip.de\/index.php?rest_route=%2Fwp%2Fv2%2Ftags&post=56654"}],"curies":[{"name":"wp","href":"https:\/\/api.w.org\/{rel}","templated":true}]}}