{"id":56722,"date":"2026-03-02T16:38:25","date_gmt":"2026-03-02T15:38:25","guid":{"rendered":"https:\/\/voigt-alte-seite.dgwip.de\/?p=56722"},"modified":"2026-03-09T08:19:44","modified_gmt":"2026-03-09T07:19:44","slug":"wer-haftet-bei-schlaglochschaeden","status":"publish","type":"post","link":"https:\/\/voigt-alte-seite.dgwip.de\/?p=56722","title":{"rendered":"Wer haftet bei Schlaglochsch\u00e4den?"},"content":{"rendered":"\n<p><\/p>\n\n\n\n<p><\/p>\n\n\n\n<h3 class=\"wp-block-heading\"><strong>Die Kaskoversicherung ist eine Option<\/strong><\/h3>\n\n\n\n<p>Im Fall eines selbstverschuldeten Schadens auf einer erkennbar schlechten Stra\u00dfe bleibt die <a href=\"https:\/\/voigt-alte-seite.dgwip.de\/?s=Kaskoversicherung\" target=\"_blank\" rel=\"noreferrer noopener\">Kaskoversicherung<\/a> als Option. Abh\u00e4ngig vom konkreten Versicherungsvertrag, insbesondere davon ob ein \u201eRabattretter\u201c vorhanden ist, kann allerdings eine R\u00fcckstufung drohen. Da Rabattretter aber in erster Linie ein Kundenbindungsinstrument sind und der Schaden dennoch registriert und bei einem Wechsel dem neuen Versicherer mitgeteilt wird, kann sich der Schaden auch sp\u00e4ter noch beim Rabatt bemerkbar machen.<\/p>\n\n\n\n<h3 class=\"wp-block-heading\"><strong>Wann haftet der Tr\u00e4ger der Stra\u00dfenbaulast?<\/strong><\/h3>\n\n\n\n<p>Mit dieser Frage hatte das Landgericht Flensburg im September 2025 zu entscheiden. Dabei ging es um die Haftung einer Gemeinde f\u00fcr Sch\u00e4den, die durch Stra\u00dfensch\u00e4den auf unbefestigten Stra\u00dfen entstehen.<\/p>\n\n\n\n<p>Das Gericht wies darauf hin, dass die Verkehrssicherungspflicht nicht dazu diene, das allgemeine Lebensrisiko auf den Stra\u00dfenbaulasttr\u00e4ger zu verlagern. Entscheidend sei vielmehr, ob die Gefahr f\u00fcr einen sorgf\u00e4ltigen Verkehrsteilnehmer \u00fcberraschend und nicht rechtzeitig erkennbar war.<\/p>\n\n\n\n<p>Das Gericht stellte zwar fest, dass die Tr\u00e4ger der Sicherungspflicht \u00f6ffentlicher Stra\u00dfen (<a href=\"https:\/\/www.gesetze-rechtsprechung.sh.juris.de\/bssh\/document\/jlr-StrWGSH2003V9P10\" target=\"_blank\" rel=\"noreferrer noopener\">\u00a7 10 Abs. 4 StrWG S-H<\/a>; <a href=\"https:\/\/www.gesetze-im-internet.de\/bgb\/__839.html\" target=\"_blank\" rel=\"noreferrer noopener\">\u00a7 839 BGB<\/a>, <a href=\"https:\/\/www.gesetze-im-internet.de\/gg\/art_34.html\" target=\"_blank\" rel=\"noreferrer noopener\">Art. 34 GG<\/a>) dazu verpflichtet sind, Verkehrsfl\u00e4chen von abhilfebed\u00fcrftigen Gefahrenquellen freizuhalten, und dass sich dies aus der allgemeinen Verkehrssicherungspflicht ergebe (vgl. BGH, Urteil vom 12.05.1993, <a href=\"https:\/\/research.wolterskluwer-online.de\/document\/d40b03a3-1a91-4a5e-80d1-e59f8bfa7e03\" target=\"_blank\" rel=\"noreferrer noopener\">Az. III ZR 167\/92<\/a>; BGH, Urteil vom 18.12.1972, <a href=\"https:\/\/research.wolterskluwer-online.de\/document\/d00f444b-f487-4327-b7fe-1c3086e1fc09\" target=\"_blank\" rel=\"noreferrer noopener\">Az. III ZR 121\/70<\/a>).<\/p>\n\n\n\n<p>Diese Verpflichtung geht jedoch nicht so weit, dass der Sicherungspflichtige f\u00fcr jede denkbare Gefahr Vorsorge treffen muss. Es gen\u00fcge vielmehr, wenn er diejenigen Gefahren ausr\u00e4umt oder vor ihnen warnt, die f\u00fcr einen sorgf\u00e4ltigen Verkehrsteilnehmer nicht oder nicht rechtzeitig erkennbar sind und auf die er sich nicht einstellen kann (vgl. BGH, Urt. v. 05.07.2012, <a href=\"https:\/\/www.bundesgerichtshof.de\/SharedDocs\/Entscheidungen\/DE\/Zivilsenate\/III_ZS\/2011\/III_ZR_240-11.pdf?__blob=publicationFile&amp;v=1\">Az. III ZR 240\/11<\/a>, OLG Hamm,&nbsp;Urt. v. 13.01.2006, <a href=\"https:\/\/nrwe.justiz.nrw.de\/olgs\/hamm\/j2006\/9_U_143_05urteil20060113.html\" target=\"_blank\" rel=\"noreferrer noopener\">Az.&nbsp;9 U 143\/05<\/a>).<\/p>\n\n\n\n<p>Die Anforderungen richten sich nach dem \u00e4u\u00dferen Erscheinungsbild, der Verkehrsbedeutung und den konkreten Umst\u00e4nden des Einzelfalls. Die Haftung der Gemeinde lehnte es jedenfalls ab.<\/p>\n\n\n\n<h3 class=\"wp-block-heading\"><strong>Schlechte Stra\u00dfen warnen vor sich selbst.<\/strong><\/h3>\n\n\n\n<p>So sind Verkehrsteilnehmer beispielsweise bei einem erkennbar schlechten Stra\u00dfenzustand dazu angehalten, ihre Fahrweise anzupassen und die Stra\u00dfe so hinzunehmen, wie sie sich ihnen darbietet. Ein offenkundig schlechter Stra\u00dfenzustand warnt \u201egleichsam vor sich selbst\u201d. (Siehe auch \u201e<a href=\"https:\/\/voigt-alte-seite.dgwip.de\/rechtsprechung\/sturz-beim-aussteigen-und-kein-anspruch\/\" target=\"_blank\" rel=\"noreferrer noopener\">Sturz beim Aussteigen \u2013 und kein Anspruch<\/a>?\u201c zu LG Flensburg, Urteil vom 08.08.2025, <a href=\"https:\/\/www.gesetze-rechtsprechung.sh.juris.de\/bssh\/document\/NJRE001623040\" target=\"_blank\" rel=\"noreferrer noopener\">Az. 2 O 147\/24<\/a>).<\/p>\n\n\n\n<p>Die Verkehrssicherungspflicht dient nicht dazu, das allgemeine Lebensrisiko auf die \u00f6ffentliche Hand abzuw\u00e4lzen.<\/p>\n\n\n\n<p>Eine Haftung kommt nur in Betracht, wenn eine Gefahrenlage f\u00fcr den aufmerksamen Verkehrsteilnehmer nicht rechtzeitig erkennbar und daher \u00fcberraschend ist! &nbsp;<\/p>\n\n\n\n<p>Zudem hatte die Gemeinde nach Auffassung des Gerichts ihre <a href=\"https:\/\/voigt-alte-seite.dgwip.de\/aktuelles\/olg-saarbruecken-fuer-monatliche-strassenkontrolle-zum-urteil-des-olg-saarbruecken-vom-18052017-az-4-u-146169\/\" target=\"_blank\" rel=\"noreferrer noopener\">Kontrollpflicht<\/a> erf\u00fcllt, indem sie die Stra\u00dfen regelm\u00e4\u00dfig kontrollierte (viertelj\u00e4hrlich, zuletzt zwei Wochen vor dem Unfall). Unter den gegebenen Umst\u00e4nden war eine weitergehende Kontrolle oder Sicherung nicht geboten.<\/p>\n\n\n\n<h3 class=\"wp-block-heading\"><strong>Rechtliche Einordnung der Entscheidung<\/strong><\/h3>\n\n\n\n<p>Das Urteil liegt auf einer Linie mit der gefestigten Rechtsprechung des Bundesgerichtshofs und der Obergerichte, wonach die Verkehrssicherungspflicht nicht \u00fcberspannt werden darf.<\/p>\n\n\n\n<p>Exemplarisch seien folgende Entscheidungen genannt:<\/p>\n\n\n\n<ul class=\"wp-block-list\">\n<li>BGH, Beschl. v. 27.01.2005, <a href=\"https:\/\/www.bundesgerichtshof.de\/SharedDocs\/Entscheidungen\/DE\/Zivilsenate\/III_ZS\/2004\/III_ZR_176-04.pdf?__blob=publicationFile&amp;v=1\">Az. III ZR 176\/04<\/a>: Erkennbarkeit von Gefahrenstellen auf unbefestigten Banketten.<\/li>\n\n\n\n<li>BGH, Urt. v. 12.05.1993, <a href=\"https:\/\/research.wolterskluwer-online.de\/document\/d40b03a3-1a91-4a5e-80d1-e59f8bfa7e03\" target=\"_blank\" rel=\"noreferrer noopener\">Az. III ZR 167\/92<\/a>: Grundsatzentscheidung zur Verkehrssicherungspflicht auf \u00f6ffentlichen Stra\u00dfen.<\/li>\n\n\n\n<li>BGH, Urt. v. 18.12.1972, <a href=\"https:\/\/research.wolterskluwer-online.de\/document\/d00f444b-f487-4327-b7fe-1c3086e1fc09\" target=\"_blank\" rel=\"noreferrer noopener\">Az. III ZR 121\/70<\/a>: Reichweite der Verkehrssicherungspflicht.<\/li>\n<\/ul>\n\n\n\n<ul class=\"wp-block-list\">\n<li>OLG Schleswig, Urt. v. 05.08.2021, <a href=\"https:\/\/www.gesetze-rechtsprechung.sh.juris.de\/bssh\/document\/NJRE001505689\" target=\"_blank\" rel=\"noreferrer noopener\">Az. 7 U 60\/21<\/a>: Sturz \u00fcber Bordsteinkante.<\/li>\n\n\n\n<li>OLG Schleswig, Beschl. v. 04.08.2017, Az. 7 U 122\/16: Haftung bei erkennbaren Stra\u00dfensch\u00e4den.<\/li>\n\n\n\n<li>OLG Hamm, Beschl. v. 24.01.2014, <a href=\"https:\/\/nrwe.justiz.nrw.de\/olgs\/hamm\/j2014\/11_U_95_13_Beschluss_20140124.html\" target=\"_blank\" rel=\"noreferrer noopener\">Az. 11 U 95\/13<\/a>: Sturz eines Fu\u00dfg\u00e4ngers.<\/li>\n\n\n\n<li>OLG Hamm, Urt. v. 13.01.2006, <a href=\"https:\/\/nrwe.justiz.nrw.de\/olgs\/hamm\/j2006\/9_U_143_05urteil20060113.html\" target=\"_blank\" rel=\"noreferrer noopener\">Az. 9 U 143\/05<\/a>: Sicherheitserwartung des Verkehrs.<\/li>\n<\/ul>\n\n\n\n<ul class=\"wp-block-list\">\n<li>LG Koblenz v. 09.02.2026,<a href=\"https:\/\/lgko.justiz.rlp.de\/fileadmin\/justiz\/Gerichte\/Ordentliche_Gerichte\/Landgerichte\/Koblenz\/Entscheidungen_des_Monats\/LG_Koblenz_1_O_9-25_-_Verkehrssicherungspflicht_bei_Altstadtpflaster.pdf\" target=\"_blank\" rel=\"noreferrer noopener\"> Az. 1 O 9\/25<\/a>: Schmerzensgeld nach Sturz auf Kopfsteinpflaster.<\/li>\n\n\n\n<li>LG Flensburg, Urt. v. 08.08.2025, <a href=\"https:\/\/www.juris.de\/r3\/d2Wdw\">Az. 2 O 147\/24<\/a>: Schmerzensgeld aus Amtshaftung.<\/li>\n\n\n\n<li>LG L\u00fcbeck, Urt. v. 27.02.2024, <a href=\"https:\/\/www.gesetze-rechtsprechung.sh.juris.de\/bssh\/document\/NJRE001573070\/format\/xsl\/part\/L\/anchor\/resultlistentry3?oi=FXpFpeX2Wu&amp;sourceP=%7B%22position%22%3A3%2C%22sort%22%3A%22juris%22%2C%22source%22%3A%22TL%22%7D\" target=\"_blank\" rel=\"noreferrer noopener\">Az. 7 U 122\/16<\/a>: Provisorischer Fu\u00dfweg im Baustellenbereich.<\/li>\n\n\n\n<li>LG Bonn, Urt. vom 10.05.2017, <a href=\"https:\/\/nrwe.justiz.nrw.de\/lgs\/bonn\/lg_bonn\/j2017\/1_O_302_16_Urteil_20170510.html\" target=\"_blank\" rel=\"noreferrer noopener\">Az. 1 O 302\/16<\/a>: Typische Beschaffenheit unbefestigter Stra\u00dfenr\u00e4nder.<\/li>\n<\/ul>\n\n\n\n<h3 class=\"wp-block-heading\"><strong>Fazit und Bedeutung f\u00fcr die Praxis<\/strong><\/h3>\n\n\n\n<p><strong>Das Urteil best\u00e4tigt:<\/strong><\/p>\n\n\n\n<ul class=\"wp-block-list\">\n<li>Stra\u00dfenbenutzer m\u00fcssen auf unbefestigten oder erkennbar schlechten Stra\u00dfen mit typischen Gefahren rechnen und ihre Fahrweise entsprechend anpassen.<\/li>\n<\/ul>\n\n\n\n<ul class=\"wp-block-list\">\n<li>Die Verkehrssicherungspflicht der \u00f6ffentlichen Hand ist auf das zumutbare Ma\u00df beschr\u00e4nkt.&nbsp;<\/li>\n<\/ul>\n\n\n\n<ul class=\"wp-block-list\">\n<li>Eine Haftung besteht nur bei \u00fcberraschenden, nicht erkennbaren Gefahren. Die Anforderungen an Kontrolle und Sicherung sind bei untergeordneten, wenig befahrenen Stra\u00dfen geringer als bei Hauptverkehrswegen.<\/li>\n<\/ul>\n\n\n\n<p>Bei einem erkennbar schlechten Stra\u00dfenzustand trifft die Gemeinde daher regelm\u00e4\u00dfig keine Haftung, solange sie angemessene Kontrollintervalle einh\u00e4lt und keine ungew\u00f6hnlichen, nicht erkennbaren Gefahrenstellen bestehen. Verkehrsteilnehmer m\u00fcssen sich auf die erkennbaren Risiken einstellen und k\u00f6nnen nicht erwarten, dass jede Gefahrenquelle beseitigt oder besonders gesichert wird.<\/p>\n\n\n\n<p>Sollten Sie mit Ihrem Fahrzeug einen Schaden erlitten haben, <a href=\"https:\/\/voigt-alte-seite.dgwip.de\/kontakt\/\" target=\"_blank\" rel=\"noreferrer noopener\">kontaktieren Sie uns!<\/a><\/p>\n\n\n\n<p><a href=\"https:\/\/voigt-alte-seite.dgwip.de\/voigt-regler\/\" target=\"_blank\" rel=\"noreferrer noopener\">Voigt regelt!<\/a><\/p>\n\n\n\n<p><\/p>\n","protected":false},"excerpt":{"rendered":"<p>Aktuell werden sie wieder vielerorts sichtbar: winterbedingte Stra\u00dfensch\u00e4den!<br \/>\nWer mit seinem Fahrzeug in ein Schlagloch f\u00e4hrt und dabei einen Schaden erleidet, fragt sich, ob und von wem er diesen ersetzt verlangen kann. Wie so oft lautet die Antwort auch hier: Es kommt darauf an!<\/p>\n","protected":false},"author":7,"featured_media":56725,"comment_status":"closed","ping_status":"closed","sticky":false,"template":"","format":"standard","meta":{"_acf_changed":false,"_seopress_robots_primary_cat":"none","_seopress_titles_title":"Wer haftet bei Schlaglochsch\u00e4den?","_seopress_titles_desc":"Kaskoversicherung sch\u00fctzt bei Sch\u00e4den durch Schlagl\u00f6cher. Haftung der Gemeinde nur bei unvorhersehbaren Gefahren. Anpassung der Fahrweise n\u00f6tig.","_seopress_robots_index":"","_relevanssi_hide_post":"","_relevanssi_hide_content":"","_relevanssi_pin_for_all":"","_relevanssi_pin_keywords":"","_relevanssi_unpin_keywords":"","_relevanssi_related_keywords":"","_relevanssi_related_include_ids":"","_relevanssi_related_exclude_ids":"","_relevanssi_related_no_append":"","_relevanssi_related_not_related":"","_relevanssi_related_posts":"","_relevanssi_noindex_reason":"","_uag_custom_page_level_css":"","footnotes":""},"categories":[26],"tags":[],"class_list":["post-56722","post","type-post","status-publish","format-standard","has-post-thumbnail","hentry","category-aktuelles"],"acf":[],"uagb_featured_image_src":{"full":["https:\/\/voigt-alte-seite.dgwip.de\/wp-content\/uploads\/2026\/03\/Schlagloecher.png",1200,672,false],"thumbnail":["https:\/\/voigt-alte-seite.dgwip.de\/wp-content\/uploads\/2026\/03\/Schlagloecher-150x150.png",150,150,true],"medium":["https:\/\/voigt-alte-seite.dgwip.de\/wp-content\/uploads\/2026\/03\/Schlagloecher-300x168.png",300,168,true],"medium_large":["https:\/\/voigt-alte-seite.dgwip.de\/wp-content\/uploads\/2026\/03\/Schlagloecher-768x430.png",768,430,true],"large":["https:\/\/voigt-alte-seite.dgwip.de\/wp-content\/uploads\/2026\/03\/Schlagloecher-1024x573.png",1024,573,true],"1536x1536":["https:\/\/voigt-alte-seite.dgwip.de\/wp-content\/uploads\/2026\/03\/Schlagloecher.png",1200,672,false],"2048x2048":["https:\/\/voigt-alte-seite.dgwip.de\/wp-content\/uploads\/2026\/03\/Schlagloecher.png",1200,672,false]},"uagb_author_info":{"display_name":"henning.hammer","author_link":"https:\/\/voigt-alte-seite.dgwip.de\/?author=7"},"uagb_comment_info":0,"uagb_excerpt":"Aktuell werden sie wieder vielerorts sichtbar: winterbedingte Stra\u00dfensch\u00e4den! Wer mit seinem Fahrzeug in ein Schlagloch f\u00e4hrt und dabei einen Schaden erleidet, fragt sich, ob und von wem er diesen ersetzt verlangen kann. Wie so oft lautet die Antwort auch hier: Es kommt darauf an!","_links":{"self":[{"href":"https:\/\/voigt-alte-seite.dgwip.de\/index.php?rest_route=\/wp\/v2\/posts\/56722","targetHints":{"allow":["GET"]}}],"collection":[{"href":"https:\/\/voigt-alte-seite.dgwip.de\/index.php?rest_route=\/wp\/v2\/posts"}],"about":[{"href":"https:\/\/voigt-alte-seite.dgwip.de\/index.php?rest_route=\/wp\/v2\/types\/post"}],"author":[{"embeddable":true,"href":"https:\/\/voigt-alte-seite.dgwip.de\/index.php?rest_route=\/wp\/v2\/users\/7"}],"replies":[{"embeddable":true,"href":"https:\/\/voigt-alte-seite.dgwip.de\/index.php?rest_route=%2Fwp%2Fv2%2Fcomments&post=56722"}],"version-history":[{"count":16,"href":"https:\/\/voigt-alte-seite.dgwip.de\/index.php?rest_route=\/wp\/v2\/posts\/56722\/revisions"}],"predecessor-version":[{"id":56794,"href":"https:\/\/voigt-alte-seite.dgwip.de\/index.php?rest_route=\/wp\/v2\/posts\/56722\/revisions\/56794"}],"wp:featuredmedia":[{"embeddable":true,"href":"https:\/\/voigt-alte-seite.dgwip.de\/index.php?rest_route=\/wp\/v2\/media\/56725"}],"wp:attachment":[{"href":"https:\/\/voigt-alte-seite.dgwip.de\/index.php?rest_route=%2Fwp%2Fv2%2Fmedia&parent=56722"}],"wp:term":[{"taxonomy":"category","embeddable":true,"href":"https:\/\/voigt-alte-seite.dgwip.de\/index.php?rest_route=%2Fwp%2Fv2%2Fcategories&post=56722"},{"taxonomy":"post_tag","embeddable":true,"href":"https:\/\/voigt-alte-seite.dgwip.de\/index.php?rest_route=%2Fwp%2Fv2%2Ftags&post=56722"}],"curies":[{"name":"wp","href":"https:\/\/api.w.org\/{rel}","templated":true}]}}