{"id":56888,"date":"2026-03-16T12:02:22","date_gmt":"2026-03-16T11:02:22","guid":{"rendered":"https:\/\/voigt-alte-seite.dgwip.de\/?p=56888"},"modified":"2026-03-16T12:20:55","modified_gmt":"2026-03-16T11:20:55","slug":"kein-fahrverbot-bei-erheblichem-zeitablauf","status":"publish","type":"post","link":"https:\/\/voigt-alte-seite.dgwip.de\/?p=56888","title":{"rendered":"Kein Fahrverbot bei erheblichem Zeitablauf!"},"content":{"rendered":"\n<p>Der Betroffene hatte eine fahrl\u00e4ssige Geschwindigkeits\u00fcberschreitung in Tateinheit mit der Missachtung eines Verkehrsverbots begangen. Nach den Regels\u00e4tzen w\u00e4re ein <a href=\"https:\/\/voigt-alte-seite.dgwip.de\/?s=Fahrverbot\" target=\"_blank\" rel=\"noreferrer noopener\">Fahrverbot<\/a> zu verh\u00e4ngen gewesen. Die Besonderheit in diesem Fall: Zwischen der Tat und der letzten gerichtlichen Entscheidung lagen bereits 21 Monate, zum Zeitpunkt der Entscheidung des OLG sogar \u00fcber zweieinhalb Jahre.<\/p>\n\n\n\n<p>Diese Verz\u00f6gerung resultierte nicht aus dem Verhalten des Betroffenen, sondern aus verfahrensbedingten Abl\u00e4ufen, darunter eine erfolgreiche Rechtsbeschwerde und eine sp\u00e4te Vorlage an den Senat.<\/p>\n\n\n\n<h2 class=\"wp-block-heading\"><strong>Wann kann ein Fahrverbot entfallen?<\/strong><\/h2>\n\n\n\n<p>Gem\u00e4\u00df <a href=\"https:\/\/www.gesetze-im-internet.de\/stvg\/__25.html\" target=\"_blank\" rel=\"noreferrer noopener\">\u00a7 25 StVG<\/a> soll ein Fahrverbot eine Denkzettel- und Besinnungsma\u00dfnahme sein. Wenn der Zeitraum zwischen Tat und Urteil jedoch so lang wird, dass dieser Zweck nicht mehr erreicht werden kann, darf \u2013 und muss \u2013 von der Anordnung abgesehen werden. In der Rechtsprechung wird diese Grenze h\u00e4ufig bei etwa zwei Jahren angesetzt. Einzelfallabh\u00e4ngig kann ein Absehen vom Fahrverbot jedoch auch schon fr\u00fcher gerechtfertigt sein.<\/p>\n\n\n\n<h2 class=\"wp-block-heading\"><strong>Welche Aspekte sind f\u00fcr den Entfall des Fahrverbots ma\u00dfgeblich?<\/strong><\/h2>\n\n\n\n<p>Im vorliegenden Fall sprachen gleich mehrere Aspekte f\u00fcr den Wegfall des Fahrverbots:<\/p>\n\n\n\n<p>\u2013 langer, nicht vom Betroffenen verschuldeter Zeitablauf,<\/p>\n\n\n\n<p>\u2013 keine weiteren verkehrsrechtlichen Auff\u00e4lligkeiten in der Zwischenzeit,<\/p>\n\n\n\n<p>\u2013 Schwerbehinderung und deutliche Abh\u00e4ngigkeit vom Fahrzeug,<\/p>\n\n\n\n<p>\u2013 finanzielle Einschr\u00e4nkungen, die den Verlust der Mobilit\u00e4t besonders hart getroffen h\u00e4tten,<\/p>\n\n\n\n<p>\u2013 Unzumutbarkeit von \u00f6ffentlichen Verkehrsmitteln.<\/p>\n\n\n\n<h2 class=\"wp-block-heading\"><strong>Kein Fahrverbot, aber Erh\u00f6hung der Geldbu\u00dfe<\/strong><\/h2>\n\n\n\n<p>Das Amtsgericht hatte die genannten Umst\u00e4nde bereits gew\u00fcrdigt. Statt eines Fahrverbots hatte die Geldbu\u00dfe ma\u00dfvoll erh\u00f6ht. Das OLG best\u00e4tigte diese Entscheidung.<\/p>\n\n\n\n<p>Die Staatsanwaltschaft r\u00fcgte die Aufhebung des das Fahrverbots. Erfolg hatte sie damit allerdings nicht.<\/p>\n\n\n\n<p>Ausschlaggebend war, dass ein Rechtsbeschwerdegericht an die tatrichterliche Wertung des entscheidenden Gerichts gebunden ist, solange sie sich im vertretbaren Rahmen bewegen. F\u00fcr das OLG D\u00fcsseldorf war dies der Fall, weshalb es die Entscheidung als rechtsfehlerfrei einstufte.<\/p>\n\n\n\n<p>Zus\u00e4tzlich stellte das Gericht den Schuldspruch klar: Nach Beschr\u00e4nkung des Einspruchs auf die Rechtsfolgen ist der Bu\u00dfgeldbescheid f\u00fcr den Schuldspruch bindend.<\/p>\n\n\n\n<h2 class=\"wp-block-heading\"><strong>Das OLG D\u00fcsseldorf steht nicht alleine.<\/strong><\/h2>\n\n\n\n<p>Die Entscheidung des OLG D\u00fcsseldorf liegt auf einer Linie mit der g\u00e4ngigen Rechtsprechung. <\/p>\n\n\n\n<p>Exemplarisch sind hier insbesondere drei Entscheidungen zu nennen:<\/p>\n\n\n\n<ul class=\"wp-block-list\">\n<li>OLG Celle: Beschluss vom 18.12.2019, <a href=\"https:\/\/voris.wolterskluwer-online.de\/browse\/document\/5def2b41-35f1-4fe9-8368-ebdc0a5f64d6\" target=\"_blank\" rel=\"noreferrer noopener\">Az. 2 Ss (OWi) 338\/19<\/a>: Einzelfallpr\u00fcfung bei au\u00dfergew\u00f6hnlichen H\u00e4rten und langer Verfahrensdauer.<\/li>\n<\/ul>\n\n\n\n<ul class=\"wp-block-list\">\n<li>KG Berlin: Beschluss vom 05.09.2007, <a href=\"https:\/\/openjur.de\/u\/276416.html\" target=\"_blank\" rel=\"noreferrer noopener\">Az. 2 Ss 193\/07<\/a>: Absehen vom Fahrverbot bei Verfahrensdauer von zwei Jahren oder mehr, wenn die Verz\u00f6gerung nicht vom Betroffenen zu vertreten ist.<\/li>\n<\/ul>\n\n\n\n<ul class=\"wp-block-list\">\n<li>OLG Karlsruhe, Beschluss vom 22.06.2007, <a href=\"https:\/\/www.iww.de\/quellenmaterial\/id\/28650\" target=\"_blank\" rel=\"noreferrer noopener\">Az. 1 Ss 44\/07<\/a>: Absehen vom Fahrverbot bei fast zweij\u00e4hrigem, nicht vom Betroffenen verschuldetem Zeitablauf und fehlenden weiteren Verkehrsverst\u00f6\u00dfen.\u00a0\u00a0<\/li>\n<\/ul>\n\n\n\n<h2 class=\"wp-block-heading\"><strong>Zusammenfassung und Fazit<\/strong><\/h2>\n\n\n\n<p>Der Beschluss des OLG D\u00fcsseldorf best\u00e4tigt, dass bei erheblichem Zeitablauf und besonderen H\u00e4rtef\u00e4llen (etwa bei Schwerbehinderung und existenzieller Abh\u00e4ngigkeit vom Fahrzeug) von der Verh\u00e4ngung eines Fahrverbots abgesehen werden kann.<\/p>\n\n\n\n<p>Die Entscheidung unterstreicht die Bedeutung der Einzelfallgerechtigkeit und der spezialpr\u00e4ventiven Funktion des Fahrverbots. Ein Absehen ist insbesondere dann geboten, wenn die Verfahrensdauer nicht vom Betroffenen zu vertreten ist und sich dieser seit der Tat verkehrsgerecht verhalten hat.<\/p>\n\n\n\n<p><\/p>\n\n\n\n<p><strong>Ein Absehen vom Fahrverbot kommt insbesondere bei \u00a0folgenden Konstellationen in Betracht:<\/strong><\/p>\n\n\n\n<p>&#8211; Die betroffene Person ist beruflich oder privat auf das Fahrzeug angewiesen,<\/p>\n\n\n\n<p>&#8211; die betroffene Person ist schwerbehindert,<\/p>\n\n\n\n<p>&#8211; das Verfahren hat sich lange hingezogen, Verfahrensdauer ohne eigenes Verschulden.<\/p>\n\n\n\n<p>Gerichte m\u00fcssen stets eine Einzelfallabw\u00e4gung vornehmen und pr\u00fcfen, ob die Anordnung des Fahrverbots im konkreten Fall noch sinnvoll und verh\u00e4ltnism\u00e4\u00dfig ist.<\/p>\n\n\n\n<p><strong>Siehe auch:<\/strong> <a href=\"https:\/\/voigt-alte-seite.dgwip.de\/rechtsprechung\/absehen-von-fahrverbot-bei-besonderer-haerte\/\">Kein Fahrverbot bei besonderer H\u00e4rte!<\/a><\/p>\n\n\n\n<p>Sollten Ihnen ein Fahrverbot drohen, <a href=\"https:\/\/voigt-alte-seite.dgwip.de\/kontakt\/\" target=\"_blank\" rel=\"noreferrer noopener\">z\u00f6gern Sie nicht uns zu kontaktieren!<\/a><\/p>\n\n\n\n<p>Auch bei drohenden Fahrverboten gilt: <a href=\"https:\/\/voigt-alte-seite.dgwip.de\/voigt-regler\/\" target=\"_blank\" rel=\"noreferrer noopener\">Voigt regelt!<\/a><\/p>\n\n\n\n<p><\/p>\n","protected":false},"excerpt":{"rendered":"<p>Das Oberlandesgericht D\u00fcsseldorf hat klargestellt, dass ein Fahrverbot seine rechtliche Funktion verlieren kann, wenn zwischen der Ordnungswidrigkeit und der gerichtlichen Entscheidung ein au\u00dfergew\u00f6hnlich langer Zeitraum vergangen ist. Dies gilt insbesondere dann, wenn der Betroffene den Ablauf nicht zu verantworten hat und sich in der Zwischenzeit verkehrsgerecht verhalten hat.<\/p>\n","protected":false},"author":7,"featured_media":56904,"comment_status":"closed","ping_status":"closed","sticky":false,"template":"","format":"standard","meta":{"_acf_changed":false,"_seopress_robots_primary_cat":"none","_seopress_titles_title":"","_seopress_titles_desc":"Erfahren Sie, warum ein Fahrverbot bei einer langen Verfahrensdauer entf\u00e4llt und welche Rolle \u00a7 25 StVG dabei spielt. Jetzt informieren!","_seopress_robots_index":"","_relevanssi_hide_post":"","_relevanssi_hide_content":"","_relevanssi_pin_for_all":"","_relevanssi_pin_keywords":"","_relevanssi_unpin_keywords":"","_relevanssi_related_keywords":"","_relevanssi_related_include_ids":"","_relevanssi_related_exclude_ids":"","_relevanssi_related_no_append":"","_relevanssi_related_not_related":"","_relevanssi_related_posts":"","_relevanssi_noindex_reason":"","_uag_custom_page_level_css":"","footnotes":""},"categories":[1311],"tags":[404],"class_list":["post-56888","post","type-post","status-publish","format-standard","has-post-thumbnail","hentry","category-rechtsprechung","tag-verkehr-recht"],"acf":[],"uagb_featured_image_src":{"full":["https:\/\/voigt-alte-seite.dgwip.de\/wp-content\/uploads\/2026\/03\/Kein-Fahrverbot.png",803,442,false],"thumbnail":["https:\/\/voigt-alte-seite.dgwip.de\/wp-content\/uploads\/2026\/03\/Kein-Fahrverbot-150x150.png",150,150,true],"medium":["https:\/\/voigt-alte-seite.dgwip.de\/wp-content\/uploads\/2026\/03\/Kein-Fahrverbot-300x165.png",300,165,true],"medium_large":["https:\/\/voigt-alte-seite.dgwip.de\/wp-content\/uploads\/2026\/03\/Kein-Fahrverbot-768x423.png",768,423,true],"large":["https:\/\/voigt-alte-seite.dgwip.de\/wp-content\/uploads\/2026\/03\/Kein-Fahrverbot.png",803,442,false],"1536x1536":["https:\/\/voigt-alte-seite.dgwip.de\/wp-content\/uploads\/2026\/03\/Kein-Fahrverbot.png",803,442,false],"2048x2048":["https:\/\/voigt-alte-seite.dgwip.de\/wp-content\/uploads\/2026\/03\/Kein-Fahrverbot.png",803,442,false]},"uagb_author_info":{"display_name":"henning.hammer","author_link":"https:\/\/voigt-alte-seite.dgwip.de\/?author=7"},"uagb_comment_info":0,"uagb_excerpt":"Das Oberlandesgericht D\u00fcsseldorf hat klargestellt, dass ein Fahrverbot seine rechtliche Funktion verlieren kann, wenn zwischen der Ordnungswidrigkeit und der gerichtlichen Entscheidung ein au\u00dfergew\u00f6hnlich langer Zeitraum vergangen ist. Dies gilt insbesondere dann, wenn der Betroffene den Ablauf nicht zu verantworten hat und sich in der Zwischenzeit verkehrsgerecht verhalten hat.","_links":{"self":[{"href":"https:\/\/voigt-alte-seite.dgwip.de\/index.php?rest_route=\/wp\/v2\/posts\/56888","targetHints":{"allow":["GET"]}}],"collection":[{"href":"https:\/\/voigt-alte-seite.dgwip.de\/index.php?rest_route=\/wp\/v2\/posts"}],"about":[{"href":"https:\/\/voigt-alte-seite.dgwip.de\/index.php?rest_route=\/wp\/v2\/types\/post"}],"author":[{"embeddable":true,"href":"https:\/\/voigt-alte-seite.dgwip.de\/index.php?rest_route=\/wp\/v2\/users\/7"}],"replies":[{"embeddable":true,"href":"https:\/\/voigt-alte-seite.dgwip.de\/index.php?rest_route=%2Fwp%2Fv2%2Fcomments&post=56888"}],"version-history":[{"count":16,"href":"https:\/\/voigt-alte-seite.dgwip.de\/index.php?rest_route=\/wp\/v2\/posts\/56888\/revisions"}],"predecessor-version":[{"id":56913,"href":"https:\/\/voigt-alte-seite.dgwip.de\/index.php?rest_route=\/wp\/v2\/posts\/56888\/revisions\/56913"}],"wp:featuredmedia":[{"embeddable":true,"href":"https:\/\/voigt-alte-seite.dgwip.de\/index.php?rest_route=\/wp\/v2\/media\/56904"}],"wp:attachment":[{"href":"https:\/\/voigt-alte-seite.dgwip.de\/index.php?rest_route=%2Fwp%2Fv2%2Fmedia&parent=56888"}],"wp:term":[{"taxonomy":"category","embeddable":true,"href":"https:\/\/voigt-alte-seite.dgwip.de\/index.php?rest_route=%2Fwp%2Fv2%2Fcategories&post=56888"},{"taxonomy":"post_tag","embeddable":true,"href":"https:\/\/voigt-alte-seite.dgwip.de\/index.php?rest_route=%2Fwp%2Fv2%2Ftags&post=56888"}],"curies":[{"name":"wp","href":"https:\/\/api.w.org\/{rel}","templated":true}]}}