{"id":56956,"date":"2026-03-20T10:26:55","date_gmt":"2026-03-20T09:26:55","guid":{"rendered":"https:\/\/voigt-alte-seite.dgwip.de\/?p=56956"},"modified":"2026-04-22T13:17:45","modified_gmt":"2026-04-22T11:17:45","slug":"wann-ist-ein-fahrzeug-abfall","status":"publish","type":"post","link":"https:\/\/voigt-alte-seite.dgwip.de\/?p=56956","title":{"rendered":"Wann ist ein Auto Abfall? \u00a0"},"content":{"rendered":"\n<p><\/p>\n\n\n\n<p><\/p>\n\n\n\n<h2 class=\"wp-block-heading\"><strong>Schrottplatz oder Ersatzteillager?<\/strong><\/h2>\n\n\n\n<p>Ausgangspunkt des Verfahrens war, dass der Kl\u00e4ger Altfahrzeuge, Altreifen, gebrauchte Autofelgen, ausgebaute Autoteile und Betriebsmittel lagerte. Die Fahrzeuge standen bereits seit Jahren \u00fcberwiegend ungesch\u00fctzt unter freiem Himmel und einige von ihnen waren sogar eingewachsen und von Moos \u00fcberzogen. Die Starterbatterien waren gr\u00f6\u00dftenteils ausgebaut und f\u00fcr den Fahrbetrieb erforderlichen Bauteile waren entweder besch\u00e4digt oder demontiert. Hinzu kam, dass die Innenr\u00e4ume aufgrund von defekten Scheiben mit Moos oder Pflanzen bewachsen waren. <\/p>\n\n\n\n<p>Nachdem die Beh\u00f6rde davon erfahren hatte, untersagte sie die Lagerung, forderte den Kl\u00e4ger auf, die gelagerten Gegenst\u00e4nde zu entfernen, und wies ihn an, die ordnungsgem\u00e4\u00dfe und schadlose Verwertung nachzuweisen. Den hiergegen erhobenen Widerspruch wies das Landesverwaltungsamt Sachsen-Anhalt zur\u00fcck. In dem nachfolgenden Rechtsstreit schloss sich das Verwaltungsgericht Halle der Sichtweise der Beh\u00f6rde an (Urt. v. 30.10.2025, Az. 4 A 276\/23 HAL) der Sichtweise der Beh\u00f6rde an. Der Kl\u00e4ger legte dagegen Berufung ein.<\/p>\n\n\n\n<h2 class=\"wp-block-heading\"><strong>Abfall oder Wirtschaftsgut?<\/strong><\/h2>\n\n\n\n<p>Im Kern ging es um die Frage, unter welchen Umst\u00e4nden ein stark besch\u00e4digtes, nicht mehr fahrbereites Fahrzeug als Abfall im Sinne des <a href=\"https:\/\/www.gesetze-im-internet.de\/krwg\/__3.html\" target=\"_blank\" rel=\"noreferrer noopener\">\u00a7 3 Abs. 1 KrWG<\/a> einzustufen ist. Die Beh\u00f6rde stufte die Fahrzeuge als Abfall ein und erlie\u00df entsprechende Entsorgungsanordnungen. Der Kl\u00e4ger sah das anders und wandte ein, das betroffene Fahrzeug sei reparaturf\u00e4hig und zur Wiederverwendung bestimmt.<\/p>\n\n\n\n<p><\/p>\n\n\n\n<h2 class=\"wp-block-heading\"><strong>Welche Kriterien sind entscheidend?<\/strong><\/h2>\n\n\n\n<p>Das OVG best\u00e4tigte die beh\u00f6rdliche Sichtweise. Laut der einschl\u00e4gigen Rechtsprechung sei entscheidend, ob der Besitzer das Fahrzeug tats\u00e4chlich nicht mehr nutzen k\u00f6nne oder wolle und ob objektiv ein Entledigungswille vorliege. Dabei sei nicht die subjektive Behauptung des Halters entscheidend, sondern der objektive Zustand des Fahrzeugs.<\/p>\n\n\n\n<p>Der Rechtsprechung zufolge sind Fahrzeuge dann als Abfall im Sinne des<a href=\"https:\/\/www.gesetze-im-internet.de\/krwg\/__3.html\" target=\"_blank\" rel=\"noreferrer noopener\">&nbsp;\u00a7&nbsp;3&nbsp;Abs.&nbsp;1&nbsp;Satz 1, Abs.&nbsp;3&nbsp;Nr.&nbsp;2&nbsp;KrWG<\/a>&nbsp;zu qualifizieren, wenn sie ihre urspr\u00fcngliche Zweckbestimmung als Fortbewegungsmittel verloren haben. Ein Indiz f\u00fcr die Aufgabe der Zweckbestimmung eines Fahrzeugs als Fortbewegungsmittel kann z.B. sein, dass es nicht gegen Witterungseinfl\u00fcsse gesch\u00fctzt ist und ungehindert verrottet (VG Schleswig,&nbsp;Beschl. v. 15.08.2025&nbsp;,<a href=\"https:\/\/www.gesetze-rechtsprechung.sh.juris.de\/bssh\/document\/NJRE001618277\" target=\"_blank\" rel=\"noreferrer noopener\"> Az.&nbsp;6 B 18\/25<\/a>;&nbsp;VG Augsburg, Beschl. v. 01.03.2021, <a href=\"https:\/\/www.gesetze-bayern.de\/Content\/Document\/Y-300-Z-BECKRS-B-2021-N-9343\" target=\"_blank\" rel=\"noreferrer noopener\">Az.&nbsp;Au 9&nbsp;S 20.2585<\/a>.<\/p>\n\n\n\n<h2 class=\"wp-block-heading\"><strong>Wann ist ein Entledigungswille anzunehmen?<\/strong><\/h2>\n\n\n\n<p>Das Gericht kn\u00fcpft dabei an die gefestigte Rechtsprechung des EuGH und des BVerwG an.<\/p>\n\n\n\n<p>Ein Entledigungswille wird demzufolge angenommen, wenn:<\/p>\n\n\n\n<ul class=\"wp-block-list\">\n<li>das Fahrzeug nicht mehr verkehrssicher ist,<\/li>\n<\/ul>\n\n\n\n<ul class=\"wp-block-list\">\n<li>wirtschaftlich nicht sinnvoll reparierbar erscheint oder<\/li>\n<\/ul>\n\n\n\n<ul class=\"wp-block-list\">\n<li>\u00fcber l\u00e4ngere Zeit ungenutzt auf einem Grundst\u00fcck abgestellt wird.<\/li>\n<\/ul>\n\n\n\n<h2 class=\"wp-block-heading\"><strong>Welche Bedeutung hat die Reparaturf\u00e4higkeit?<\/strong><\/h2>\n\n\n\n<p>Ob ein Fahrzeug reparaturf\u00e4hig ist, spielt bei der Klassifizierung als Abfall keine Rolle. <\/p>\n\n\n\n<p>Das OVG betont, dass die theoretische M\u00f6glichkeit einer Reparatur nicht ausreicht. Entscheidend ist, ob eine realistische Wiederverwendung unmittelbar bevorsteht.<\/p>\n\n\n\n<p>Ein weiterer Aspekt ist, dass ein Fahrzeug bereits wegen Gefahrstoffaustritten (\u00d6l, Kraftstoff, Bremsfl\u00fcssigkeit) als Abfall gelten kann. Das OVG folgt damit der Linie des Europ\u00e4ischen Gerichtshofes (<a href=\"https:\/\/infocuria.curia.europa.eu\/tabs\/document?source=document&amp;text=&amp;docid=43562&amp;pageIndex=0&amp;doclang=DE&amp;mode=req&amp;dir=&amp;occ=first&amp;part=1\" target=\"_blank\" rel=\"noreferrer noopener\">EuGH, Rs. C 129\/96<\/a> \u201eInter-Environnement Wallonie\u201c), demzufolge Umweltgefahren ein starkes Indiz f\u00fcr die Abfalleigenschaft darstellen (nachfolgend OVG L\u00fcneburg, Beschl. v. 03.06.2010, <a href=\"https:\/\/voris.wolterskluwer-online.de\/browse\/document\/1de34e3f-ac05-4b62-9a3e-da7d49559db4\" target=\"_blank\" rel=\"noreferrer noopener\">Az. 7 LA 36\/09<\/a>;&nbsp;OVG Koblenz, Beschl. v. 24.08.2009, Az. 8 A 10623\/09).<\/p>\n\n\n\n<p>Abgesehen von den bereits genannten Entscheidungen, kam der Beschluss wenig \u00fcberraschend. Denn nur wenige Tage vor der hier thematisierten Entscheidung hatte das OVG best\u00e4tigt, dass dauerhaft abgestellte Fahrzeuge&nbsp;regelm\u00e4\u00dfig als Abfall einzustufen sind (OVG Magdeburg, Az. 2 L 50\/25 (2026)).<\/p>\n\n\n\n<h2 class=\"wp-block-heading\"><strong>Fazit<\/strong><\/h2>\n\n\n\n<p>Die Entscheidung des OVG Magdeburg setzt klare Leitplanken: Ein Fahrzeug ist als Abfall zu betrachten, wenn es objektiv nicht mehr genutzt wird und keine konkrete Wiederverwendung bevorsteht.<\/p>\n\n\n\n<h2 class=\"wp-block-heading\"><strong>FAQ<\/strong><\/h2>\n\n\n<div class=\"wp-block-uagb-faq uagb-faq__outer-wrap uagb-block-485e6db0 uagb-faq-icon-row uagb-faq-layout-accordion uagb-faq-expand-first-true uagb-faq-inactive-other-true uagb-faq__wrap uagb-buttons-layout-wrap uagb-faq-equal-height     \" data-faqtoggle=\"true\" role=\"tablist\"><div class=\"wp-block-uagb-faq-child uagb-faq-child__outer-wrap uagb-faq-item uagb-block-2bb4e057 \" role=\"tab\" tabindex=\"0\"><div class=\"uagb-faq-questions-button uagb-faq-questions\">\t\t\t<span class=\"uagb-icon uagb-faq-icon-wrap\">\n\t\t\t\t\t\t\t\t<svg xmlns=\"https:\/\/www.w3.org\/2000\/svg\" viewBox= \"0 0 448 512\"><path d=\"M432 256c0 17.69-14.33 32.01-32 32.01H256v144c0 17.69-14.33 31.99-32 31.99s-32-14.3-32-31.99v-144H48c-17.67 0-32-14.32-32-32.01s14.33-31.99 32-31.99H192v-144c0-17.69 14.33-32.01 32-32.01s32 14.32 32 32.01v144h144C417.7 224 432 238.3 432 256z\"><\/path><\/svg>\n\t\t\t\t\t\t\t<\/span>\n\t\t\t\t\t\t<span class=\"uagb-icon-active uagb-faq-icon-wrap\">\n\t\t\t\t\t\t\t\t<svg xmlns=\"https:\/\/www.w3.org\/2000\/svg\" viewBox= \"0 0 448 512\"><path d=\"M400 288h-352c-17.69 0-32-14.32-32-32.01s14.31-31.99 32-31.99h352c17.69 0 32 14.3 32 31.99S417.7 288 400 288z\"><\/path><\/svg>\n\t\t\t\t\t\t\t<\/span>\n\t\t\t<span class=\"uagb-question\"><strong>Was bedeutet das Urteil f\u00fcr die Praxis?\u00a0\u00a0\u00a0\u00a0\u00a0\u00a0\u00a0\u00a0\u00a0\u00a0\u00a0\u00a0\u00a0\u00a0\u00a0\u00a0\u00a0\u00a0\u00a0\u00a0\u00a0\u00a0\u00a0\u00a0\u00a0\u00a0\u00a0\u00a0\u00a0\u00a0<\/strong><\/span><\/div><div class=\"uagb-faq-content\"><p>Der Beschluss st\u00e4rkt die Position der Beh\u00f6rden. Wer ein besch\u00e4digtes Fahrzeug \u00fcber l\u00e4ngere Zeit abstellt, riskiert die Einstufung als Abfall \u2013 mit weitreichenden Folgen wie Entsorgungsanordnungen, Kostenbescheiden und gegebenenfalls ordnungsrechtlichen Ma\u00dfnahmen.<br><br>F\u00fcr Halter und H\u00e4ndler bedeutet dies:<br>\u2022 Dokumentation geplanter Reparaturen,<br>\u2022 z\u00fcgige Instandsetzung oder ordnungsgem\u00e4\u00dfe Entsorgung und Vermeidung l\u00e4ngerer Standzeiten auf<br>\u00a0 \u00a0Privatgrundst\u00fccken.<br><br>Der Vollst\u00e4ndigkeit halber und unabh\u00e4ngig vom konkreten Sachverhalt ist darauf hinzuweisen, dass der Ausbau von Ersatzteilen aus Schrottfahrzeugen als \u201eAbfallbehandlung\u201c im Sinne des\u00a0\u00a7\u00a0<a href=\"https:\/\/beck-online.beck.de\/?typ=reference&amp;y=100&amp;g=KRWG&amp;p=28\">28<\/a>\u00a0Abs.\u00a0<a href=\"https:\/\/beck-online.beck.de\/?typ=reference&amp;y=100&amp;g=KRWG&amp;p=28&amp;x=1\">1<\/a>\u00a0Satz 1 KrWG\u00a0 aufzufassen w\u00e4re (vgl. .B. BayObLG, Beschl. v. 27.01.2022, <a href=\"https:\/\/www.gesetze-bayern.de\/Content\/Document\/Y-300-Z-BECKRS-B-2022-N-3279?hl=true\" target=\"_blank\" rel=\"noreferrer noopener\">Az. 202 ObOWi 80\/22<\/a>; v. 17.04.1998, Az. 3 ObOWi 43\/98).<\/p><\/div><\/div><\/div>\n\n\n<p><\/p>\n","protected":false},"excerpt":{"rendered":"<p>Als das OVG Sachsen-Anhalt sich mit der Frage auseinanderzusetzen hatte, wann ein Auto als Abfall einzustufen ist, versch\u00e4rfte es die Kriterien.<\/p>\n","protected":false},"author":7,"featured_media":56964,"comment_status":"closed","ping_status":"closed","sticky":false,"template":"","format":"standard","meta":{"_acf_changed":false,"_seopress_robots_primary_cat":"none","_seopress_titles_title":"","_seopress_titles_desc":"","_seopress_robots_index":"","_relevanssi_hide_post":"","_relevanssi_hide_content":"","_relevanssi_pin_for_all":"","_relevanssi_pin_keywords":"","_relevanssi_unpin_keywords":"","_relevanssi_related_keywords":"","_relevanssi_related_include_ids":"","_relevanssi_related_exclude_ids":"","_relevanssi_related_no_append":"","_relevanssi_related_not_related":"","_relevanssi_related_posts":"","_relevanssi_noindex_reason":"","_uag_custom_page_level_css":"","footnotes":""},"categories":[26],"tags":[320],"class_list":["post-56956","post","type-post","status-publish","format-standard","has-post-thumbnail","hentry","category-aktuelles","tag-abfallrecht"],"acf":[],"uagb_featured_image_src":{"full":["https:\/\/voigt-alte-seite.dgwip.de\/wp-content\/uploads\/2026\/03\/Eingewachsener-Oldtimer.png",1600,896,false],"thumbnail":["https:\/\/voigt-alte-seite.dgwip.de\/wp-content\/uploads\/2026\/03\/Eingewachsener-Oldtimer-150x150.png",150,150,true],"medium":["https:\/\/voigt-alte-seite.dgwip.de\/wp-content\/uploads\/2026\/03\/Eingewachsener-Oldtimer-300x168.png",300,168,true],"medium_large":["https:\/\/voigt-alte-seite.dgwip.de\/wp-content\/uploads\/2026\/03\/Eingewachsener-Oldtimer-768x430.png",768,430,true],"large":["https:\/\/voigt-alte-seite.dgwip.de\/wp-content\/uploads\/2026\/03\/Eingewachsener-Oldtimer-1024x573.png",1024,573,true],"1536x1536":["https:\/\/voigt-alte-seite.dgwip.de\/wp-content\/uploads\/2026\/03\/Eingewachsener-Oldtimer-1536x860.png",1536,860,true],"2048x2048":["https:\/\/voigt-alte-seite.dgwip.de\/wp-content\/uploads\/2026\/03\/Eingewachsener-Oldtimer.png",1600,896,false]},"uagb_author_info":{"display_name":"henning.hammer","author_link":"https:\/\/voigt-alte-seite.dgwip.de\/?author=7"},"uagb_comment_info":0,"uagb_excerpt":"Als das OVG Sachsen-Anhalt sich mit der Frage auseinanderzusetzen hatte, wann ein Auto als Abfall einzustufen ist, versch\u00e4rfte es die Kriterien.","_links":{"self":[{"href":"https:\/\/voigt-alte-seite.dgwip.de\/index.php?rest_route=\/wp\/v2\/posts\/56956","targetHints":{"allow":["GET"]}}],"collection":[{"href":"https:\/\/voigt-alte-seite.dgwip.de\/index.php?rest_route=\/wp\/v2\/posts"}],"about":[{"href":"https:\/\/voigt-alte-seite.dgwip.de\/index.php?rest_route=\/wp\/v2\/types\/post"}],"author":[{"embeddable":true,"href":"https:\/\/voigt-alte-seite.dgwip.de\/index.php?rest_route=\/wp\/v2\/users\/7"}],"replies":[{"embeddable":true,"href":"https:\/\/voigt-alte-seite.dgwip.de\/index.php?rest_route=%2Fwp%2Fv2%2Fcomments&post=56956"}],"version-history":[{"count":18,"href":"https:\/\/voigt-alte-seite.dgwip.de\/index.php?rest_route=\/wp\/v2\/posts\/56956\/revisions"}],"predecessor-version":[{"id":57051,"href":"https:\/\/voigt-alte-seite.dgwip.de\/index.php?rest_route=\/wp\/v2\/posts\/56956\/revisions\/57051"}],"wp:featuredmedia":[{"embeddable":true,"href":"https:\/\/voigt-alte-seite.dgwip.de\/index.php?rest_route=\/wp\/v2\/media\/56964"}],"wp:attachment":[{"href":"https:\/\/voigt-alte-seite.dgwip.de\/index.php?rest_route=%2Fwp%2Fv2%2Fmedia&parent=56956"}],"wp:term":[{"taxonomy":"category","embeddable":true,"href":"https:\/\/voigt-alte-seite.dgwip.de\/index.php?rest_route=%2Fwp%2Fv2%2Fcategories&post=56956"},{"taxonomy":"post_tag","embeddable":true,"href":"https:\/\/voigt-alte-seite.dgwip.de\/index.php?rest_route=%2Fwp%2Fv2%2Ftags&post=56956"}],"curies":[{"name":"wp","href":"https:\/\/api.w.org\/{rel}","templated":true}]}}