{"id":56989,"date":"2026-03-23T14:05:25","date_gmt":"2026-03-23T13:05:25","guid":{"rendered":"https:\/\/voigt-alte-seite.dgwip.de\/?p=56989"},"modified":"2026-03-23T14:10:30","modified_gmt":"2026-03-23T13:10:30","slug":"fahrtenbuchauflage-trotz-zeugnisverweigerungsrecht","status":"publish","type":"post","link":"https:\/\/voigt-alte-seite.dgwip.de\/?p=56989","title":{"rendered":"Fahrtenbuchauflage trotz des Rechts zur Zeugnisverweigerung?"},"content":{"rendered":"\n<p>Dieses Verhalten zeichnete sich durch dichtes Auffahren mit Lichthupe, einen \u00dcberholversuch \u00fcber den Standstreifen sowie das anschlie\u00dfende Ausbremsen eines Wohnmobils aus. Da die Halterin und ihre Familienangeh\u00f6rigen von ihrem Zeugnisverweigerungsrecht Gebrauch machten, konnte der Fahrer nicht ermittelt werden.<\/p>\n\n\n\n<p>Als Folge verpflichtete die Beh\u00f6rde die Betroffene unter Anordnung des Sofortvollzugs zur F\u00fchrung eines Fahrtenbuchs f\u00fcr die Dauer von zw\u00f6lf Monaten f\u00fcr das beim Versto\u00df verwendete Fahrzeug sowie f\u00fcr zuk\u00fcnftig zuzulassende Folge-, Ersatz- und Neufahrzeuge und f\u00fcr Fahrzeuge, die sie sonst als Ersatzfahrzeug nutzt.<\/p>\n\n\n\n<p>Nachdem die Betroffene erfolglos Widerspruch eingelegt hatte und auch vor dem Verwaltungsgericht Bayreuth gescheitert war (Entscheidung v. 13.01.2026, Az. B 1 S 25.1207), legte sie Beschwerde beim Bayerischen Verwaltungsgerichtshof ein.<\/p>\n\n\n\n<h2 class=\"wp-block-heading\"><strong>Was sind die Kernaussagen?<\/strong><\/h2>\n\n\n\n<p><strong>Der Bayerische Verwaltungsgerichtshof stellte drei Dinge fest:<\/strong><\/p>\n\n\n\n<ul class=\"wp-block-list\">\n<li><strong>Eine Fahrtenbuchauflage ist auch dann rechtm\u00e4\u00dfig, wenn der verantwortliche Fahrer nach einem erheblichen Verkehrsversto\u00df nicht festgestellt werden kann.\u00a0Dies gilt auch, wenn der Halter von seinem Zeugnisverweigerungsrecht Gebrauch macht.<\/strong><\/li>\n<\/ul>\n\n\n\n<ul class=\"wp-block-list\">\n<li>Eine Fahrtenbuchauflage ist bereits bei einem einmaligen, aber schwerwiegenden Verkehrsversto\u00df zul\u00e4ssig.<\/li>\n<\/ul>\n\n\n\n<h2 class=\"wp-block-heading\"><strong>Der Verkehrsversto\u00df muss gravierend sein.<\/strong><\/h2>\n\n\n\n<p>Die Fahrtenbuchauflage ist in <a href=\"https:\/\/www.gesetze-im-internet.de\/stvzo_2012\/__31a.html\" target=\"_blank\" rel=\"noreferrer noopener\">\u00a7 31a StVZO<\/a> geregelt. Danach kann die Beh\u00f6rde die F\u00fchrung eines Fahrtenbuchs anordnen, wenn der Fahrzeugf\u00fchrer nach einer Zuwiderhandlung gegen Verkehrsvorschriften nicht festgestellt werden kann.<\/p>\n\n\n\n<p>Die Zuwiderhandlung muss als solche feststehen, wobei es ausreicht, wenn eine Verkehrsordnungswidrigkeit oder -straftat objektiv verwirklicht wurde.<\/p>\n\n\n\n<p><strong>I<\/strong>m entschiedenen Fall lag ein gravierender Verkehrsversto\u00df vor, der die Straftatbest\u00e4nde der Gef\u00e4hrdung des Stra\u00dfenverkehrs (<a href=\"https:\/\/www.gesetze-im-internet.de\/stgb\/__315c.html\" target=\"_blank\" rel=\"noreferrer noopener\">\u00a7 315c StGB<\/a>) und der N\u00f6tigung (<a href=\"https:\/\/www.gesetze-im-internet.de\/stgb\/__240.html\" target=\"_blank\" rel=\"noreferrer noopener\">\u00a7 240 StGB<\/a>) erf\u00fcllte und im Fahreignungs-Bewertungssystem mit mindestens einem Punkt bewertet wird.\u2003<\/p>\n\n\n\n<h2 class=\"wp-block-heading\"><strong>Ein einmaliger, erheblicher Versto\u00df gen\u00fcgt.<\/strong><\/h2>\n\n\n\n<p>Auch ein erstmaliger oder einmaliger, aber schwerwiegender Verkehrsversto\u00df kann eine Fahrtenbuchauflage rechtfertigen. Ma\u00dfgeblich ist das Gewicht der Zuwiderhandlung, das sich aus der generellen Gef\u00e4hrlichkeit f\u00fcr die Verkehrssicherheit ergibt. Die Schwelle ist regelm\u00e4\u00dfig erreicht, wenn der Versto\u00df im Fahreignungs-Bewertungssystem mit mindestens einem Punkt bewertet wird (vgl. BVerwG, Urt. v. 17.05.1995, Az. BVerwG 11 C 12\/94; VGH M\u00fcnchen, Beschl. v. 20.05.2025, <a href=\"https:\/\/www.gesetze-bayern.de\/Content\/Document\/Y-300-Z-BECKRS-B-2025-N-13926?hl=true\" target=\"_blank\" rel=\"noreferrer noopener\">Az. 11 CS 25.240<\/a>; v. 05.05.2025, <a href=\"https:\/\/www.gesetze-bayern.de\/Content\/Document\/Y-300-Z-BECKRS-B-2025-N-9151?hl=true\" target=\"_blank\" rel=\"noreferrer noopener\">Az. 11 CS 24.2017<\/a>).<\/p>\n\n\n\n<p>Die Aus\u00fcbung des Zeugnisverweigerungsrechts (<a href=\"https:\/\/www.gesetze-im-internet.de\/stpo\/__52.html\" target=\"_blank\" rel=\"noreferrer noopener\">\u00a7 52 StPO<\/a>) durch den Halter steht der Anordnung eines Fahrtenbuchs nicht entgegen. Ein doppeltes Recht, einerseits die Aussage zu verweigern und andererseits von der Fahrtenbuchauflage verschont zu bleiben, besteht nicht. Die Ma\u00dfnahme dient der Verkehrssicherheit und ist auch verfassungsrechtlich nicht zu beanstanden. Da kein \u201edoppeltes Recht\u201c besteht, sch\u00fctzt das Zeugnisverweigerungsrecht nicht vor einer Fahrtenbuchauflage.<\/p>\n\n\n\n<h2 class=\"wp-block-heading\"><strong>Verh\u00e4ltnism\u00e4\u00dfigkeit und Bestimmtheit m\u00fcssen gegeben sein!<\/strong><\/h2>\n\n\n\n<p>Die Fahrtenbuchauflage ist verh\u00e4ltnism\u00e4\u00dfig. Sie stellt einen Eingriff mit geringer Belastungsintensit\u00e4t dar und dient dem pr\u00e4ventiven Schutz der Verkehrssicherheit. Angesichts der Schwere des Versto\u00dfes ist die Verpflichtung zur F\u00fchrung eines Fahrtenbuchs f\u00fcr zw\u00f6lf Monate angemessen. Auch die Anordnung hinsichtlich Ersatzfahrzeugen, \u00fcber die der Halter die Verf\u00fcgungsbefugnis und Kontrolle hat, ist hinreichend bestimmt. Als Ersatzfahrzeug gilt jedes Fahrzeug, \u00fcber das der Halter Verf\u00fcgungsbefugnis und Kontrolle hat \u2013 unabh\u00e4ngig von der Haltereigenschaft.<\/p>\n\n\n\n<h2 class=\"wp-block-heading\"><strong>Was gilt f\u00fcr den Sofortvollzug?<\/strong><\/h2>\n\n\n\n<p>Die Anordnung des Sofortvollzugs (<a href=\"https:\/\/www.gesetze-im-internet.de\/vwgo\/__80.html\" target=\"_blank\" rel=\"noreferrer noopener\">\u00a7 80 Abs. 2 Nr. 4 VwGO<\/a>) gilt dann als ausreichend begr\u00fcndet, wenn das \u00f6ffentliche Interesse an einer zeitnahen Fahrtenbuchf\u00fchrung \u00fcberwiegt. Einer Faustformel zufolge ist dies insbesondere dann gegeben, wenn mehrere Personen Zugriff auf das Fahrzeug haben und eine Fahrerfeststellung k\u00fcnftig erneut erschwert sein k\u00f6nnte.<\/p>\n\n\n\n<p>Hier gilt, dass die Verkehrssicherheit gef\u00e4hrdet ist, wenn der verantwortliche Fahrer, insbesondere bei gravierenden Verst\u00f6\u00dfen, nicht festgestellt werden kann. Das Interesse an der Abwehr von Gefahren f\u00fcr wichtige Gemeinschaftsg\u00fcter \u2013 hier die Sicherheit und Ordnung im Stra\u00dfenverkehr \u2013 und das sogenannte besondere \u00f6ffentliche Vollzugsinteresse nach <a href=\"https:\/\/www.gesetze-im-internet.de\/vwgo\/__80.html\" target=\"_blank\" rel=\"noreferrer noopener\">\u00a7 80 Abs. 2 Satz 1 Nr. 4 VwGO<\/a> fallen daher regelm\u00e4\u00dfig mit dem Interesse am Erlass des Verwaltungsakts selbst zusammen (vgl. VGH M\u00fcnchen, Beschl. v. 20.05.2025, <a href=\"https:\/\/www.gesetze-bayern.de\/Content\/Document\/Y-300-Z-BECKRS-B-2025-N-13926?hl=true\" target=\"_blank\" rel=\"noreferrer noopener\">Az. 11 CS 25.240<\/a>).<\/p>\n\n\n\n<h2 class=\"wp-block-heading\"><strong>Wie ging das Verfahren aus?<\/strong><\/h2>\n\n\n\n<p>Die Beschwerde wurde zur\u00fcckgewiesen. Die Anordnung zur F\u00fchrung eines Fahrtenbuchs f\u00fcr zw\u00f6lf Monate ist rechtm\u00e4\u00dfig, verh\u00e4ltnism\u00e4\u00dfig und hinreichend bestimmt. Die Berufung auf das Zeugnisverweigerungsrecht sch\u00fctzt nicht vor der Fahrtenbuchauflage. In der Rechtsprechung wird die Fahrtenbuchauflage \u00fcbrigens nicht als Strafe, sondern als Ma\u00dfnahme zur Gefahrenabwehr und zur Sicherstellung k\u00fcnftiger Fahrerermittlungen betrachtet (vgl. VG K\u00f6ln, Beschl. v. 24.03.2025, <a href=\"https:\/\/nrwe.justiz.nrw.de\/ovgs\/vg_koeln\/j2025\/18_L_330_25_Beschluss_20250324.html\" target=\"_blank\" rel=\"noreferrer noopener\">Az. 18 L 330\/25<\/a>; BVerwG, Beschl. v. 17.07.1986, Az. 7 B 234\/85; Beschl. v. 04.03.1981, Az. 7 B 17\/81).<\/p>\n\n\n\n<p><strong>Eine Fahrtenbuchauflage darf allerdings nur verh\u00e4ngt werden, wenn die Beh\u00f6rde alle zumutbaren und erfolgversprechenden Ermittlungsma\u00dfnahmen zur Fahrerfeststellung ausgesch\u00f6pft hat. Dies ist insbesondere relevant, wenn der Halter lediglich pauschal die Aussage verweigert (vgl. VGH M\u00fcnchen, Beschl. v. 20.05.2025, <a href=\"https:\/\/www.gesetze-bayern.de\/Content\/Document\/Y-300-Z-BECKRS-B-2025-N-13926?hl=true\" target=\"_blank\" rel=\"noreferrer noopener\">Az. 11 CS 25.240<\/a>; VG K\u00f6ln, Beschl. v. 24.03.2025, <a href=\"https:\/\/nrwe.justiz.nrw.de\/ovgs\/vg_koeln\/j2025\/18_L_330_25_Beschluss_20250324.html\" target=\"_blank\" rel=\"noreferrer noopener\">Az. 18 L 330\/25<\/a>; OVG L\u00fcneburg, Beschl. v. 24.04.2012, <a href=\"https:\/\/voris.wolterskluwer-online.de\/browse\/document\/bf60f3f9-40cc-4a7f-b2ad-5d0e6e428e45\" target=\"_blank\" rel=\"noreferrer noopener\">Az. 12 ME 33\/12<\/a>).<\/strong><\/p>\n\n\n\n<h2 class=\"wp-block-heading\"><strong>Fazit <\/strong><\/h2>\n\n\n\n<p>Der Beschluss verdeutlicht, dass Fahrzeughalter, die die Feststellung des Fahrers nach einem erheblichen Verkehrsversto\u00df nicht erm\u00f6glichen \u2013 auch unter Berufung auf das Zeugnisverweigerungsrecht \u2013, mit einer Fahrtenbuchauflage rechnen m\u00fcssen. Die Ma\u00dfnahme ist bereits bei einmaligen, gravierenden Verst\u00f6\u00dfen zul\u00e4ssig und dient dem Schutz der Verkehrssicherheit.<\/p>\n\n\n\n<h2 class=\"wp-block-heading\"><strong>FAQs<\/strong><\/h2>\n\n\n<div class=\"wp-block-uagb-faq uagb-faq__outer-wrap uagb-block-6dcb1cfc uagb-faq-icon-row uagb-faq-layout-accordion uagb-faq-expand-first-true uagb-faq-inactive-other-true uagb-faq__wrap uagb-buttons-layout-wrap uagb-faq-equal-height     \" data-faqtoggle=\"true\" role=\"tablist\"><div class=\"wp-block-uagb-faq-child uagb-faq-child__outer-wrap uagb-faq-item uagb-block-d90a503e \" role=\"tab\" tabindex=\"0\"><div class=\"uagb-faq-questions-button uagb-faq-questions\">\t\t\t<span class=\"uagb-icon uagb-faq-icon-wrap\">\n\t\t\t\t\t\t\t\t<svg xmlns=\"https:\/\/www.w3.org\/2000\/svg\" viewBox= \"0 0 448 512\"><path d=\"M432 256c0 17.69-14.33 32.01-32 32.01H256v144c0 17.69-14.33 31.99-32 31.99s-32-14.3-32-31.99v-144H48c-17.67 0-32-14.32-32-32.01s14.33-31.99 32-31.99H192v-144c0-17.69 14.33-32.01 32-32.01s32 14.32 32 32.01v144h144C417.7 224 432 238.3 432 256z\"><\/path><\/svg>\n\t\t\t\t\t\t\t<\/span>\n\t\t\t\t\t\t<span class=\"uagb-icon-active uagb-faq-icon-wrap\">\n\t\t\t\t\t\t\t\t<svg xmlns=\"https:\/\/www.w3.org\/2000\/svg\" viewBox= \"0 0 448 512\"><path d=\"M400 288h-352c-17.69 0-32-14.32-32-32.01s14.31-31.99 32-31.99h352c17.69 0 32 14.3 32 31.99S417.7 288 400 288z\"><\/path><\/svg>\n\t\t\t\t\t\t\t<\/span>\n\t\t\t<span class=\"uagb-question\"><strong>Wann darf eine Fahrtenbuchauflage angeordnet werden?<\/strong><\/span><\/div><div class=\"uagb-faq-content\"><p>Eine Fahrtenbuchauflage kann angeordnet werden, wenn die Beh\u00f6rde den Fahrer nach einem Verkehrsversto\u00df trotz zumutbarer Ermittlungen nicht ermitteln kann.<\/p><\/div><\/div><div class=\"wp-block-uagb-faq-child uagb-faq-child__outer-wrap uagb-faq-item uagb-block-630213a2 \" role=\"tab\" tabindex=\"0\"><div class=\"uagb-faq-questions-button uagb-faq-questions\">\t\t\t<span class=\"uagb-icon uagb-faq-icon-wrap\">\n\t\t\t\t\t\t\t\t<svg xmlns=\"https:\/\/www.w3.org\/2000\/svg\" viewBox= \"0 0 448 512\"><path d=\"M432 256c0 17.69-14.33 32.01-32 32.01H256v144c0 17.69-14.33 31.99-32 31.99s-32-14.3-32-31.99v-144H48c-17.67 0-32-14.32-32-32.01s14.33-31.99 32-31.99H192v-144c0-17.69 14.33-32.01 32-32.01s32 14.32 32 32.01v144h144C417.7 224 432 238.3 432 256z\"><\/path><\/svg>\n\t\t\t\t\t\t\t<\/span>\n\t\t\t\t\t\t<span class=\"uagb-icon-active uagb-faq-icon-wrap\">\n\t\t\t\t\t\t\t\t<svg xmlns=\"https:\/\/www.w3.org\/2000\/svg\" viewBox= \"0 0 448 512\"><path d=\"M400 288h-352c-17.69 0-32-14.32-32-32.01s14.31-31.99 32-31.99h352c17.69 0 32 14.3 32 31.99S417.7 288 400 288z\"><\/path><\/svg>\n\t\t\t\t\t\t\t<\/span>\n\t\t\t<span class=\"uagb-question\"><strong>Reicht ein einmaliger Versto\u00df aus?<\/strong><\/span><\/div><div class=\"uagb-faq-content\"><p>Ja \u2013 sofern er erheblich ist, etwa bei Gef\u00e4hrdung oder N\u00f6tigung.<\/p><\/div><\/div><\/div>\n\n<div class=\"wp-block-uagb-faq uagb-faq__outer-wrap uagb-block-737c0530 uagb-faq-icon-row uagb-faq-layout-accordion uagb-faq-expand-first-true uagb-faq-inactive-other-true uagb-faq__wrap uagb-buttons-layout-wrap uagb-faq-equal-height     \" data-faqtoggle=\"true\" role=\"tablist\"><div class=\"wp-block-uagb-faq-child uagb-faq-child__outer-wrap uagb-faq-item uagb-block-25cab4c3 \" role=\"tab\" tabindex=\"0\"><div class=\"uagb-faq-questions-button uagb-faq-questions\">\t\t\t<span class=\"uagb-icon uagb-faq-icon-wrap\">\n\t\t\t\t\t\t\t\t<svg xmlns=\"https:\/\/www.w3.org\/2000\/svg\" viewBox= \"0 0 448 512\"><path d=\"M432 256c0 17.69-14.33 32.01-32 32.01H256v144c0 17.69-14.33 31.99-32 31.99s-32-14.3-32-31.99v-144H48c-17.67 0-32-14.32-32-32.01s14.33-31.99 32-31.99H192v-144c0-17.69 14.33-32.01 32-32.01s32 14.32 32 32.01v144h144C417.7 224 432 238.3 432 256z\"><\/path><\/svg>\n\t\t\t\t\t\t\t<\/span>\n\t\t\t\t\t\t<span class=\"uagb-icon-active uagb-faq-icon-wrap\">\n\t\t\t\t\t\t\t\t<svg xmlns=\"https:\/\/www.w3.org\/2000\/svg\" viewBox= \"0 0 448 512\"><path d=\"M400 288h-352c-17.69 0-32-14.32-32-32.01s14.31-31.99 32-31.99h352c17.69 0 32 14.3 32 31.99S417.7 288 400 288z\"><\/path><\/svg>\n\t\t\t\t\t\t\t<\/span>\n\t\t\t<span class=\"uagb-question\"><strong>Sch\u00fctzt das Zeugnisverweigerungsrecht vor einer Fahrtenbuchauflage?<\/strong><\/span><\/div><div class=\"uagb-faq-content\"><p>Das Zeugnisverweigerungsrecht kann vor einer Strafe sch\u00fctzen, vor einer Fahrtenbuchauflage jedoch nicht.<\/p><\/div><\/div><div class=\"wp-block-uagb-faq-child uagb-faq-child__outer-wrap uagb-faq-item uagb-block-fea0a6ed \" role=\"tab\" tabindex=\"0\"><div class=\"uagb-faq-questions-button uagb-faq-questions\">\t\t\t<span class=\"uagb-icon uagb-faq-icon-wrap\">\n\t\t\t\t\t\t\t\t<svg xmlns=\"https:\/\/www.w3.org\/2000\/svg\" viewBox= \"0 0 448 512\"><path d=\"M432 256c0 17.69-14.33 32.01-32 32.01H256v144c0 17.69-14.33 31.99-32 31.99s-32-14.3-32-31.99v-144H48c-17.67 0-32-14.32-32-32.01s14.33-31.99 32-31.99H192v-144c0-17.69 14.33-32.01 32-32.01s32 14.32 32 32.01v144h144C417.7 224 432 238.3 432 256z\"><\/path><\/svg>\n\t\t\t\t\t\t\t<\/span>\n\t\t\t\t\t\t<span class=\"uagb-icon-active uagb-faq-icon-wrap\">\n\t\t\t\t\t\t\t\t<svg xmlns=\"https:\/\/www.w3.org\/2000\/svg\" viewBox= \"0 0 448 512\"><path d=\"M400 288h-352c-17.69 0-32-14.32-32-32.01s14.31-31.99 32-31.99h352c17.69 0 32 14.3 32 31.99S417.7 288 400 288z\"><\/path><\/svg>\n\t\t\t\t\t\t\t<\/span>\n\t\t\t<span class=\"uagb-question\"><strong>Kann die Fahrtenbuchauflage auch Ersatzfahrzeuge betreffen?<\/strong><\/span><\/div><div class=\"uagb-faq-content\"><p>Ja, die Fahrtenbuchauflage kann nicht nur f\u00fcr ein einzelnes, sondern f\u00fcr alle Fahrzeuge verh\u00e4ngt werden, \u00fcber die der Halter die Verf\u00fcgungsgewalt hat.<\/p><\/div><\/div><\/div>\n\n\n<p><\/p>\n","protected":false},"excerpt":{"rendered":"<p>Dem Verfahren lag ein Vorfall zugrunde bei dem das Fahrzeug der Betroffenen auf der A70 durch grob verkehrswidriges Verhalten auffiel. <\/p>\n","protected":false},"author":7,"featured_media":57001,"comment_status":"closed","ping_status":"closed","sticky":false,"template":"","format":"standard","meta":{"_acf_changed":false,"_seopress_robots_primary_cat":"none","_seopress_titles_title":"","_seopress_titles_desc":"","_seopress_robots_index":"","_relevanssi_hide_post":"","_relevanssi_hide_content":"","_relevanssi_pin_for_all":"","_relevanssi_pin_keywords":"","_relevanssi_unpin_keywords":"","_relevanssi_related_keywords":"","_relevanssi_related_include_ids":"","_relevanssi_related_exclude_ids":"","_relevanssi_related_no_append":"","_relevanssi_related_not_related":"","_relevanssi_related_posts":"","_relevanssi_noindex_reason":"","_uag_custom_page_level_css":"","footnotes":""},"categories":[26],"tags":[],"class_list":["post-56989","post","type-post","status-publish","format-standard","has-post-thumbnail","hentry","category-aktuelles"],"acf":[],"uagb_featured_image_src":{"full":["https:\/\/voigt-alte-seite.dgwip.de\/wp-content\/uploads\/2026\/03\/Draengler.jpg",741,375,false],"thumbnail":["https:\/\/voigt-alte-seite.dgwip.de\/wp-content\/uploads\/2026\/03\/Draengler-150x150.jpg",150,150,true],"medium":["https:\/\/voigt-alte-seite.dgwip.de\/wp-content\/uploads\/2026\/03\/Draengler-300x152.jpg",300,152,true],"medium_large":["https:\/\/voigt-alte-seite.dgwip.de\/wp-content\/uploads\/2026\/03\/Draengler.jpg",741,375,false],"large":["https:\/\/voigt-alte-seite.dgwip.de\/wp-content\/uploads\/2026\/03\/Draengler.jpg",741,375,false],"1536x1536":["https:\/\/voigt-alte-seite.dgwip.de\/wp-content\/uploads\/2026\/03\/Draengler.jpg",741,375,false],"2048x2048":["https:\/\/voigt-alte-seite.dgwip.de\/wp-content\/uploads\/2026\/03\/Draengler.jpg",741,375,false]},"uagb_author_info":{"display_name":"henning.hammer","author_link":"https:\/\/voigt-alte-seite.dgwip.de\/?author=7"},"uagb_comment_info":0,"uagb_excerpt":"Dem Verfahren lag ein Vorfall zugrunde bei dem das Fahrzeug der Betroffenen auf der A70 durch grob verkehrswidriges Verhalten auffiel.","_links":{"self":[{"href":"https:\/\/voigt-alte-seite.dgwip.de\/index.php?rest_route=\/wp\/v2\/posts\/56989","targetHints":{"allow":["GET"]}}],"collection":[{"href":"https:\/\/voigt-alte-seite.dgwip.de\/index.php?rest_route=\/wp\/v2\/posts"}],"about":[{"href":"https:\/\/voigt-alte-seite.dgwip.de\/index.php?rest_route=\/wp\/v2\/types\/post"}],"author":[{"embeddable":true,"href":"https:\/\/voigt-alte-seite.dgwip.de\/index.php?rest_route=\/wp\/v2\/users\/7"}],"replies":[{"embeddable":true,"href":"https:\/\/voigt-alte-seite.dgwip.de\/index.php?rest_route=%2Fwp%2Fv2%2Fcomments&post=56989"}],"version-history":[{"count":21,"href":"https:\/\/voigt-alte-seite.dgwip.de\/index.php?rest_route=\/wp\/v2\/posts\/56989\/revisions"}],"predecessor-version":[{"id":57014,"href":"https:\/\/voigt-alte-seite.dgwip.de\/index.php?rest_route=\/wp\/v2\/posts\/56989\/revisions\/57014"}],"wp:featuredmedia":[{"embeddable":true,"href":"https:\/\/voigt-alte-seite.dgwip.de\/index.php?rest_route=\/wp\/v2\/media\/57001"}],"wp:attachment":[{"href":"https:\/\/voigt-alte-seite.dgwip.de\/index.php?rest_route=%2Fwp%2Fv2%2Fmedia&parent=56989"}],"wp:term":[{"taxonomy":"category","embeddable":true,"href":"https:\/\/voigt-alte-seite.dgwip.de\/index.php?rest_route=%2Fwp%2Fv2%2Fcategories&post=56989"},{"taxonomy":"post_tag","embeddable":true,"href":"https:\/\/voigt-alte-seite.dgwip.de\/index.php?rest_route=%2Fwp%2Fv2%2Ftags&post=56989"}],"curies":[{"name":"wp","href":"https:\/\/api.w.org\/{rel}","templated":true}]}}