{"id":57060,"date":"2026-03-30T16:09:01","date_gmt":"2026-03-30T14:09:01","guid":{"rendered":"https:\/\/voigt-alte-seite.dgwip.de\/?p=57060"},"modified":"2026-04-01T19:39:34","modified_gmt":"2026-04-01T17:39:34","slug":"ostern-naht-was-gilt-im-verkehrsrecht-und-bei-unfaellen","status":"publish","type":"post","link":"https:\/\/voigt-alte-seite.dgwip.de\/?p=57060","title":{"rendered":"Ostern naht!"},"content":{"rendered":"\n<p><\/p>\n\n\n\n<p>Wir nehmen dies zum Anlass, exemplarisch einige Aspekte zu thematisieren, die typischerweise mit dem Osterreiseverkehr verbunden sind.<\/p>\n\n\n\n<h2 class=\"wp-block-heading\">Rettungsgasse: Pflichten und Sanktionen<\/h2>\n\n\n\n<p>Da es speziell um die Feiertage immer wieder zu Staus kommt, soll hier auf die Bedeutung der Rettungsgasse, die verpflichtend ausserorts und auf Autobahnen zu bilden ist (vgl. BayObLG, Beschl. v. 26.09.2023, <a href=\"https:\/\/www.gesetze-bayern.de\/Content\/Document\/Y-300-Z-BECKRS-B-2023-N-31055\" target=\"_blank\" rel=\"noreferrer noopener\">Az. 201 ObOWi 971\/23<\/a>), hingewiesen werden.&nbsp;<\/p>\n\n\n\n<p>In <a href=\"https:\/\/www.gesetze-im-internet.de\/stvo_2013\/__11.html\" target=\"_blank\" rel=\"noreferrer noopener\">\u00a7 11 Abs. 2 StVO<\/a> hei\u00dft es:<\/p>\n\n\n\n<p><em>\u201eSobald Fahrzeuge auf Autobahnen sowie auf Au\u00dferortsstra\u00dfen mit mindestens zwei Fahrstreifen f\u00fcr eine Richtung mit Schrittgeschwindigkeit fahren oder sich die Fahrzeuge im Stillstand befinden, m\u00fcssen diese Fahrzeuge f\u00fcr die Durchfahrt von Polizei- und Hilfsfahrzeugen zwischen dem \u00e4u\u00dferst linken und dem unmittelbar rechts daneben liegenden Fahrstreifen f\u00fcr eine Richtung eine freie Gasse bilden.\u201c<\/em><\/p>\n\n\n\n<p>Wer dagegen verst\u00f6\u00dft, also entweder keine <a href=\"https:\/\/voigt-alte-seite.dgwip.de\/?s=Rettungsgasse\" target=\"_blank\" rel=\"noreferrer noopener\">Rettungsgasse<\/a> bildet oder eine solche widerrechtlich nutzt, um selbst schneller voranzukommen, muss mit einer Geldbu\u00dfe von 200 \u2013 320\u202f\u20ac sowie einem Monat Fahrverbot und zwei Punkten im <a href=\"https:\/\/voigt-alte-seite.dgwip.de\/stichworte\/ordnungswidrigkeitenrecht\/fahreignungsregister-faer-2\/\" target=\"_blank\" rel=\"noreferrer noopener\">Fahreignungsregister<\/a> rechnen. Ob das Verhalten tats\u00e4chlich zu einer Behinderung gef\u00fchrt hat, ist dabei irrelevant.<\/p>\n\n\n\n<h2 class=\"wp-block-heading\">F\u00fchrerschein, Umtauschpflicht, Fahrerlaubnis<\/h2>\n\n\n\n<p>Ein weiterer&nbsp;Aspekt ist, dass wer seine Fahrerlaubnis zwischen 1999 und 2021 erworben hat, seinen F\u00fchrerschein bis zum 19.01.2026 umgetauscht haben sollte. Wer dies noch nicht getan hat, ist zwar vielfach nicht ohne g\u00fcltige Fahrerlaubnis unterwegs. Das Fahren mit einem alten F\u00fchrerschein ist nicht gleichbedeutend mit dem Verlust der Fahrerlaubnis. Es handelt sich lediglich um eine <a href=\"https:\/\/voigt-alte-seite.dgwip.de\/stichworte\/ordnungswidrigkeitenrecht\/ordnungswidrigkeit\/\" target=\"_blank\" rel=\"noreferrer noopener\">Ordnungswidrigkeit<\/a>, die mit einem <a href=\"https:\/\/voigt-alte-seite.dgwip.de\/stichworte\/ordnungswidrigkeitenrecht\/bussgeld\/\" target=\"_blank\" rel=\"noreferrer noopener\">Bu\u00dfgeld <\/a>von 10\u202f\u20ac geahndet werden kann.<\/p>\n\n\n\n<h2 class=\"wp-block-heading\"><strong>F\u00fchrt ein abgelaufener F\u00fchrerschein zum Verlust der Fahrerlaubnis?<\/strong><\/h2>\n\n\n\n<p>Wichtig ist die Unterscheidung zwischen dem Ablauf des Dokuments und dem Erl\u00f6schen der Fahrerlaubnis. Bei Pkws bleibt die Fahrerlaubnis bestehen, wenn nur das Dokument abgelaufen ist. Bei Fahrzeugen \u00fcber 7,5 Tonnen Gesamtgewicht ist das Ablaufdatum des <a href=\"https:\/\/voigt-alte-seite.dgwip.de\/stichworte\/verkehr-recht\/fuehrerschein\/\" target=\"_blank\" rel=\"noreferrer noopener\">F\u00fchrerscheins<\/a> jedoch auch mit dem Erl\u00f6schen der Fahrerlaubnis verbunden.<\/p>\n\n\n\n<h2 class=\"wp-block-heading\"><strong>Die Klasse entscheidet<\/strong><\/h2>\n\n\n\n<p>Dies betrifft die <a href=\"https:\/\/voigt-alte-seite.dgwip.de\/stichworte\/ordnungswidrigkeitenrecht\/fahrerlaubnisklassen\/\" target=\"_blank\" rel=\"noreferrer noopener\">Fahrerlaubnisklassen<\/a> C1, C1E, C, CE, D1, D1E, D und DE. Hier ist das Ablaufdatum relevant. Diese Klassen werden befristet, h\u00f6chstens jedoch f\u00fcr f\u00fcnf Jahre, erteilt. Nach Ablauf dieser Frist erl\u00f6schen sowohl das Dokument als auch die Fahrerlaubnis. Grundlage f\u00fcr die Bemessung der Geltungsdauer ist das Datum, an dem die Fahrerlaubnisbeh\u00f6rde den Auftrag zur Herstellung des F\u00fchrerscheins erteilt.<\/p>\n\n\n\n<p>Da das Fahren ohne g\u00fcltige Fahrerlaubnis \u2013 unabh\u00e4ngig von der Fahrzeugklasse &#8211; als Straftat gewertet wird, die mit einer Freiheitsstrafe bis zu einem Jahr oder einer Geldstrafe geahndet werden (<a href=\"https:\/\/www.gesetze-im-internet.de\/stvg\/__21.html\" target=\"_blank\" rel=\"noreferrer noopener\">\u00a7 21 StVG<\/a>) kann, sollten insbesondere die Fahrer von <a href=\"https:\/\/voigt-alte-seite.dgwip.de\/?s=Wohnmobil\" target=\"_blank\" rel=\"noreferrer noopener\">Wohnmobilen<\/a> das Ablaufdatum ihrer Fahrerlaubnis im Auge behalten. Es ist auf der R\u00fcckseite des F\u00fchrerscheins in Spalte 11 vermerkt.<\/p>\n\n\n\n<figure class=\"wp-block-image size-large\"><img loading=\"lazy\" decoding=\"async\" width=\"1024\" height=\"974\" src=\"https:\/\/voigt-alte-seite.dgwip.de\/wp-content\/uploads\/2026\/03\/Rueckseite-Fuehrerschein-1024x974.png\" alt=\"F\u00fchrerschein mit verschiedenen Fahrzeugklassen und G\u00fcltigkeitsdaten.\" class=\"wp-image-57074\" srcset=\"https:\/\/voigt-alte-seite.dgwip.de\/wp-content\/uploads\/2026\/03\/Rueckseite-Fuehrerschein-1024x974.png 1024w, https:\/\/voigt-alte-seite.dgwip.de\/wp-content\/uploads\/2026\/03\/Rueckseite-Fuehrerschein-300x285.png 300w, https:\/\/voigt-alte-seite.dgwip.de\/wp-content\/uploads\/2026\/03\/Rueckseite-Fuehrerschein-768x731.png 768w, https:\/\/voigt-alte-seite.dgwip.de\/wp-content\/uploads\/2026\/03\/Rueckseite-Fuehrerschein.png 1194w\" sizes=\"auto, (max-width: 1024px) 100vw, 1024px\" \/><\/figure>\n\n\n\n<p>Fahrer von <a href=\"https:\/\/voigt-alte-seite.dgwip.de\/verkehr-recht\/wie-schnell-duerfen-wohnmobile-fahren\/\" target=\"_blank\" rel=\"noreferrer noopener\">gro\u00dfen Wohnmobilen<\/a> oder Fahrzeugkombinationen sollten beachten, dass eine Verl\u00e4ngerung der <a href=\"https:\/\/voigt-alte-seite.dgwip.de\/stichworte\/ordnungswidrigkeitenrecht\/fahrerlaubnisklassen\/\" target=\"_blank\" rel=\"noreferrer noopener\">Fahrerlaubnisklassen<\/a> C, C1, CE, C1E, D, D1, DE und D1E&nbsp;nur dann \u00fcber die Vollendung des 50. Lebensjahres hinaus erfolgen kann, wenn der Inhaber der Fahrerlaubnis seine Eignung nach Ma\u00dfgabe der <a href=\"https:\/\/www.gesetze-im-internet.de\/fev_2010\/anlage_5.html\" target=\"_blank\" rel=\"noreferrer noopener\">Anlage 5 zur Fahrerlaubnisverordnung<\/a> nachweist.<\/p>\n\n\n\n<h2 class=\"wp-block-heading\"><strong>Unfall mit einem ausl\u00e4ndischen Fahrzeug<\/strong><\/h2>\n\n\n\n<p>Unabh\u00e4ngig davon, ob sich der Unfall im europ\u00e4ischen In- oder Ausland ereignet hat, gilt das sogenannte Tatortprinzip der &#8220;Verordnung \u00fcber das auf au\u00dfervertragliche Schuldverh\u00e4ltnisse anzuwendende Recht&#8221; (Art. 4 <a href=\"https:\/\/eur-lex.europa.eu\/legal-content\/DE\/TXT\/PDF\/?uri=CELEX:32007R0864\" target=\"_blank\" rel=\"noreferrer noopener\">Rom II-VO<\/a>): Sowohl die Haftung als auch die Konsequenzen richten sich nach dem Recht des Unfallorts.<\/p>\n\n\n\n<p>Die Vorgaben des europ\u00e4ischen Rechts (<a href=\"https:\/\/eur-lex.europa.eu\/eli\/dir\/2009\/103\/oj\/eng\" target=\"_blank\" rel=\"noreferrer noopener\">RL 2009\/103\/EG<\/a>) gew\u00e4hrleisten somit, dass die <a href=\"https:\/\/voigt-alte-seite.dgwip.de\/?s=Haftpflichtversicherung\" target=\"_blank\" rel=\"noreferrer noopener\">Haftpflichtversicherung <\/a>des ausl\u00e4ndischen Fahrzeugs auch im Inland Sch\u00e4den abdeckt und der Gesch\u00e4digte einen vergleichbaren Schutz genie\u00dft.<\/p>\n\n\n\n<p>F\u00fcr einen <a href=\"https:\/\/voigt-alte-seite.dgwip.de\/?s=Verkehrsunfall\" target=\"_blank\" rel=\"noreferrer noopener\">Verkehrsunfall<\/a> mit einem ausl\u00e4ndischen Fahrzeug in Deutschland gelten daher die Haftungsregeln des deutschen Stra\u00dfenverkehrsrechts. Dies sind insbesondere <a href=\"https:\/\/www.gesetze-im-internet.de\/stvg\/__7.html\" target=\"_blank\" rel=\"noreferrer noopener\">\u00a7 7<\/a>, <a href=\"https:\/\/www.gesetze-im-internet.de\/stvg\/__17.html\" target=\"_blank\" rel=\"noreferrer noopener\">\u00a7 17 StVG<\/a> f\u00fcr die Halterhaftung und <a href=\"https:\/\/www.gesetze-im-internet.de\/bgb\/__823.html\" target=\"_blank\" rel=\"noreferrer noopener\">\u00a7 823 BGB<\/a> f\u00fcr deliktische Anspr\u00fcche.<\/p>\n\n\n\n<p>Halter ausl\u00e4ndischer Fahrzeuge haften daher grunds\u00e4tzlich f\u00fcr alle Sch\u00e4den, die beim Betrieb seines Fahrzeugs verursacht werden. Dies umfasst sowohl Personen- als auch Sach- und Verm\u00f6gens-sch\u00e4den. Die Haftung ist durch die Pflichtversicherung des Fahrzeugs gedeckt. Gesch\u00e4digte haben zwar einen Direktanspruch&nbsp;gegen den ausl\u00e4ndischen Haftpflichtversicherer (<a href=\"https:\/\/www.gesetze-im-internet.de\/vvg_2008\/__115.html\" target=\"_blank\" rel=\"noreferrer noopener\">\u00a7 115 VVG<\/a>). Die Entsch\u00e4digung ist allerdings nur bis zur H\u00f6he der gesetzlichen Mindestdeckungssumme garantiert.<\/p>\n\n\n\n<p>Dar\u00fcber hinaus besteht keine Einstandspflicht, weshalb ein Gesch\u00e4digter sich hinsichtlich des Differenzbetrags direkt an den Sch\u00e4diger halten und seine Anspr\u00fcche ggf. im Ausland durchsetzen muss (vgl. EuGH, Urt. v. 24.10.2013, <a href=\"https:\/\/infocuria.curia.europa.eu\/tabs\/affair?sort=AFF_NUM-DESC&amp;searchTerm=%22C-277%2F12%22&amp;publishedId=C-277%2F12\" target=\"_blank\" rel=\"noreferrer noopener\">Az. C-277\/12<\/a>).<\/p>\n\n\n\n<h2 class=\"wp-block-heading\"><strong>Wie erfolgt die Schadenregulierung?<\/strong><\/h2>\n\n\n\n<p>Zun\u00e4chst gilt, dass auch hier nichts dem Zufall \u00fcberlassen werden und die Geltendmachung des Schadens einem Anwalt \u00fcbertragen werden sollte. <\/p>\n\n\n\n<p>In der Regel erfolgt die Regulierung \u00fcber den Schadenregulierungsbeauftragten des ausl\u00e4ndischen Versicherers. Falls dieser nicht reagiert, k\u00f6nnen die Anspr\u00fcche gem\u00e4\u00df <a href=\"https:\/\/www.gesetze-im-internet.de\/pflvg\/__15.html\" target=\"_blank\" rel=\"noreferrer noopener\">\u00a7 15 PflVG<\/a> beim Deutschen B\u00fcro Gr\u00fcne Karte geltend gemacht werden. Entsprechend den oben geschilderten Grunds\u00e4tzen, pr\u00fcft und reguliert das B\u00fcro den Anspruch dann nach deutschem Recht.<\/p>\n\n\n\n<h2 class=\"wp-block-heading\"><strong>Was gilt f\u00fcr Sch\u00e4den im Ausland?<\/strong><\/h2>\n\n\n\n<p>Die oben beschriebenen Regeln gelten quasi im europ\u00e4ischen Ausland spiegelbildlich. Auch bei einem <a href=\"https:\/\/voigt-alte-seite.dgwip.de\/aktuelles\/wenn-es-im-urlaub-scheppert-was-bei-auslandsunfaellen-zu-beachten-ist\/\" target=\"_blank\" rel=\"noreferrer noopener\">Auslandsunfall<\/a> erfolgt die Regulierung in der Regel \u00fcber das nationale Versicherungsb\u00fcro des Unfalllandes (\u201eGr\u00fcne Karte\u201c-System). Wie das <a href=\"https:\/\/voigt-alte-seite.dgwip.de\/stichworte\/versicherungsrecht\/deutsches-buero-gruene-karte\/\" target=\"_blank\" rel=\"noreferrer noopener\">Deutsche B\u00fcro Gr\u00fcne Karte<\/a>, dient &#8211; bei einem Unfall mit Auslandsbezug im Bereich des <a href=\"https:\/\/voigt-alte-seite.dgwip.de\/stichworte\/unfallschadenregulierung\/gruene-karte\/\" target=\"_blank\" rel=\"noreferrer noopener\">Abkommens Gr\u00fcne Karte<\/a> &#8211; das jeweilige nationale B\u00fcro als Ansprechpartner.<\/p>\n\n\n\n<p>Hilfsweise k\u00f6nnen die Anspr\u00fcche auch bei der Entsch\u00e4digungsstelle des Wohnsitzstaates (<a href=\"https:\/\/www.gesetze-im-internet.de\/pflvg\/__15.html\" target=\"_blank\" rel=\"noreferrer noopener\">\u00a7 15 PflVG<\/a>, Art. 24 <a href=\"https:\/\/eur-lex.europa.eu\/legal-content\/DE\/TXT\/PDF\/?uri=CELEX:32009L0103\" target=\"_blank\" rel=\"noreferrer noopener\">RL 2009\/103\/EG<\/a>) geltend gemacht werden. Sollte es bei der Abwicklung zu Problemen kommen, kann ein Gesch\u00e4digter den ausl\u00e4ndischen Versicherer grunds\u00e4tzlich auch an seinem Wohnsitz verklagen (<a href=\"https:\/\/eur-lex.europa.eu\/LexUriServ\/LexUriServ.do?uri=OJ:L:2012:351:0001:0032:de:PDF\" target=\"_blank\" rel=\"noreferrer noopener\">Art. 11 Br\u00fcssel Ia-VO<\/a>).<\/p>\n\n\n\n<h2 class=\"wp-block-heading\"><strong>Vorsicht Falle!<\/strong><\/h2>\n\n\n\n<p>Da das Tatortprinzip zur Anwendung des Rechts des Unfallorts f\u00fchrt, richten sich auch die Entsch\u00e4digungsanspr\u00fcche nach dessen Regeln. Die Folge ist, dass die Anspr\u00fcche von denen in Deutschland abweichen und die Mindestdeckungssumme der Versicherung des Unfallverursachers unter Umst\u00e4nden nicht ausreicht, um den Schaden vollst\u00e4ndig zu ersetzen. Wer mit seinem Fahrzeug ins Ausland f\u00e4hrt, ist daher gut beraten, wenn er sich mit einem sogenannten \u201eAuslandschadenschutz\u201c gegen eine zu niedrige Deckungssumme eines etwaigen Unfallgegners absichert.<\/p>\n\n\n\n<p>Wer im Ausland einen Mietwagen nutzen m\u00f6chte, sollte zudem \u00fcber eine \u201eMallorca-Police\u201c nachdenken. Diese dient zwar nicht der Absicherung eigener Anspr\u00fcche. Bei einem schuldhaft verursachten Unfall, z.B. mit einem Mietwagen, der nur mit einer niedrigen Mindestdeckung versichert ist, sichert sie jedoch gegen Anspr\u00fcche der&nbsp;Gegenseite ab, wenn diese h\u00f6her sind als die Mindestdeckung.<\/p>\n\n\n\n<h2 class=\"wp-block-heading\">Fazit<\/h2>\n\n\n\n<p>Die Rechtslage im Stra\u00dfenverkehr wird komplexer und die Sanktionen werden strenger. Das gilt auch f\u00fcr die Durchsetzung berechtigter Anspr\u00fcche&nbsp;nach einem <a href=\"https:\/\/voigt-alte-seite.dgwip.de\/?s=Verkehrsunfall\" target=\"_blank\" rel=\"noreferrer noopener\">Verkehrsunfall<\/a>.<\/p>\n\n\n\n<p>Sollten Sie daher \u2013 unabh\u00e4ngig von der Osterzeit &#8211; in einen Verkehrsunfall mit einem in- oder ausl\u00e4ndischen Fahrzeug verwickelt worden sein, achten Sie bei der Schadenregulierung darauf, dass nur leckere Eier in Ihrem Nest liegen!<\/p>\n\n\n\n<p><a href=\"https:\/\/voigt-alte-seite.dgwip.de\/kontakt\/\" target=\"_blank\" rel=\"noreferrer noopener\">Kontaktieren Sie uns!<\/a><\/p>\n\n\n\n<p><a href=\"https:\/\/voigt-alte-seite.dgwip.de\/kontakt\/\" target=\"_blank\" rel=\"noreferrer noopener\">Voigt regelt!<\/a><\/p>\n\n\n\n<p><\/p>\n","protected":false},"excerpt":{"rendered":"<p>Ostern, die Sommerferien oder die Weihnachtszeit geh\u00f6ren aufgrund der Reiseverkehrs traditionell nicht nur zu den verkehrs- sondern zugleich auch -bu\u00dfgeld- und unfalltr\u00e4chtigsten Zeiten des Jahres.\u00a0<\/p>\n","protected":false},"author":7,"featured_media":57080,"comment_status":"closed","ping_status":"closed","sticky":false,"template":"","format":"standard","meta":{"_acf_changed":false,"_seopress_robots_primary_cat":"none","_seopress_titles_title":"Osterzeit ist Reisezeit! Wichtige Tipps f\u00fcr den Osterreiseverkehr!","_seopress_titles_desc":"Vermeiden Sie Osterstress: Wichtiges zur Rettungsgasse, zu F\u00fchrerschein und Fahrerlaubnis  sowie zu Unf\u00e4llen im In- und Ausland.","_seopress_robots_index":"","_relevanssi_hide_post":"","_relevanssi_hide_content":"","_relevanssi_pin_for_all":"","_relevanssi_pin_keywords":"","_relevanssi_unpin_keywords":"","_relevanssi_related_keywords":"","_relevanssi_related_include_ids":"","_relevanssi_related_exclude_ids":"","_relevanssi_related_no_append":"","_relevanssi_related_not_related":"","_relevanssi_related_posts":"","_relevanssi_noindex_reason":"","_uag_custom_page_level_css":"","footnotes":""},"categories":[26],"tags":[],"class_list":["post-57060","post","type-post","status-publish","format-standard","has-post-thumbnail","hentry","category-aktuelles"],"acf":[],"uagb_featured_image_src":{"full":["https:\/\/voigt-alte-seite.dgwip.de\/wp-content\/uploads\/2026\/03\/IMG_2032.png",1264,843,false],"thumbnail":["https:\/\/voigt-alte-seite.dgwip.de\/wp-content\/uploads\/2026\/03\/IMG_2032-150x150.png",150,150,true],"medium":["https:\/\/voigt-alte-seite.dgwip.de\/wp-content\/uploads\/2026\/03\/IMG_2032-300x200.png",300,200,true],"medium_large":["https:\/\/voigt-alte-seite.dgwip.de\/wp-content\/uploads\/2026\/03\/IMG_2032-768x512.png",768,512,true],"large":["https:\/\/voigt-alte-seite.dgwip.de\/wp-content\/uploads\/2026\/03\/IMG_2032-1024x683.png",1024,683,true],"1536x1536":["https:\/\/voigt-alte-seite.dgwip.de\/wp-content\/uploads\/2026\/03\/IMG_2032.png",1264,843,false],"2048x2048":["https:\/\/voigt-alte-seite.dgwip.de\/wp-content\/uploads\/2026\/03\/IMG_2032.png",1264,843,false]},"uagb_author_info":{"display_name":"henning.hammer","author_link":"https:\/\/voigt-alte-seite.dgwip.de\/?author=7"},"uagb_comment_info":0,"uagb_excerpt":"Ostern, die Sommerferien oder die Weihnachtszeit geh\u00f6ren aufgrund der Reiseverkehrs traditionell nicht nur zu den verkehrs- sondern zugleich auch -bu\u00dfgeld- und unfalltr\u00e4chtigsten Zeiten des Jahres.\u00a0","_links":{"self":[{"href":"https:\/\/voigt-alte-seite.dgwip.de\/index.php?rest_route=\/wp\/v2\/posts\/57060","targetHints":{"allow":["GET"]}}],"collection":[{"href":"https:\/\/voigt-alte-seite.dgwip.de\/index.php?rest_route=\/wp\/v2\/posts"}],"about":[{"href":"https:\/\/voigt-alte-seite.dgwip.de\/index.php?rest_route=\/wp\/v2\/types\/post"}],"author":[{"embeddable":true,"href":"https:\/\/voigt-alte-seite.dgwip.de\/index.php?rest_route=\/wp\/v2\/users\/7"}],"replies":[{"embeddable":true,"href":"https:\/\/voigt-alte-seite.dgwip.de\/index.php?rest_route=%2Fwp%2Fv2%2Fcomments&post=57060"}],"version-history":[{"count":20,"href":"https:\/\/voigt-alte-seite.dgwip.de\/index.php?rest_route=\/wp\/v2\/posts\/57060\/revisions"}],"predecessor-version":[{"id":57116,"href":"https:\/\/voigt-alte-seite.dgwip.de\/index.php?rest_route=\/wp\/v2\/posts\/57060\/revisions\/57116"}],"wp:featuredmedia":[{"embeddable":true,"href":"https:\/\/voigt-alte-seite.dgwip.de\/index.php?rest_route=\/wp\/v2\/media\/57080"}],"wp:attachment":[{"href":"https:\/\/voigt-alte-seite.dgwip.de\/index.php?rest_route=%2Fwp%2Fv2%2Fmedia&parent=57060"}],"wp:term":[{"taxonomy":"category","embeddable":true,"href":"https:\/\/voigt-alte-seite.dgwip.de\/index.php?rest_route=%2Fwp%2Fv2%2Fcategories&post=57060"},{"taxonomy":"post_tag","embeddable":true,"href":"https:\/\/voigt-alte-seite.dgwip.de\/index.php?rest_route=%2Fwp%2Fv2%2Ftags&post=57060"}],"curies":[{"name":"wp","href":"https:\/\/api.w.org\/{rel}","templated":true}]}}