{"id":57552,"date":"2026-04-23T09:38:11","date_gmt":"2026-04-23T07:38:11","guid":{"rendered":"https:\/\/voigt-alte-seite.dgwip.de\/?p=57552"},"modified":"2026-04-29T17:32:07","modified_gmt":"2026-04-29T15:32:07","slug":"bei-einer-schlechten-dellenreparatur-traegt-der-schaediger-das-risiko","status":"publish","type":"post","link":"https:\/\/voigt-alte-seite.dgwip.de\/?p=57552","title":{"rendered":"Bei einer schlechten Dellenreparatur tr\u00e4gt der Sch\u00e4diger das Risiko!"},"content":{"rendered":"\n<p><\/p>\n\n\n\n<h3 class=\"wp-block-heading\"><strong>Sachverhalt<\/strong><\/h3>\n\n\n\n<p>Nach einem Verkehrsunfall beauftragte der Gesch\u00e4digte einen gewerblichen Smart\u2011Repair\u2011Betrieb damit, die Dellen an dem unfallbesch\u00e4digten, von ihm geleasten Fahrzeug zu beseitigen. Die Kosten daf\u00fcr betrugen 350\u202fEuro.<\/p>\n\n\n\n<p>Bei der R\u00fcckgabe des Fahrzeugs stellten sich die Arbeiten allerdings als mangelhaft heraus. Ein Kfz-Fachbetrieb musste daher nacharbeiten und den Schaden sach- und fachgerecht beheben. Hierf\u00fcr fielen weitere Reparaturkosten in H\u00f6he von mehr als 3.500 Euro an. Als Laie konnte der Gesch\u00e4digte die schlechte Qualit\u00e4t der Arbeiten des Smart-Repair-Betriebs nicht erkennen.<\/p>\n\n\n\n<p>Da der Haftpflichtversicherer des Sch\u00e4digers diese Kosten nur teilweise \u00fcbernehmen wollte, stellte sich die Frage, wer das Risiko der fehlgeschlagenen Reparatur zu tragen hatte.<\/p>\n\n\n\n<h3 class=\"wp-block-heading\"><strong>Das Werkstattrisiko tr\u00e4gt der Sch\u00e4diger<\/strong><\/h3>\n\n\n\n<p>F\u00fcr das OLG Brandenburg gab es keinen Zweifel: Der Gesch\u00e4digte hatte gem\u00e4\u00df <a href=\"https:\/\/www.gesetze-im-internet.de\/bgb\/__249.html\" target=\"_blank\" rel=\"noreferrer noopener\">\u00a7 249 Abs. 2 Satz 1 BGB<\/a> Anspruch auf den Ersatz <strong>beider Reparaturrechnungen<\/strong>.<\/p>\n\n\n\n<p>Das Gericht begr\u00fcndete dies damit, dass das <strong>Werkstattrisiko<\/strong> \u2013 also das Risiko einer mangelhaften, unwirtschaftlichen oder erfolglosen Reparatur \u2013 der gefestigten Rechtsprechung zufolge, dem Sch\u00e4diger und nicht dem Gesch\u00e4digten zuzuordnen ist.<\/p>\n\n\n\n<h3 class=\"wp-block-heading\"><strong>Wichtige Entscheidungen zum Werkstattrisiko<\/strong><\/h3>\n\n\n\n<ul class=\"wp-block-list\">\n<li><strong>B<strong>GH, Urteil vom 12.03.2024,\u00a0<a href=\"https:\/\/www.bundesgerichtshof.de\/SharedDocs\/Entscheidungen\/DE\/Zivilsenate\/VI_ZS\/2022\/VI_ZR_280-22.pdf?__blob=publicationFile&amp;v=1\" target=\"_blank\" rel=\"noreferrer noopener\">Az. VI ZR 280\/22<\/a><\/strong><\/strong><br>Werkstattrisiko \/ Prognoserisiko bei Sachverst\u00e4ndigenkosten <\/li>\n\n\n\n<li><strong>BGH, Urteil vom 16.01.2024, <a href=\"https:\/\/www.bundesgerichtshof.de\/SharedDocs\/Entscheidungen\/DE\/Zivilsenate\/VI_ZS\/2022\/VI_ZR_253-22.pdf?__blob=publicationFile&amp;v=1\" target=\"_blank\" rel=\"noreferrer noopener\">Az. VI ZR 253\/22<\/a><\/strong><br>Ersatzf\u00e4higkeit auch \u00fcberh\u00f6hter Reparaturkosten ohne Auswahlverschulden<\/li>\n\n\n\n<li><strong>BGH, Urteil vom 16.01.2024, <a href=\"https:\/\/www.bundesgerichtshof.de\/SharedDocs\/Entscheidungen\/DE\/Zivilsenate\/VI_ZS\/2023\/VI_ZR__51-23.pdf?__blob=publicationFile&amp;v=1\" target=\"_blank\" rel=\"noreferrer noopener\">Az. VI ZR 51\/23<\/a><\/strong><br>Grunds\u00e4tzliches Vertrauen des Gesch\u00e4digten in die Fachkompetenz der Werkstatt<\/li>\n\n\n\n<li><strong>BGH, Urteil vom 22.04.2022, <a href=\"https:\/\/www.bundesgerichtshof.de\/SharedDocs\/Entscheidungen\/DE\/Zivilsenate\/VI_ZS\/2021\/VI_ZR_147-21.pdf?__blob=publicationFile&amp;v=1\" target=\"_blank\" rel=\"noreferrer noopener\">Az. VI ZR 147\/21<\/a><\/strong><br>Werkstattrisiko liegt beim Sch\u00e4diger, auch bei noch unbezahlter Rechnung<\/li>\n\n\n\n<li><strong><strong>BGH, Urteil vom 29.10.1974, <a href=\"https:\/\/research.wolterskluwer-online.de\/document\/7605f54c-0e19-4161-8587-59b136ce381f\" target=\"_blank\" rel=\"noreferrer noopener\">Az. VI ZR 42\/73<\/a><\/strong> <\/strong><br>Grundsatzentscheidung zum Werkstattrisiko<\/li>\n\n\n\n<li><strong><strong><strong>AG Geestland, Urteil vom 09.02.2026, Az. 3 C 212\/25<\/strong> <\/strong><\/strong><br>Werkstattrisiko bei <a href=\"https:\/\/voigt-alte-seite.dgwip.de\/stichworte\/unfallschadenregulierung\/reparaturablaufplan\/\" target=\"_blank\" rel=\"noreferrer noopener\">Reparaturablaufplan<\/a>kosten<\/li>\n<\/ul>\n\n\n\n<h3 class=\"wp-block-heading\"><strong>Die ex\u2011ante\u2011Sicht des Gesch\u00e4digten entscheidet!<\/strong><\/h3>\n\n\n\n<p>Konkret kam es darauf an, ob<\/p>\n\n\n\n<ul class=\"wp-block-list\">\n<li>der Gesch\u00e4digte die gew\u00e4hlte Reparaturma\u00dfnahme <strong>im Vorhinein<\/strong> f\u00fcr geeignet halten durfte und<\/li>\n\n\n\n<li>ihm bei der Auswahl der Werkstatt <strong><a href=\"https:\/\/voigt-alte-seite.dgwip.de\/stichworte\/versicherungsrecht\/grobe-fahrlaessigkeit\/\" target=\"_blank\" rel=\"noreferrer noopener\">grobe Fahrl\u00e4ssigkeit<\/a><\/strong> vorgeworfen werden konnte.<\/li>\n<\/ul>\n\n\n\n<p>Nach durchgef\u00fchrter Beweisaufnahme verneinte das OLG Brandenburg beide Aspekte. Die Beauftragung eines gewerblichen Smart\u2011Repair\u2011Betriebs zur Beseitigung von Dellensch\u00e4den sei als solche weder von vornherein ungeeignet gewesen, noch sei dem Gesch\u00e4digten ein grob fahrl\u00e4ssiges Auswahlverschulden anzulasten.<\/p>\n\n\n\n<p>Hinzu kam, dass das Gericht die <strong>Erforderlichkeit s\u00e4mtlicher Reparaturpositionen<\/strong> der Fachwerkstatt best\u00e4tigte. Dies galt ausdr\u00fccklich auch f\u00fcr die Neukalibrierung der Fahrassistenzsysteme, die nach dem Abbau des Sto\u00dff\u00e4ngers im Zuge der Neulackierung zwingend erforderlich geworden war.<\/p>\n\n\n\n<h3 class=\"wp-block-heading\"><strong>Fazit<\/strong><\/h3>\n\n\n\n<p>Das Urteil f\u00fcgt sich nahtlos in die gefestigte h\u00f6chst- und instanzgerichtliche Rechtsprechung zum Werkstattrisiko ein.<\/p>\n\n\n\n<p>Der Bundesgerichtshof hat mehrfach klargestellt, dass Reparaturkosten selbst dann <strong>vollumf\u00e4nglich ersatzf\u00e4hig<\/strong> bleiben, wenn sie infolge unsachgem\u00e4\u00dfer oder unwirtschaftlicher Werkstattarbeit \u00fcberh\u00f6ht erscheinen \u2013 <strong>sofern<\/strong> den Gesch\u00e4digten weder ein Auswahl\u2011 noch ein \u00dcberwachungsverschulden trifft.<\/p>\n\n\n\n<p>Wenn Sie nach einem Verkehrsunfall Diskussionen mit dem Haftpflichtversicherer \u00fcber Reparaturkosten und Werkstattrisiken vermeiden wollen, <a href=\"https:\/\/voigt-alte-seite.dgwip.de\/kontakt\" target=\"_blank\" rel=\"noreferrer noopener\">kontaktieren Sie uns fr\u00fchzeitig!<\/a><\/p>\n\n\n\n<p><strong><a href=\"https:\/\/voigt-alte-seite.dgwip.de\/voigt-regler\" target=\"_blank\" rel=\"noreferrer noopener\">Voigt regelt!<\/a><\/strong><\/p>\n\n\n\n<p><\/p>\n","protected":false},"excerpt":{"rendered":"<p>Mit einem Urteil vom 06.01.2026 hat das Oberlandesgericht Brandenburg (OLG) die Rechte von Unfallgesch\u00e4digten weiter gest\u00e4rkt: Misslingt eine beauftragte Reparatur, muss der Sch\u00e4diger bzw. dessen Haftpflichtversicherer auch die Kosten einer Folgereparatur vollst\u00e4ndig ersetzen.<\/p>\n","protected":false},"author":7,"featured_media":57557,"comment_status":"closed","ping_status":"closed","sticky":false,"template":"","format":"standard","meta":{"_acf_changed":false,"_seopress_robots_primary_cat":"none","_seopress_titles_title":"Das Werkstattrisiko tr\u00e4gt der Sch\u00e4diger!","_seopress_titles_desc":"Das OLG Brandenburg (Urteil 06.01.2026, Az. 6 U 109\/24) st\u00e4rkt die Position von Unfallgesch\u00e4digten: Das Werkstattrisiko tr\u00e4gt der Sch\u00e4diger \u2013 auch bei fehlgeschlagener Erstreparatur.","_seopress_robots_index":"","_relevanssi_hide_post":"","_relevanssi_hide_content":"","_relevanssi_pin_for_all":"","_relevanssi_pin_keywords":"","_relevanssi_unpin_keywords":"","_relevanssi_related_keywords":"","_relevanssi_related_include_ids":"","_relevanssi_related_exclude_ids":"","_relevanssi_related_no_append":"","_relevanssi_related_not_related":"","_relevanssi_related_posts":"","_relevanssi_noindex_reason":"","_uag_custom_page_level_css":"","footnotes":""},"categories":[26],"tags":[356],"class_list":["post-57552","post","type-post","status-publish","format-standard","has-post-thumbnail","hentry","category-aktuelles","tag-unfallschadenregulierung"],"acf":[],"uagb_featured_image_src":{"full":["https:\/\/voigt-alte-seite.dgwip.de\/wp-content\/uploads\/2026\/04\/Dellendruecker.png",1536,1024,false],"thumbnail":["https:\/\/voigt-alte-seite.dgwip.de\/wp-content\/uploads\/2026\/04\/Dellendruecker-150x150.png",150,150,true],"medium":["https:\/\/voigt-alte-seite.dgwip.de\/wp-content\/uploads\/2026\/04\/Dellendruecker-300x200.png",300,200,true],"medium_large":["https:\/\/voigt-alte-seite.dgwip.de\/wp-content\/uploads\/2026\/04\/Dellendruecker-768x512.png",768,512,true],"large":["https:\/\/voigt-alte-seite.dgwip.de\/wp-content\/uploads\/2026\/04\/Dellendruecker-1024x683.png",1024,683,true],"1536x1536":["https:\/\/voigt-alte-seite.dgwip.de\/wp-content\/uploads\/2026\/04\/Dellendruecker.png",1536,1024,false],"2048x2048":["https:\/\/voigt-alte-seite.dgwip.de\/wp-content\/uploads\/2026\/04\/Dellendruecker.png",1536,1024,false]},"uagb_author_info":{"display_name":"henning.hammer","author_link":"https:\/\/voigt-alte-seite.dgwip.de\/?author=7"},"uagb_comment_info":0,"uagb_excerpt":"Mit einem Urteil vom 06.01.2026 hat das Oberlandesgericht Brandenburg (OLG) die Rechte von Unfallgesch\u00e4digten weiter gest\u00e4rkt: Misslingt eine beauftragte Reparatur, muss der Sch\u00e4diger bzw. dessen Haftpflichtversicherer auch die Kosten einer Folgereparatur vollst\u00e4ndig ersetzen.","_links":{"self":[{"href":"https:\/\/voigt-alte-seite.dgwip.de\/index.php?rest_route=\/wp\/v2\/posts\/57552","targetHints":{"allow":["GET"]}}],"collection":[{"href":"https:\/\/voigt-alte-seite.dgwip.de\/index.php?rest_route=\/wp\/v2\/posts"}],"about":[{"href":"https:\/\/voigt-alte-seite.dgwip.de\/index.php?rest_route=\/wp\/v2\/types\/post"}],"author":[{"embeddable":true,"href":"https:\/\/voigt-alte-seite.dgwip.de\/index.php?rest_route=\/wp\/v2\/users\/7"}],"replies":[{"embeddable":true,"href":"https:\/\/voigt-alte-seite.dgwip.de\/index.php?rest_route=%2Fwp%2Fv2%2Fcomments&post=57552"}],"version-history":[{"count":17,"href":"https:\/\/voigt-alte-seite.dgwip.de\/index.php?rest_route=\/wp\/v2\/posts\/57552\/revisions"}],"predecessor-version":[{"id":57572,"href":"https:\/\/voigt-alte-seite.dgwip.de\/index.php?rest_route=\/wp\/v2\/posts\/57552\/revisions\/57572"}],"wp:featuredmedia":[{"embeddable":true,"href":"https:\/\/voigt-alte-seite.dgwip.de\/index.php?rest_route=\/wp\/v2\/media\/57557"}],"wp:attachment":[{"href":"https:\/\/voigt-alte-seite.dgwip.de\/index.php?rest_route=%2Fwp%2Fv2%2Fmedia&parent=57552"}],"wp:term":[{"taxonomy":"category","embeddable":true,"href":"https:\/\/voigt-alte-seite.dgwip.de\/index.php?rest_route=%2Fwp%2Fv2%2Fcategories&post=57552"},{"taxonomy":"post_tag","embeddable":true,"href":"https:\/\/voigt-alte-seite.dgwip.de\/index.php?rest_route=%2Fwp%2Fv2%2Ftags&post=57552"}],"curies":[{"name":"wp","href":"https:\/\/api.w.org\/{rel}","templated":true}]}}