{"id":6517,"date":"2020-11-26T06:00:00","date_gmt":"2020-11-26T04:00:00","guid":{"rendered":"https:\/\/www2.etl.de\/aktuelles\/corona-bedingter-mehraufwand-ist-auch-bei-wiederbeschaffung-zu-erstatten\/"},"modified":"2022-08-29T09:17:00","modified_gmt":"2022-08-29T09:17:00","slug":"corona-bedingter-mehraufwand-ist-auch-bei-wiederbeschaffung-zu-erstatten","status":"publish","type":"post","link":"https:\/\/voigt-alte-seite.dgwip.de\/?p=6517","title":{"rendered":"Corona-bedingter Mehraufwand ist auch bei Wiederbeschaffung zu erstatten!"},"content":{"rendered":"<p>Die Corona-Pandemie macht sich im Schaden- und Werkstattgesch\u00e4ft nicht nur bei den Reinigungs- und Desinfektionskosten bemerkbar. Einem aktuellen Urteil des AG Wolfsburg (Az. 23 C 48\/20 vom 12.10.2020) zufolge, k\u00f6nnen sowohl die Wiederbeschaffungsdauer als auch die Dauer der Inanspruchnahme eines Mietwagens den im Gutachten angegebenen Zeitraum \u00fcberschreiten, wenn das Gutachten die Auswirkungen der Corona-Krise nicht ber\u00fccksichtigt hat.<\/p>\n<p><strong>Was war passiert?<\/strong><\/p>\n<p>Nach einem unverschuldeten Unfall lies der Gesch\u00e4digte sein Fahrzeug von einem Sachverst\u00e4ndigen begutachten. Dieser stellte einen Totalschaden fest und veranschlagte die Wiederbeschaffungsdauer mit 11 Tagen. Da die Autoh\u00e4user Corona-bedingt geschlossen hatten, nahm die Ersatzbeschaffung allerdings etwas mehr als einen Monat in Anspruch und der Gesch\u00e4digte mietete das Ersatzfahrzeug f\u00fcr eben diesen Zeitraum an. Die Kosten verlangte er vom Versicherer erstattet. Dieser stellte jedoch nicht nur die H\u00f6he der Rechnung in Frage, sondern bestritt &#8211; trotz des vermutlich vorhandenen Wissens um die Corona-bedingten Besonderheiten und die Schlie\u00dfungsanordnungen &#8211; auch die Notwendigkeit der l\u00e4nger andauernden Anmietung. Der Gesch\u00e4digten musste seine Anspr\u00fcche daher beim Amtsgericht Wolfsburg im Klagewege geltend machen. Das Gericht korrigierte die Tagess\u00e4tze der Mietwagenkosten zwar moderat nach unten. In den entscheidenden Punkten gab es der Klage aber vollumf\u00e4nglich statt.<\/p>\n<p><strong>Der Privatmarkt bei der Ersatzbeschaffung keine Rolle!<\/strong><\/p>\n<p>Hinsichtlich der, durch die Schlie\u00dfungsanordnung verursachten l\u00e4ngeren Anmietung, bekr\u00e4ftigte das AG Wolfsburg den Grundsatz, wonach Gesch\u00e4digte weder nach n\u00e4chstbeste Fahrzeug akzeptieren noch sich darauf verweisen lassen m\u00fcssen, <q>ein Ersatzfahrzeug auf dem Privatmarkt, ggf. unter Ausschluss jeglicher Gew\u00e4hrleistung und mit den allgemein bekannten Risiken, zu erwerben.<\/q> In der Begr\u00fcndung f\u00fchrte es aus, Gesch\u00e4digte k\u00f6nnten schlie\u00dflich nichts daf\u00fcr, wenn ihr Fahrzeug schwer besch\u00e4digt, nicht mehr fahrbereit und eine Reparatur unverh\u00e4ltnism\u00e4\u00dfig teuer sei. In Hinblick auf die Besonderheiten der Corona-Pandemie machte es klar, dass es angemessen bewertet werden muss, wenn es einem Gesch\u00e4digter &#8211; aufgrund deren Auswirkungen &#8211; erst nach einem Monat gelingt, ein vern\u00fcnftiges Ersatzfahrzeug zu beschaffen.<\/p>\n<p><strong>Haftungsreduzierungen rechtfertigen keinen Abschlag!<\/strong><\/p>\n<p>Im Gegensatz zu dem Versicherer, vertrat das Gericht zudem die Auffassung, dass die von dem Gesch\u00e4digten im Rahmen der Anmietung vereinbarte Haftungsreduzierung nicht geeignet sei, um einen 20-prozentigen Abschlag vorzunehmen. Da ein Gesch\u00e4digter &#8211; insbesondere nach einem unverschuldeten Unfall &#8211; bei der Anmietung eines Ersatzfahrzeugs ein berechtigtes Interesse habe, sich von der Haftung f\u00fcr von ihm zu vertretende Besch\u00e4digungen desselben zu befreien, m\u00fcsse der entsch\u00e4digungspflichtige Versicherer auch diese Kosten zu \u00fcbernehmen.<\/p>\n<p><strong>Zusammenfassung<\/strong><\/p>\n<p>Das Urteil zeigt einmal mehr, dass Leistungsverweigerungen oder K\u00fcrzungen des entsch\u00e4digungspflichtigen Versicherers nicht widerspruchslos hingenommen werden sollten. Selbst wenn der geltend gemachte Anspruch nicht vollumf\u00e4nglich zugesprochen werden sollte, hat die Erfahrung gezeigt, dass der zugesprochene Teil den Aufwand rechtfertigt.<\/p>\n<p>Sprechen Sie mit uns, wenn der gegnerische Versicherer Ihre Anspr\u00fcche willk\u00fcrlich oder aus nicht nachvollziehbaren Gr\u00fcnden k\u00fcrzt. Die Anw\u00e4lte der ETL-Kanzlei Voigt stehen an Ihrer Seite!<\/p>\n<p>&nbsp;<\/p>\n","protected":false},"excerpt":{"rendered":"<p>Urteil des Amtsgerichts Wolfsburg vom 12.10.2020, Az. 23 C 48\/20<\/p>\n","protected":false},"author":1,"featured_media":0,"comment_status":"closed","ping_status":"closed","sticky":false,"template":"","format":"standard","meta":{"_acf_changed":false,"_seopress_robots_primary_cat":"","_seopress_titles_title":"","_seopress_titles_desc":"","_seopress_robots_index":"","_relevanssi_hide_post":"","_relevanssi_hide_content":"","_relevanssi_pin_for_all":"","_relevanssi_pin_keywords":"","_relevanssi_unpin_keywords":"","_relevanssi_related_keywords":"","_relevanssi_related_include_ids":"","_relevanssi_related_exclude_ids":"","_relevanssi_related_no_append":"","_relevanssi_related_not_related":"","_relevanssi_related_posts":"","_relevanssi_noindex_reason":"","_uag_custom_page_level_css":"","footnotes":""},"categories":[26],"tags":[356],"class_list":["post-6517","post","type-post","status-publish","format-standard","hentry","category-aktuelles","tag-unfallschadenregulierung"],"acf":[],"uagb_featured_image_src":{"full":false,"thumbnail":false,"medium":false,"medium_large":false,"large":false,"1536x1536":false,"2048x2048":false},"uagb_author_info":{"display_name":"fx-admin","author_link":"https:\/\/voigt-alte-seite.dgwip.de\/?author=1"},"uagb_comment_info":0,"uagb_excerpt":"Urteil des Amtsgerichts Wolfsburg vom 12.10.2020, Az. 23 C 48\/20","_links":{"self":[{"href":"https:\/\/voigt-alte-seite.dgwip.de\/index.php?rest_route=\/wp\/v2\/posts\/6517","targetHints":{"allow":["GET"]}}],"collection":[{"href":"https:\/\/voigt-alte-seite.dgwip.de\/index.php?rest_route=\/wp\/v2\/posts"}],"about":[{"href":"https:\/\/voigt-alte-seite.dgwip.de\/index.php?rest_route=\/wp\/v2\/types\/post"}],"author":[{"embeddable":true,"href":"https:\/\/voigt-alte-seite.dgwip.de\/index.php?rest_route=\/wp\/v2\/users\/1"}],"replies":[{"embeddable":true,"href":"https:\/\/voigt-alte-seite.dgwip.de\/index.php?rest_route=%2Fwp%2Fv2%2Fcomments&post=6517"}],"version-history":[{"count":1,"href":"https:\/\/voigt-alte-seite.dgwip.de\/index.php?rest_route=\/wp\/v2\/posts\/6517\/revisions"}],"predecessor-version":[{"id":38056,"href":"https:\/\/voigt-alte-seite.dgwip.de\/index.php?rest_route=\/wp\/v2\/posts\/6517\/revisions\/38056"}],"wp:attachment":[{"href":"https:\/\/voigt-alte-seite.dgwip.de\/index.php?rest_route=%2Fwp%2Fv2%2Fmedia&parent=6517"}],"wp:term":[{"taxonomy":"category","embeddable":true,"href":"https:\/\/voigt-alte-seite.dgwip.de\/index.php?rest_route=%2Fwp%2Fv2%2Fcategories&post=6517"},{"taxonomy":"post_tag","embeddable":true,"href":"https:\/\/voigt-alte-seite.dgwip.de\/index.php?rest_route=%2Fwp%2Fv2%2Ftags&post=6517"}],"curies":[{"name":"wp","href":"https:\/\/api.w.org\/{rel}","templated":true}]}}