{"id":6993,"date":"2020-09-06T06:00:00","date_gmt":"2020-09-06T04:00:00","guid":{"rendered":"https:\/\/www2.etl.de\/aktuelles\/wenn-der-sparzwang-teuer-wird\/"},"modified":"2024-03-07T11:52:57","modified_gmt":"2024-03-07T10:52:57","slug":"wenn-der-sparzwang-teuer-wird","status":"publish","type":"post","link":"https:\/\/voigt-alte-seite.dgwip.de\/?p=6993","title":{"rendered":"Wenn der Sparzwang teuer wird"},"content":{"rendered":"\n<p>Doch wer haftet, wenn die (fehlerhafte) Einsch\u00e4tzung des Sachverst\u00e4ndigen zu einer mangelhaften Reparatur und damit zu einem weiteren Schaden f\u00fchrt? Mit dieser Frage musste sich der Bundesgerichtshof befassen.<\/p>\n\n\n\n<h2 class=\"wp-block-heading\"><strong>Ohne (K\u00fchlwasser)Deckel f\u00e4hrt\u00b4s sich schlecht!<\/strong><\/h2>\n\n\n\n<p>Eine Fahrzeugeigent\u00fcmerin lie\u00df an ihrem Wagen einen sogenannten <q>Tankwartcheck<\/q> bei einer Tankstelle durchf\u00fchren. Dabei verga\u00df der Tankstellenmitarbeiter den Deckel des K\u00fchlwasserausgleichsbeh\u00e4lters wieder aufzuschrauben. Dadurch wurde der Zylinderkopf des Motors besch\u00e4digt und die Fahrzeugeigent\u00fcmerin machte den entstandenen Schaden beim Betriebshaftpflichtversicherer der Tankstelle geltend.<\/p>\n\n\n\n<p>Der Wagenwurde zur \u00dcberpr\u00fcfung und Reparatur in eine Werkstatt gebracht und ein beim Versicherer angestellter <a href=\"https:\/\/voigt-alte-seite.dgwip.de\/stichworte\/unfallschadenregulierung\/sachverstaendiger\/\" target=\"_blank\" rel=\"noreferrer noopener\">Kfz-Sachverst\u00e4ndiger<\/a> hinzugezogen. Nach der Begutachtung stellte der Sachverst\u00e4ndige fest, dass zus\u00e4tzlich zu den Arbeiten am Zylinderkopf auch der Zahnriemen auszutauschen sei. Auf den Hinweis der Werkstatt hin, dass auch die die Nebenaggregate antreibenden Zusatzriemen auszutauschen seien, vertrat der Sachverst\u00e4ndige die Auffassung, <q><em>dies sei unn\u00f6tig und w\u00fcrde lediglich die Kosten in die H\u00f6he treiben.<\/em><\/q><\/p>\n\n\n\n<h2 class=\"wp-block-heading\">Wer Zahnriemen tauscht, der muss auch Zusatzriemen tauschen!<\/h2>\n\n\n\n<p>Die Werkstatt reparierte das Fahrzeug gem\u00e4\u00df den Vorgaben des Sachverst\u00e4ndigen (ohne Zusatzriemen). Infolge des unterbliebenen Austauschs der Zusatzriemen entstand bei einer Fahrt mit dem reparierten Fahrzeug ein wirtschaftlicher Totalschaden. Den Schaden machte die Eigent\u00fcmerin gegen die Werkstatt und den Sachverst\u00e4ndigen gerichtlich geltend.<\/p>\n\n\n\n<p>Das zun\u00e4chst angerufene Amtsgericht (AG) D\u00fcsseldorf gab der Eigent\u00fcmerin mit Urteil vom 31.08.2018 (<a href=\"https:\/\/www.justiz.nrw.de\/nrwe\/lgs\/duesseldorf\/ag_duesseldorf\/j2018\/25_C_379_17_Urteil_20180831.html\" data-type=\"link\" data-id=\"https:\/\/www.justiz.nrw.de\/nrwe\/lgs\/duesseldorf\/ag_duesseldorf\/j2018\/25_C_379_17_Urteil_20180831.html\" target=\"_blank\" rel=\"noreferrer noopener\">Az. 25 C 379\/17<\/a>) Recht. Damit wollte sich der Sachverst\u00e4ndige nicht zufrieden geben und ging in Berufung. Das Landgericht (LG) D\u00fcsseldorf sah die Angelegenheit als erledigt an, weil die Werkstatt die Anspr\u00fcche zwischenzeitlich beglichen hatte, und wies die Berufung des Sachverst\u00e4ndigen zur\u00fcck (Urt. v. 24.06.2019, Az. 22 S 281\/18). Der Sachverst\u00e4ndige legte Revision zum BGH ein, aber auch diese wurde zur\u00fcckgewiesen.<\/p>\n\n\n\n<p><\/p>\n\n\n\n<h2 class=\"wp-block-heading\"><strong>Die Entscheidung des BGH<\/strong><\/h2>\n\n\n\n<p>Der BGH teilte die Auffassung des&nbsp;Landgerichts, dass die Angelegenheit durch die Zahlung der Werkstatt erledigt sei. Im Grunde sei der Anspruch gegen den Sachverst\u00e4ndigen aber begr\u00fcndet, denn er &#8220;<q><em>habe durch sein Handeln, n\u00e4mlich seine Erkl\u00e4rung gegen\u00fcber dem Werkunternehmer, die Erneuerung der Zusatzantriebsriemen sei \u00fcberfl\u00fcssig, das Unterbleiben dieser Ma\u00dfnahme veranlasst, was zu dem Eintritt des Motorschadens gef\u00fchrt habe.<\/em><\/q>&#8220;<\/p>\n\n\n\n<p>Auch dass die Werkstatt trotz ihres&nbsp;Einwands,&nbsp;dass die Reparatur der Zusatzriemen erforderlich gewesen sei, die Reparatur nicht durchgef\u00fchrt habe, stand der Haftung des Sachverst\u00e4ndigen nicht entgegen. &#8220;<q><em>Der Zurechnungszusammenhang sei nicht durch das Dazwischentreten des Werkunternehmers unterbrochen worden, da der Beklagte als Kfz-Sachverst\u00e4ndiger, dem besonderes Expertenwissen zugemessen werde, die mangelhafte Reparatur durch den Werkunternehmer herausgefordert habe.&#8221;<\/em><\/q> Ohne die Einsch\u00e4tzung des Sachverst\u00e4ndigen, dass die Arbeiten \u00fcberfl\u00fcssig seien, h\u00e4tte die Werkstatt die Arbeiten durchgef\u00fchrt.<\/p>\n\n\n\n<h2 class=\"wp-block-heading\"><strong>Praxistipp<\/strong><\/h2>\n\n\n\n<p>Versicherer wollen sparen. Oftmals werden daher Sch\u00e4den klein gerechnet oder Arbeiten als nicht erforderlich eingestuft. In vielen F\u00e4llen betrifft es Positionen wie <a href=\"https:\/\/voigt-alte-seite.dgwip.de\/stichworte\/unfallschadenregulierung\/beilackierung\/\" target=\"_blank\" rel=\"noreferrer noopener\">Beilackierungskosten<\/a> f\u00fcr den Farbangleich der Karosserie an neu eingesetzte Teile oder Kleinteilen. Doch wie dieser Fall zeigt, k\u00f6nnen Spartrieb und Einsparungen an falscher Stelle folgenschwere Konsequenzen und teurere Sch\u00e4den nach sich ziehen. <\/p>\n\n\n\n<p><a href=\"https:\/\/voigt-alte-seite.dgwip.de\/kontakt\/\" data-type=\"link\" data-id=\"https:\/\/voigt-alte-seite.dgwip.de\/kontakt\/\" target=\"_blank\" rel=\"noreferrer noopener\">Kontaktieren sie uns daher fr\u00fchzeitig!<\/a><\/p>\n\n\n\n<p><a href=\"https:\/\/voigt-alte-seite.dgwip.de\/voigt-regler\/\" data-type=\"link\" data-id=\"https:\/\/voigt-alte-seite.dgwip.de\/voigt-regler\/\" target=\"_blank\" rel=\"noreferrer noopener\">Voigt regelt!<\/a><\/p>\n\n\n\n<p><\/p>\n\n\n\n<p style=\"font-size:12px\">Bildnachweis: Mike Bird \/ Pexels<\/p>\n","protected":false},"excerpt":{"rendered":"<p>Wer gesch\u00e4digt wird, macht den entstandenen Schaden beim Versicherer des Sch\u00e4digers geltend. Nicht selten werden dabei Schadenspositionen als nicht notwendig erachtet und die Schadensersatzleistung gek\u00fcrzt. Grundlage daf\u00fcr bieten bei Unfallsch\u00e4den h\u00e4ufig vom Versicherer eingeholte, sogenannte Pr\u00fcfberichte. Gelegentlich wird tats\u00e4chlich auch ein Sachverst\u00e4ndiger hinzugezogen. <\/p>\n","protected":false},"author":1,"featured_media":47951,"comment_status":"closed","ping_status":"closed","sticky":false,"template":"","format":"standard","meta":{"_acf_changed":false,"_seopress_robots_primary_cat":"none","_seopress_titles_title":"","_seopress_titles_desc":"","_seopress_robots_index":"","_relevanssi_hide_post":"","_relevanssi_hide_content":"","_relevanssi_pin_for_all":"","_relevanssi_pin_keywords":"","_relevanssi_unpin_keywords":"","_relevanssi_related_keywords":"","_relevanssi_related_include_ids":"","_relevanssi_related_exclude_ids":"","_relevanssi_related_no_append":"","_relevanssi_related_not_related":"","_relevanssi_related_posts":"9949,6935,9375,9549,9645,10029","_relevanssi_noindex_reason":"","_uag_custom_page_level_css":"","footnotes":""},"categories":[26],"tags":[361],"class_list":["post-6993","post","type-post","status-publish","format-standard","has-post-thumbnail","hentry","category-aktuelles","tag-bgh-urteil"],"acf":[],"uagb_featured_image_src":{"full":["https:\/\/voigt-alte-seite.dgwip.de\/wp-content\/uploads\/2020\/09\/pexels-mike-bird-190574.jpg",1066,600,false],"thumbnail":["https:\/\/voigt-alte-seite.dgwip.de\/wp-content\/uploads\/2020\/09\/pexels-mike-bird-190574-150x150.jpg",150,150,true],"medium":["https:\/\/voigt-alte-seite.dgwip.de\/wp-content\/uploads\/2020\/09\/pexels-mike-bird-190574-300x169.jpg",300,169,true],"medium_large":["https:\/\/voigt-alte-seite.dgwip.de\/wp-content\/uploads\/2020\/09\/pexels-mike-bird-190574-768x432.jpg",768,432,true],"large":["https:\/\/voigt-alte-seite.dgwip.de\/wp-content\/uploads\/2020\/09\/pexels-mike-bird-190574-1024x576.jpg",1024,576,true],"1536x1536":["https:\/\/voigt-alte-seite.dgwip.de\/wp-content\/uploads\/2020\/09\/pexels-mike-bird-190574.jpg",1066,600,false],"2048x2048":["https:\/\/voigt-alte-seite.dgwip.de\/wp-content\/uploads\/2020\/09\/pexels-mike-bird-190574.jpg",1066,600,false]},"uagb_author_info":{"display_name":"fx-admin","author_link":"https:\/\/voigt-alte-seite.dgwip.de\/?author=1"},"uagb_comment_info":0,"uagb_excerpt":"Wer gesch\u00e4digt wird, macht den entstandenen Schaden beim Versicherer des Sch\u00e4digers geltend. Nicht selten werden dabei Schadenspositionen als nicht notwendig erachtet und die Schadensersatzleistung gek\u00fcrzt. Grundlage daf\u00fcr bieten bei Unfallsch\u00e4den h\u00e4ufig vom Versicherer eingeholte, sogenannte Pr\u00fcfberichte. Gelegentlich wird tats\u00e4chlich auch ein Sachverst\u00e4ndiger hinzugezogen.","_links":{"self":[{"href":"https:\/\/voigt-alte-seite.dgwip.de\/index.php?rest_route=\/wp\/v2\/posts\/6993","targetHints":{"allow":["GET"]}}],"collection":[{"href":"https:\/\/voigt-alte-seite.dgwip.de\/index.php?rest_route=\/wp\/v2\/posts"}],"about":[{"href":"https:\/\/voigt-alte-seite.dgwip.de\/index.php?rest_route=\/wp\/v2\/types\/post"}],"author":[{"embeddable":true,"href":"https:\/\/voigt-alte-seite.dgwip.de\/index.php?rest_route=\/wp\/v2\/users\/1"}],"replies":[{"embeddable":true,"href":"https:\/\/voigt-alte-seite.dgwip.de\/index.php?rest_route=%2Fwp%2Fv2%2Fcomments&post=6993"}],"version-history":[{"count":11,"href":"https:\/\/voigt-alte-seite.dgwip.de\/index.php?rest_route=\/wp\/v2\/posts\/6993\/revisions"}],"predecessor-version":[{"id":47961,"href":"https:\/\/voigt-alte-seite.dgwip.de\/index.php?rest_route=\/wp\/v2\/posts\/6993\/revisions\/47961"}],"wp:featuredmedia":[{"embeddable":true,"href":"https:\/\/voigt-alte-seite.dgwip.de\/index.php?rest_route=\/wp\/v2\/media\/47951"}],"wp:attachment":[{"href":"https:\/\/voigt-alte-seite.dgwip.de\/index.php?rest_route=%2Fwp%2Fv2%2Fmedia&parent=6993"}],"wp:term":[{"taxonomy":"category","embeddable":true,"href":"https:\/\/voigt-alte-seite.dgwip.de\/index.php?rest_route=%2Fwp%2Fv2%2Fcategories&post=6993"},{"taxonomy":"post_tag","embeddable":true,"href":"https:\/\/voigt-alte-seite.dgwip.de\/index.php?rest_route=%2Fwp%2Fv2%2Ftags&post=6993"}],"curies":[{"name":"wp","href":"https:\/\/api.w.org\/{rel}","templated":true}]}}