{"id":8175,"date":"2020-03-23T23:00:00","date_gmt":"2020-03-23T21:00:00","guid":{"rendered":"https:\/\/www2.etl.de\/aktuelles\/gilt-zusatzschild-an-schultagen-auch-bei-schulschliessungen-aufgrund-von-corona\/"},"modified":"2022-08-29T09:17:35","modified_gmt":"2022-08-29T09:17:35","slug":"gilt-zusatzschild-an-schultagen-auch-bei-schulschliessungen-aufgrund-von-corona","status":"publish","type":"post","link":"https:\/\/voigt-alte-seite.dgwip.de\/?p=8175","title":{"rendered":"Gilt Zusatzschild <q>an Schultagen<\/q> auch bei Schulschlie\u00dfungen aufgrund von Corona?"},"content":{"rendered":"<p><q>Mo-Fr 8-16 Uhr<\/q>, <q>an Sonn- und Feiertagen<\/q> oder <q>werktags<\/q>: Geschwindigkeitsbeschr\u00e4nkungen mit Zusatzschildern f\u00fchren h\u00e4ufig zu Verwirrungen. Dass <q>Mo-Fr<\/q> &#8211; auch mit dem Zusatz <q>Schule<\/q> &#8211; ebenfalls an Feiertagen gilt, die auf einen Wochentag fallen, hat das Oberlandesgericht (OLG) Brandenburg mit Beschluss vom 12.09.2019 (Az.: <a href=\"http:\/\/www.gerichtsentscheidungen.berlin-brandenburg.de\/jportal\/portal\/t\/279b\/bs\/10\/page\/sammlung.psml?pid=Dokumentanzeige&amp;showdoccase=1&amp;js_peid=Trefferliste&amp;documentnumber=1&amp;numberofresults=1&amp;fromdoctodoc=yes&amp;doc.id=KORE230272019&amp;doc.part=L&amp;doc.price=0.0#focuspoint\" target=\"_blank\" rel=\"noopener noreferrer\">(2 Z) 53 Ss-OWi 488\/19 (174\/19)<\/a>) klargestellt. Doch was gilt aktuell <q>an Schultagen<\/q>, wenn nicht Ferien oder Feiertage sind, sondern Schulen wegen des Corona-Viruses geschlossen bleiben?<\/p>\n<p><strong><q>An Schultagen<\/q> gilt jedenfalls nicht in den Ferien<\/strong><\/p>\n<p>Das Zusatzschild <q>an Schultagen<\/q>, das in manchen Bundesl\u00e4ndern zu finden ist, beschr\u00e4nkt die Geschwindigkeit nur an Schultagen. W\u00e4hrend der Ferien, ebenso wie an Feiertagen und am Wochenende, gelten diese Geschwindigkeitsbeschr\u00e4nkungen nicht. Damit unterscheidet sich die Regelung von der Beschilderung aus der Entscheidung des OLG Brandenburg. Dort war zwar neben dem Schild <q>Mo-Fr, 7-16 h<\/q> auch das Zusatzschild <q>Schule<\/q> angebracht.<\/p>\n<p>Das OLG Brandenburg hatte dabei bez\u00fcglich der Frage, ob die Geschwindigkeitsbegrenzung an Feiertagen nicht gelte, festgestellt, dass es <q><em>im Interesse der Verkehrssicherheit nicht dem einzelnen Verkehrsteilnehmer \u00fcberlassen bleiben darf, nach einer differenzierten Betrachtung selbst zu beurteilen, ob die Anordnung einer Geschwindigkeitsbegrenzung aufgrund der \u00f6rtlichen Besonderheiten auch f\u00fcr auf Wochentage fallende gesetzliche Feiertage sinnvoll ist und gelten soll<\/em><\/q>. Daher blieb die Geschwindigkeitsbeschr\u00e4nkung auch an einem Karfreitag wirksam.<\/p>\n<p><strong>Was gilt bei Schulschlie\u00dfungen aufgrund von COVID-19?<\/strong><\/p>\n<p>Das Zusatzschild <q>an Schultagen<\/q> beschr\u00e4nkt die G\u00fcltigkeit des Tempolimits lediglich auf die angegebenen Uhrzeiten an Schultagen. Au\u00dferhalb der Schulzeiten gilt die Geschwindigkeitsbeschr\u00e4nkung dagegen nicht. Der Zweck der Geschwindigkeitsbeschr\u00e4nkung dient dem Schutz der Schulkinder auf dem Weg zur Schule und nach Hause sowie zu m\u00f6glichen pausen- und Ausflugszeiten. W\u00e4hrend der Schulschlie\u00dfungen zur Einschr\u00e4nkung der \u00dcbertragung des SARS-CoV-2 findet grunds\u00e4tzlich kein Schulbetrieb statt, so dass die Geschwindigkeitsbeschr\u00e4nkung keine Geltung haben d\u00fcrfte.<\/p>\n<p>Nicht vergessen werden darf jedoch, dass eine Notbetreuung in der jeweiligen Schule&nbsp;nicht ausgeschlossen werden kann. Daher sollte der Autofahrer, der an einem derartigen Schild vorbeif\u00e4hrt, sicher sein, dass kein Schulbetrieb stattfindet. Im Zweifelsfall ist es sicherer sich an die Geschwindigkeitsbeschr\u00e4nkung zu halten.<\/p>\n<p><strong>Kanzlei Voigt Praxistipp<\/strong><\/p>\n<p>Zusatzschilder sollten eindeutig sein. <q>Mo-Fr<\/q> hei\u00dft tats\u00e4chlich Montag bis Freitag, unabh\u00e4ngig davon, ob ein Feiertag ist oder ein regul\u00e4rer Wochentag. <q>Werktags<\/q> schlie\u00dft zus\u00e4tzlich auch den Samstag mit ein &#8211; allerdings sind Sonn- und Feiertage nicht als Werktage zu werten. Das in manchen Bundesl\u00e4ndern vorzufindende Schild <q>an Schultagen<\/q> beschr\u00e4nkt die Geschwindigkeit nur an Tagen, an denen Schulbetrieb stattfindet &#8211; also nicht an Wochenenden, Feiertagen und in den Ferien.<\/p>\n<p>Sollten Sie dennoch ein Bu\u00dfgeldbescheid erhalten haben, kann sich eine \u00dcberpr\u00fcfung lohnen. Die erfahrenen Rechtsanw\u00e4lte der ETL Kanzlei Voigt stehen Ihnen gerne zur Seite. Und bleiben Sie gesund.<\/p>\n","protected":false},"excerpt":{"rendered":"<p>Mo-Fr 8-16 Uhr, an Sonn- und Feiertagen oder werktags: Geschwindigkeitsbeschr\u00e4nkungen mit Zusatzschildern f\u00fchren h\u00e4ufig zu Verwirrungen. Dass Mo-Fr &#8211; auch mit dem Zusatz Schule &#8211; ebenfalls an Feiertagen gilt, die auf einen Wochentag fallen, hat das Oberlandesgericht (OLG) Brandenburg mit Beschluss vom 12.09.2019 (Az.: (2 Z) 53 Ss-OWi 488\/19 (174\/19)) klargestellt. Doch was gilt aktuell [&hellip;]<\/p>\n","protected":false},"author":1,"featured_media":0,"comment_status":"closed","ping_status":"closed","sticky":false,"template":"","format":"standard","meta":{"_acf_changed":false,"_seopress_robots_primary_cat":"","_seopress_titles_title":"","_seopress_titles_desc":"","_seopress_robots_index":"","_relevanssi_hide_post":"","_relevanssi_hide_content":"","_relevanssi_pin_for_all":"","_relevanssi_pin_keywords":"","_relevanssi_unpin_keywords":"","_relevanssi_related_keywords":"","_relevanssi_related_include_ids":"","_relevanssi_related_exclude_ids":"","_relevanssi_related_no_append":"","_relevanssi_related_not_related":"","_relevanssi_related_posts":"","_relevanssi_noindex_reason":"","_uag_custom_page_level_css":"","footnotes":""},"categories":[1297],"tags":[404],"class_list":["post-8175","post","type-post","status-publish","format-standard","hentry","category-news","tag-verkehr-recht"],"acf":[],"uagb_featured_image_src":{"full":false,"thumbnail":false,"medium":false,"medium_large":false,"large":false,"1536x1536":false,"2048x2048":false},"uagb_author_info":{"display_name":"fx-admin","author_link":"https:\/\/voigt-alte-seite.dgwip.de\/?author=1"},"uagb_comment_info":0,"uagb_excerpt":"Mo-Fr 8-16 Uhr, an Sonn- und Feiertagen oder werktags: Geschwindigkeitsbeschr\u00e4nkungen mit Zusatzschildern f\u00fchren h\u00e4ufig zu Verwirrungen. Dass Mo-Fr &#8211; auch mit dem Zusatz Schule &#8211; ebenfalls an Feiertagen gilt, die auf einen Wochentag fallen, hat das Oberlandesgericht (OLG) Brandenburg mit Beschluss vom 12.09.2019 (Az.: (2 Z) 53 Ss-OWi 488\/19 (174\/19)) klargestellt. Doch was gilt aktuell&hellip;","_links":{"self":[{"href":"https:\/\/voigt-alte-seite.dgwip.de\/index.php?rest_route=\/wp\/v2\/posts\/8175","targetHints":{"allow":["GET"]}}],"collection":[{"href":"https:\/\/voigt-alte-seite.dgwip.de\/index.php?rest_route=\/wp\/v2\/posts"}],"about":[{"href":"https:\/\/voigt-alte-seite.dgwip.de\/index.php?rest_route=\/wp\/v2\/types\/post"}],"author":[{"embeddable":true,"href":"https:\/\/voigt-alte-seite.dgwip.de\/index.php?rest_route=\/wp\/v2\/users\/1"}],"replies":[{"embeddable":true,"href":"https:\/\/voigt-alte-seite.dgwip.de\/index.php?rest_route=%2Fwp%2Fv2%2Fcomments&post=8175"}],"version-history":[{"count":1,"href":"https:\/\/voigt-alte-seite.dgwip.de\/index.php?rest_route=\/wp\/v2\/posts\/8175\/revisions"}],"predecessor-version":[{"id":38160,"href":"https:\/\/voigt-alte-seite.dgwip.de\/index.php?rest_route=\/wp\/v2\/posts\/8175\/revisions\/38160"}],"wp:attachment":[{"href":"https:\/\/voigt-alte-seite.dgwip.de\/index.php?rest_route=%2Fwp%2Fv2%2Fmedia&parent=8175"}],"wp:term":[{"taxonomy":"category","embeddable":true,"href":"https:\/\/voigt-alte-seite.dgwip.de\/index.php?rest_route=%2Fwp%2Fv2%2Fcategories&post=8175"},{"taxonomy":"post_tag","embeddable":true,"href":"https:\/\/voigt-alte-seite.dgwip.de\/index.php?rest_route=%2Fwp%2Fv2%2Ftags&post=8175"}],"curies":[{"name":"wp","href":"https:\/\/api.w.org\/{rel}","templated":true}]}}