{"id":8203,"date":"2020-03-20T06:00:00","date_gmt":"2020-03-20T04:00:00","guid":{"rendered":"https:\/\/www2.etl.de\/aktuelles\/ausnahmen-von-lenk-und-ruhezeiten\/"},"modified":"2022-08-29T09:17:35","modified_gmt":"2022-08-29T09:17:35","slug":"ausnahmen-von-lenk-und-ruhezeiten","status":"publish","type":"post","link":"https:\/\/voigt-alte-seite.dgwip.de\/?p=8203","title":{"rendered":"Lenk und Ruhezeiten vor\u00fcbergehend ge\u00e4ndert!"},"content":{"rendered":"<p>Das Bundesministerium f\u00fcr Verkehr und&nbsp;digitale Infrastruktur hat f\u00fcr Deutschland eine vor\u00fcbergehende Ausnahme von den Sozialvorschriften im Stra\u00dfenverkehr im Falle von Versorgungsengp\u00e4ssen im Zusammenhang mit der Verbreitung des Coronavirus erlassen.<\/p>\n<p><strong>Wen betrifft die Ausnahme?<\/strong><\/p>\n<p>Die Ausnahme betrifft&nbsp;Fahrerinnen und Fahrer von Fahrzeugen, die im Werkverkehr oder im gewerblichen G\u00fcterkraftverkehr<\/p>\n<p>&#8211; Waren des t\u00e4glichen Bedarfs, insbesondere Lebens- und Futtermittel, zwischen Produktions-, Lager-, und Verkaufsst\u00e4tten;<\/p>\n<p>&#8211; G\u00fcter zur medizinischen Versorgung sowie zur Eingrenzung, Bek\u00e4mpfung und Bew\u00e4ltigung der SARS-Co V-2-Pandemie (insbesondere auch Produkte zur Analyse der Infektion, infektionsrelevante Schutzausr\u00fcstung, Desinfektionsmittel u.\u00e4.) oder<\/p>\n<p>-Treibstoffe<\/p>\n<p>bef\u00f6rdern.<\/p>\n<p><strong>Welche&nbsp;Abweichungen&nbsp;von den Sozialvorschriften im Stra\u00dfenverkehr sind zugelassen?<\/strong><\/p>\n<p>1.&nbsp;&nbsp;&nbsp; Abweichend von Artikel 6 Absatz 1 der <a href=\"https:\/\/eur-lex.europa.eu\/legal-content\/DE\/TXT\/HTML\/?uri=CELEX:32006R0561&amp;from=DE\" target=\"_blank\" rel=\"noopener noreferrer\">Verordnung (EG) Nr. 561\/2006<\/a> darf die t\u00e4gliche Lenkzeit h\u00f6chstens f\u00fcnfmal in der Woche auf zehn Stunden verl\u00e4ngert werden. Die Vorschriften des Artikels 6 Abs\u00e4tze 2 und 3 bleiben unber\u00fchrt.<\/p>\n<p>2.&nbsp;&nbsp;&nbsp; Abweichend von Artikel 8 Absatz 6 der Verordnung (EG) Nr. 561\/2006 kann ein Fahrer zwei aufeinanderfolgende reduzierte w\u00f6chentliche Ruhezeiten einlegen, sofern der Fahrer in vier jeweils aufeinanderfolgenden Wochen mindesten vier w\u00f6chentliche Ruhezeiten einlegt, von denen mindestens zwei regelm\u00e4\u00dfige w\u00f6chentliche Ruhezeiten sein m\u00fcssen. Wurden zwei reduzierte w\u00f6chentliche Ruhezeiten nacheinander eingelegt, ist die n\u00e4chste Ruhezeit &#8211; als Ausgleich f\u00fcr diese zwei reduzierten w\u00f6chentlichen Ruhezeiten &#8211; vor der darauffolgenden w\u00f6chentlichen Ruhezeit einzulegen.<\/p>\n<p><strong>Bestehen Ausnahmen auch in anderen L\u00e4ndern?<\/strong><\/p>\n<p>Die Bestimmungen zur VOR\u00dcBERGEHENDE(n) LOCKERUNG DER VORSCHRIFTEN \u00dcBER DIE LENKZEITEN &#8211; ARTIKEL 14 ABSATZ 2 DER VERORDNUNG (EG) NR. 561\/2006 k\u00f6nnen unter dem Link&nbsp;<a href=\"https:\/\/ec.europa.eu\/transport\/sites\/transport\/files\/temporary-relaxation-drivers.pdf\" target=\"_blank\" title=\"Opens internal link in current window\" rel=\"noopener noreferrer\">TEMPORARY RELAXATION OF DRIVERS&#8217; HOURS RULES &#8211; ARTICLE 14(2) OF REGULATION (EC) NO 561\/2006)&nbsp;<\/a>&nbsp;abgerufen werden.<\/p>\n<p><strong>Sind zus\u00e4tzliche Punkte zu beachten?<\/strong><\/p>\n<p>Die Ausnahme darf ausschlie\u00dflich unter der Voraussetzung in Anspruch genommen werden, dass die Verkehrssicherheit durch deren Inanspruchnahme nicht beeintr\u00e4chtigt wird. Insbesondere ist vor Antritt einer Fahrt zu pr\u00fcfen, ob der Fahrer in der Lage ist, die vorgesehene Bef\u00f6rderung durchzuf\u00fchren.<\/p>\n<p><strong>Wo ist der&nbsp;Erlass&nbsp;des BMVI ver\u00f6ffentlicht?<\/strong><\/p>\n<p>Das Schreiben des Bundesministeriums f\u00fcr Verkehr und digitale Infrastruktur kann <a href=\"https:\/\/voigt-alte-seite.dgwip.de\/zeigepdf\/pdf\/2020-03-18_Erlass_BMVI_Ausnahmen_Lenk-_und_Ruhezeiten_Coronavirus\" target=\"_blank\" title=\"Opens internal link in current window\" rel=\"noopener noreferrer\">hier<\/a>&nbsp;abgerufen werden.&nbsp;<\/p>\n","protected":false},"excerpt":{"rendered":"<p>Das Bundesministerium f\u00fcr Verkehr und&nbsp;digitale Infrastruktur hat f\u00fcr Deutschland eine vor\u00fcbergehende Ausnahme von den Sozialvorschriften im Stra\u00dfenverkehr im Falle von Versorgungsengp\u00e4ssen im Zusammenhang mit der Verbreitung des Coronavirus erlassen. Wen betrifft die Ausnahme? Die Ausnahme betrifft&nbsp;Fahrerinnen und Fahrer von Fahrzeugen, die im Werkverkehr oder im gewerblichen G\u00fcterkraftverkehr &#8211; Waren des t\u00e4glichen Bedarfs, insbesondere Lebens- und [&hellip;]<\/p>\n","protected":false},"author":1,"featured_media":0,"comment_status":"closed","ping_status":"closed","sticky":false,"template":"","format":"standard","meta":{"_acf_changed":false,"_seopress_robots_primary_cat":"","_seopress_titles_title":"","_seopress_titles_desc":"","_seopress_robots_index":"","_relevanssi_hide_post":"","_relevanssi_hide_content":"","_relevanssi_pin_for_all":"","_relevanssi_pin_keywords":"","_relevanssi_unpin_keywords":"","_relevanssi_related_keywords":"","_relevanssi_related_include_ids":"","_relevanssi_related_exclude_ids":"","_relevanssi_related_no_append":"","_relevanssi_related_not_related":"","_relevanssi_related_posts":"","_relevanssi_noindex_reason":"","_uag_custom_page_level_css":"","footnotes":""},"categories":[26],"tags":[218],"class_list":["post-8203","post","type-post","status-publish","format-standard","hentry","category-aktuelles","tag-aktuelle-information"],"acf":[],"uagb_featured_image_src":{"full":false,"thumbnail":false,"medium":false,"medium_large":false,"large":false,"1536x1536":false,"2048x2048":false},"uagb_author_info":{"display_name":"fx-admin","author_link":"https:\/\/voigt-alte-seite.dgwip.de\/?author=1"},"uagb_comment_info":0,"uagb_excerpt":"Das Bundesministerium f\u00fcr Verkehr und&nbsp;digitale Infrastruktur hat f\u00fcr Deutschland eine vor\u00fcbergehende Ausnahme von den Sozialvorschriften im Stra\u00dfenverkehr im Falle von Versorgungsengp\u00e4ssen im Zusammenhang mit der Verbreitung des Coronavirus erlassen. Wen betrifft die Ausnahme? Die Ausnahme betrifft&nbsp;Fahrerinnen und Fahrer von Fahrzeugen, die im Werkverkehr oder im gewerblichen G\u00fcterkraftverkehr &#8211; Waren des t\u00e4glichen Bedarfs, insbesondere Lebens- und&hellip;","_links":{"self":[{"href":"https:\/\/voigt-alte-seite.dgwip.de\/index.php?rest_route=\/wp\/v2\/posts\/8203","targetHints":{"allow":["GET"]}}],"collection":[{"href":"https:\/\/voigt-alte-seite.dgwip.de\/index.php?rest_route=\/wp\/v2\/posts"}],"about":[{"href":"https:\/\/voigt-alte-seite.dgwip.de\/index.php?rest_route=\/wp\/v2\/types\/post"}],"author":[{"embeddable":true,"href":"https:\/\/voigt-alte-seite.dgwip.de\/index.php?rest_route=\/wp\/v2\/users\/1"}],"replies":[{"embeddable":true,"href":"https:\/\/voigt-alte-seite.dgwip.de\/index.php?rest_route=%2Fwp%2Fv2%2Fcomments&post=8203"}],"version-history":[{"count":1,"href":"https:\/\/voigt-alte-seite.dgwip.de\/index.php?rest_route=\/wp\/v2\/posts\/8203\/revisions"}],"predecessor-version":[{"id":38162,"href":"https:\/\/voigt-alte-seite.dgwip.de\/index.php?rest_route=\/wp\/v2\/posts\/8203\/revisions\/38162"}],"wp:attachment":[{"href":"https:\/\/voigt-alte-seite.dgwip.de\/index.php?rest_route=%2Fwp%2Fv2%2Fmedia&parent=8203"}],"wp:term":[{"taxonomy":"category","embeddable":true,"href":"https:\/\/voigt-alte-seite.dgwip.de\/index.php?rest_route=%2Fwp%2Fv2%2Fcategories&post=8203"},{"taxonomy":"post_tag","embeddable":true,"href":"https:\/\/voigt-alte-seite.dgwip.de\/index.php?rest_route=%2Fwp%2Fv2%2Ftags&post=8203"}],"curies":[{"name":"wp","href":"https:\/\/api.w.org\/{rel}","templated":true}]}}