{"id":9277,"date":"2021-10-04T06:00:00","date_gmt":"2021-10-04T04:00:00","guid":{"rendered":"https:\/\/www2.etl.de\/aktuelles\/sind-winterreifen-wirklich-pflicht\/"},"modified":"2026-01-05T15:58:07","modified_gmt":"2026-01-05T14:58:07","slug":"sind-winterreifen-wirklich-pflicht","status":"publish","type":"post","link":"https:\/\/voigt-alte-seite.dgwip.de\/?p=9277","title":{"rendered":"Sind Winterreifen wirklich Pflicht?"},"content":{"rendered":"\n<p>Sinkende Temperaturen und die Faustregel, dass von Oktober bis Ostern mit Winterreifen zu fahren ist, lassen jedes Jahr viele Autofahrer die Reifen oder R\u00e4der auf ihren Fahrzeugen wechseln. Da aber eine starre Winterreifenpflicht fehlt und die Bereifung lediglich situativ <q>der Witterung angemessen<\/q> sein muss, lautet die Frage: Was ist der Witterung angemessen?<\/p>\n\n\n\n<h2 class=\"wp-block-heading\"><strong>Was sagt das Gesetz?<\/strong><\/h2>\n\n\n\n<p><a rel=\"noopener\" href=\"https:\/\/www.gesetze-im-internet.de\/stvo_2013\/__2.html\" target=\"_blank\">\u00a7 2 Abs. 3a StVO<\/a> ist f\u00fcr den Laien nur wenig hilfreich. Der Gesetzestext stellt zwar klar, dass Fahrzeuge <em><q>bei Glatteis, Schneegl\u00e4tte, Schneematsch, Eis- oder Reifgl\u00e4tte nur mit Reifen gefahren werden, (<\/q>d\u00fcrfen) die die in Anhang II Nummer 2.2 der <a title=\"externer Link; undefined\" href=\"http:\/\/eur-lex.europa.eu\/legal-content\/DE\/TXT\/?uri=celex:31992L0023&amp;locale=de\">Richtlinie 92\/23\/EWG<\/a> beschriebenen Eigenschaften erf\u00fcllen (M+S-Reifen). <\/em>Was dies im Detail bedeutet, ist der Norm jedoch nicht zu entnehmen.<\/p>\n\n\n\n<p><em><a rel=\"noopener\" href=\"http:\/\/www.gesetze-im-internet.de\/stvzo_2012\/__36.html\" target=\"_blank\">\u00a7 36 Abs. 4 StVZO<\/a> ist da <\/em>hilfreicher<em>. <\/em>Danach sind Reifen f\u00fcr winterliche Wetterverh\u00e4ltnisse geeignet, wenn <em><q>durch deren Lauffl\u00e4chenprofil, Lauffl\u00e4chenmischung oder Bauart vor allem die Fahreigenschaften bei Schnee gegen\u00fcber normalen Reifen hinsichtlich ihrer Eigenschaft beim Anfahren, bei der Stabilisierung der Fahrzeugbewegung und beim Abbremsen des Fahrzeugs verbessert werden<\/q>, <\/em>und wenn <q><em>die Reifen mit dem Alpine-Symbol <img decoding=\"async\" style=\"height: 18px; width: 18px;\" src=\"https:\/\/www.gesetze-im-internet.de\/normengrafiken\/bgbl1_2017\/j1282-1_0010.jpg\" alt=\"https:\/\/www.gesetze-im-internet.de\/normengrafiken\/bgbl1_2017\/j1282-1_0010.jpg\">(Bergpiktogramm mit Schneeflocke) \u0085 gekennzeichnet sind<\/em>.<\/q> M+S Reifen ohne dieses Symbol m\u00fcssen deshalb aber nicht entsorgt werden, sondern d\u00fcrfen noch bis zum 30.09.2024 aufgebraucht werden.<\/p>\n\n\n\n<h2 class=\"wp-block-heading\"><strong>Was ist bei trockener Stra\u00dfe? <\/strong><\/h2>\n\n\n\n<p>Die Benutzung von Sommerreifen kann im Winter ebenso unangemessen sein, wie die Verwendung von Winterreifen im Sommer. Entscheidend ist der Einzelfall. Je nachdem, wie sich dieser darstellt, k\u00f6nnen Sommerreifen aber ebenso geeignet sein, wie Winter oder M+S Reifen. Dies kann z.B. der Fall sein, wenn die Stra\u00dfe trocken ist und die Temperaturen deutlich oberhalb des Gefrierpunkts liegen. Unabh\u00e4ngig davon sollten Reifen aber nur innerhalb des Temperaturbereichs verwendet werden, auf den die Gummimischung abgestimmt ist. Aus diesem Grund sollten Winterreifen auch nicht im Sommer &#8220;aufgefahren&#8221; werden, da die niedrige Temperaturen abgestimmte Gummimischung bei h\u00f6heren Temperaturen das Bremsverhalten verschlechtert.  <\/p>\n\n\n\n<h2 class=\"wp-block-heading\"><strong>Ungeeignete Reifen erh\u00f6hen das Risiko und mindern den Anspruch!<\/strong><\/h2>\n\n\n\n<p>Wer bei vereisten Stra\u00dfen oder geschlossener Schneedecke mit Sommerreifen unterwegs ist, darf sich nicht wundern, dass wenn er liegen bleibt und dadurch Behinderungen im Stra\u00dfenverkehr verursacht, ein Bu\u00dfgeld kassiert. Sollte es zu einem Unfall kommen, wird der gegnerische Versicherer in der Regel grobe Fahrl\u00e4ssigkeit und Mitverschulden einwenden. Auch eine Anspruchsk\u00fcrzung durch den eigenen Kaskoversicherer ist &#8211; abh\u00e4ngig von den jeweiligen Bedingungen &#8211; nicht auszuschlie\u00dfen. Wenn allerdings nachgewiesen werden kann, dass z.B. auch Autos mit Winterreifen an der Ungl\u00fccksstelle von der Stra\u00dfe abgekommen sind, dann war die Sommerbereifung nicht urs\u00e4chlich f\u00fcr den Unfall und der Kaskoversicherer muss leisten. Das leuchtet ein. Schlie\u00dflich kann der Kaskoversicherer die Leistung nur verweigern, wenn den Gesch\u00e4digten grobe Fahrl\u00e4ssigkeit und ein gesteigertes Verschulden treffen.<\/p>\n\n\n\n<h2 class=\"wp-block-heading\"><strong>Wann liegt grobe Fahrl\u00e4ssigkeit vor?<\/strong><\/h2>\n\n\n\n<p>Der Bundesgerichtshof bejaht grobe Fahrl\u00e4ssigkeit, wenn &#8220;<em>die im Verkehr erforderliche Sorgfalt in besonders schwerem Ma\u00dfe verletzt wurde, also dann, wenn schon ganz naheliegende \u00dcberlegungen nicht angestellt wurden und das nicht beachtet wurde, was im gegebenen Fall jedem einleuchten musste (vgl. <\/em>BGH, Urt. v. 11.07.2007, <a href=\"http:\/\/juris.bundesgerichtshof.de\/cgi-bin\/rechtsprechung\/document.py?Gericht=bgh&amp;Art=en&amp;nr=41120&amp;pos=0&amp;anz=1\" target=\"_blank\" rel=\"noopener\">Az. XII ZR 197\/05<\/a>). Umgangssprachlich bedeutet dies, dass der Gesch\u00e4digte sich schon &#8220;ziemlich unvern\u00fcnftig&#8221; verhalten haben muss. Dar\u00fcber hinaus ist aber auch ein erheblich gesteigertes, subjektives Verschulden erforderlich. Davon ist auszugehen, wenn der Gesch\u00e4digte mit dem Eintritt des Schadens rechnen musste. Der \u00c4rger mit dem Versicherer ist in jedem Fall vorprogrammiert.<\/p>\n\n\n\n<h2 class=\"wp-block-heading\"><strong>Es d\u00fcrfen auch gebrauchte Reifen sein!<\/strong><\/h2>\n\n\n\n<p>Grunds\u00e4tzlich ist gegen den Kauf und die die Verwendung gebrauchter Reifen nichts einzuwenden. Allerdings sollten diese nicht <q>blind<\/q> \u00fcber das Internet, sondern besser beim Fachh\u00e4ndler gekauft werden. Schlie\u00dflich kann &#8211; besonders bei auff\u00e4llig g\u00fcnstigen Angeboten im Internet &#8211; nicht ausgeschlossen werden, dass mit den Reifen etwas nicht in Ordnung ist. So k\u00f6nnen z.B. Sch\u00e4den vorhanden sein, die der Laie nicht erkennt. Der seri\u00f6se Fachhandel wird derartige Reifen nicht verkaufen. Schlie\u00dflich kann er &#8211; im Gegensatz zum Privatverk\u00e4ufer &#8211; die Gew\u00e4hrleistung beim Verkauf an Privatpersonen nicht ausschlie\u00dfen. Besondere Vorsicht ist geboten, wenn die Reifen auf Felgen montiert sind und lediglich das \u00e4u\u00dfere Erscheinungsbild, nicht aber der innere Zustand erkennbar ist. Generell sollten Gebrauchtreifen nicht \u00e4lter als drei Jahre sein und eine Profiltiefe von deutlich \u00fcber 4 mm aufweisen.<\/p>\n\n\n\n<p>Die obigen Ausf\u00fchrungen geben einen kurzen Eindruck \u00fcber die Komplexit\u00e4t des Themas <q>Winterreifen<\/q>. Zusammenfassend ist festzustellen, dass die Bereifung den den jeweiligen Wetterverh\u00e4ltnissen angepasst sein muss und Gebrauchtreifen in jedem Fall gepr\u00fcft sein oder aus einer vertrauensw\u00fcrdigen Quelle stammen sollten.<\/p>\n\n\n\n<h2 class=\"wp-block-heading\"><strong>Ohne Anwalt geht es nicht!<\/strong><\/h2>\n\n\n\n<p>Im Schadenfall sollte man sich weder auf Diskussion mit dem Versicherer ein- noch auf\u00b4s Glatteis f\u00fchren lassen. Nur wer seine Rechte kennt, kann diese auch geltend machen und verteidigen! Die Anw\u00e4lte der ETL-Kanzlei Voigt setzen sich daf\u00fcr ein, dass Sie nicht auf Ihrem Schaden sitzen bleiben und die Ihnen zustehende Entsch\u00e4digung auch erhalten! Sprechen Sie mit uns! Voigt regelt!<\/p>\n\n\n\n<h2 class=\"wp-block-heading\"><b>Weiterf\u00fchrendes Video<\/b><\/h2>\n\n\n\n<p><iframe loading=\"lazy\" title=\"YouTube video player\" src=\"https:\/\/www.youtube.com\/embed\/niV9DA0_xQo?list=PLdg5pbrBmQuEPy-6Pcx5nxv67R7r8BVc6\" width=\"450\" height=\"252\" frameborder=\"10\" allowfullscreen=\"allowfullscreen\">&lt;br>\u00a0&lt;br>&lt;strong>\u00dcbrigens:\u00a0&lt;\/strong>Die Pflicht zur Winterbereifung ist in Europa nicht einheitlich geregelt. So sind Winterreifen oder das Mitf\u00fchren von Schneeketten in bergigen Regionen z.B. in Frankreich vom 01.11. &#8211; 31.03 Pflicht. In \u00d6sterreich gilt, dass Fahrzeuge mit einem zul\u00e4ssigen Gesamtgewicht bis\u00a0 zu 3500 kg ei winterlichen Fahrbahnverh\u00e4ltnissen nur betrieben werden d\u00fcrfen, wenn sie auf allen R\u00e4dern mit Winterreifen ausgestattet sind.<\/iframe><\/p>\n","protected":false},"excerpt":{"rendered":"<p>Sinkende Temperaturen und die Faustregel, dass von Oktober bis Ostern mit Winterreifen zu fahren ist, lassen jedes Jahr viele Autofahrer die Reifen oder R\u00e4der auf ihren Fahrzeugen wechseln. Da aber eine starre Winterreifenpflicht fehlt und die Bereifung lediglich situativ der Witterung angemessen sein muss, lautet die Frage: Was ist der Witterung angemessen?<\/p>\n","protected":false},"author":1,"featured_media":41553,"comment_status":"closed","ping_status":"closed","sticky":false,"template":"","format":"standard","meta":{"_acf_changed":false,"_seopress_robots_primary_cat":"none","_seopress_titles_title":"","_seopress_titles_desc":"","_seopress_robots_index":"","_relevanssi_hide_post":"","_relevanssi_hide_content":"","_relevanssi_pin_for_all":"","_relevanssi_pin_keywords":"","_relevanssi_unpin_keywords":"","_relevanssi_related_keywords":"","_relevanssi_related_include_ids":"","_relevanssi_related_exclude_ids":"","_relevanssi_related_no_append":"","_relevanssi_related_not_related":"","_relevanssi_related_posts":"20607,6813,9595,9217,9739,8249","_relevanssi_noindex_reason":"","_uag_custom_page_level_css":"","footnotes":""},"categories":[26],"tags":[78],"class_list":["post-9277","post","type-post","status-publish","format-standard","has-post-thumbnail","hentry","category-aktuelles","tag-verkehrsrecht"],"acf":[],"uagb_featured_image_src":{"full":["https:\/\/voigt-alte-seite.dgwip.de\/wp-content\/uploads\/2021\/10\/IMG_1599-2.jpg",710,301,false],"thumbnail":["https:\/\/voigt-alte-seite.dgwip.de\/wp-content\/uploads\/2021\/10\/IMG_1599-2-150x150.jpg",150,150,true],"medium":["https:\/\/voigt-alte-seite.dgwip.de\/wp-content\/uploads\/2021\/10\/IMG_1599-2-300x127.jpg",300,127,true],"medium_large":["https:\/\/voigt-alte-seite.dgwip.de\/wp-content\/uploads\/2021\/10\/IMG_1599-2.jpg",710,301,false],"large":["https:\/\/voigt-alte-seite.dgwip.de\/wp-content\/uploads\/2021\/10\/IMG_1599-2.jpg",710,301,false],"1536x1536":["https:\/\/voigt-alte-seite.dgwip.de\/wp-content\/uploads\/2021\/10\/IMG_1599-2.jpg",710,301,false],"2048x2048":["https:\/\/voigt-alte-seite.dgwip.de\/wp-content\/uploads\/2021\/10\/IMG_1599-2.jpg",710,301,false]},"uagb_author_info":{"display_name":"fx-admin","author_link":"https:\/\/voigt-alte-seite.dgwip.de\/?author=1"},"uagb_comment_info":0,"uagb_excerpt":"Sinkende Temperaturen und die Faustregel, dass von Oktober bis Ostern mit Winterreifen zu fahren ist, lassen jedes Jahr viele Autofahrer die Reifen oder R\u00e4der auf ihren Fahrzeugen wechseln. Da aber eine starre Winterreifenpflicht fehlt und die Bereifung lediglich situativ der Witterung angemessen sein muss, lautet die Frage: Was ist der Witterung angemessen?","_links":{"self":[{"href":"https:\/\/voigt-alte-seite.dgwip.de\/index.php?rest_route=\/wp\/v2\/posts\/9277","targetHints":{"allow":["GET"]}}],"collection":[{"href":"https:\/\/voigt-alte-seite.dgwip.de\/index.php?rest_route=\/wp\/v2\/posts"}],"about":[{"href":"https:\/\/voigt-alte-seite.dgwip.de\/index.php?rest_route=\/wp\/v2\/types\/post"}],"author":[{"embeddable":true,"href":"https:\/\/voigt-alte-seite.dgwip.de\/index.php?rest_route=\/wp\/v2\/users\/1"}],"replies":[{"embeddable":true,"href":"https:\/\/voigt-alte-seite.dgwip.de\/index.php?rest_route=%2Fwp%2Fv2%2Fcomments&post=9277"}],"version-history":[{"count":8,"href":"https:\/\/voigt-alte-seite.dgwip.de\/index.php?rest_route=\/wp\/v2\/posts\/9277\/revisions"}],"predecessor-version":[{"id":42957,"href":"https:\/\/voigt-alte-seite.dgwip.de\/index.php?rest_route=\/wp\/v2\/posts\/9277\/revisions\/42957"}],"wp:featuredmedia":[{"embeddable":true,"href":"https:\/\/voigt-alte-seite.dgwip.de\/index.php?rest_route=\/wp\/v2\/media\/41553"}],"wp:attachment":[{"href":"https:\/\/voigt-alte-seite.dgwip.de\/index.php?rest_route=%2Fwp%2Fv2%2Fmedia&parent=9277"}],"wp:term":[{"taxonomy":"category","embeddable":true,"href":"https:\/\/voigt-alte-seite.dgwip.de\/index.php?rest_route=%2Fwp%2Fv2%2Fcategories&post=9277"},{"taxonomy":"post_tag","embeddable":true,"href":"https:\/\/voigt-alte-seite.dgwip.de\/index.php?rest_route=%2Fwp%2Fv2%2Ftags&post=9277"}],"curies":[{"name":"wp","href":"https:\/\/api.w.org\/{rel}","templated":true}]}}