{"id":9411,"date":"2018-07-25T06:00:00","date_gmt":"2018-07-25T04:00:00","guid":{"rendered":"https:\/\/www2.etl.de\/aktuelles\/mietwagen-und-die-taegliche-wegstrecke\/"},"modified":"2023-06-13T09:55:14","modified_gmt":"2023-06-13T09:55:14","slug":"mietwagen-und-die-taegliche-wegstrecke","status":"publish","type":"post","link":"https:\/\/voigt-alte-seite.dgwip.de\/?p=9411","title":{"rendered":"Mietwagen und die t\u00e4gliche Wegstrecke"},"content":{"rendered":"\n<p>Vorsicht ist geboten, wenn der Gesch\u00e4digte grunds\u00e4tzlich nicht mehr auf ein Fahrzeug angewiesen ist und es salopp gesagt <q>Nur f\u00fcr den Fall der F\u00e4lle vor der T\u00fcr stehen haben will<\/q>.<\/p>\n\n\n\n<h2 class=\"wp-block-heading\"><strong>T\u00e4gliche Fahrstrecke von 20 km <\/strong><\/h2>\n\n\n\n<p>Das OLG Hamm (Urteil vom 23.01.2018 &#8211; Az.: 7 U 46\/17) hat in einer aktuellen Entscheidung ausgef\u00fchrt, dass es &#8211; neben anderen Gerichten &#8211; davon ausgeht, dass <q><em>ein t\u00e4gliches Fahrbed\u00fcrfnis von weniger als 20 km am Tag einen Anhaltspunkt f\u00fcr einen Versto\u00df gegen die Schadensminderungspflicht darstellt<\/em><\/q>.<\/p>\n\n\n\n<p>Mit anderen Worten: Wer also ohne triftigen Grund einen Mietwagen anmietet und weniger als 20 km mit dem Mietfahrzeug zur\u00fccklegt, kann gegebenenfalls auf den Mietwagenkosten sitzen bleiben und muss trotz eines nicht verursachten Unfalles selbst Geld zahlen.<\/p>\n\n\n\n<h2 class=\"wp-block-heading\"><strong>Bereitschaftsdienst und andere zwingende Gr\u00fcnde<\/strong><\/h2>\n\n\n\n<p>Dies betrifft beispielsweise nat\u00fcrlich nicht Gesch\u00e4digte, die Bereitschaft haben und grunds\u00e4tzlich jederzeit zu einem Einsatz oder ihrem Arbeitsplatz gerufen werden k\u00f6nnen, oder Gesch\u00e4digte, die in l\u00e4ndlich gelegenen Gegenden wohnen und auf die t\u00e4gliche Fahrten (Arztfahrten etc.) angewiesen sind.<\/p>\n\n\n\n<h2 class=\"wp-block-heading\"><strong>Kanzlei Voigt Praxistipp<\/strong><\/h2>\n\n\n\n<p>Wer also absehbar einen unterdurchschnittlichen Fahrbedarf hat, sollte auf einen Mietwagen verzichten und eventuell lieber ein Taxi bestellen, Freunde \/ Bekannte fragen, ob sie Besorgungen miterledigen oder mitfahren k\u00f6nnten, als ein Mietfahrzeug nur vor die T\u00fcr zu stellen.<\/p>\n\n\n\n<p>Ihr Team der ETL Kanzlei Voigt ber\u00e4t Sie gern, ob ein Mietwagen angebracht ist.<\/p>\n","protected":false},"excerpt":{"rendered":"<p>Nach einem Verkehrsunfall m\u00f6chte der Gesch\u00e4digte in den meisten F\u00e4llen nat\u00fcrlich auf ein Fahrzeug nicht verzichten. Gerade wenn das Fahrzeug nach einem Unfall nicht mehr fahren kann, stellt sich f\u00fcr viele die Frage, ob es ratsam w\u00e4re, einen Mietwagen zu nehmen.<\/p>\n","protected":false},"author":1,"featured_media":44537,"comment_status":"closed","ping_status":"closed","sticky":false,"template":"","format":"standard","meta":{"_acf_changed":false,"_seopress_robots_primary_cat":"none","_seopress_titles_title":"","_seopress_titles_desc":"","_seopress_robots_index":"","_relevanssi_hide_post":"","_relevanssi_hide_content":"","_relevanssi_pin_for_all":"","_relevanssi_pin_keywords":"","_relevanssi_unpin_keywords":"","_relevanssi_related_keywords":"","_relevanssi_related_include_ids":"","_relevanssi_related_exclude_ids":"","_relevanssi_related_no_append":"","_relevanssi_related_not_related":"","_relevanssi_related_posts":"10351,9515,10379,43233,8231,9375","_relevanssi_noindex_reason":"","_uag_custom_page_level_css":"","footnotes":""},"categories":[26],"tags":[318],"class_list":["post-9411","post","type-post","status-publish","format-standard","has-post-thumbnail","hentry","category-aktuelles","tag-rechts-tipp"],"acf":[],"uagb_featured_image_src":{"full":["https:\/\/voigt-alte-seite.dgwip.de\/wp-content\/uploads\/2018\/07\/car-8018679_1280.jpg",1280,853,false],"thumbnail":["https:\/\/voigt-alte-seite.dgwip.de\/wp-content\/uploads\/2018\/07\/car-8018679_1280-150x150.jpg",150,150,true],"medium":["https:\/\/voigt-alte-seite.dgwip.de\/wp-content\/uploads\/2018\/07\/car-8018679_1280-300x200.jpg",300,200,true],"medium_large":["https:\/\/voigt-alte-seite.dgwip.de\/wp-content\/uploads\/2018\/07\/car-8018679_1280-768x512.jpg",768,512,true],"large":["https:\/\/voigt-alte-seite.dgwip.de\/wp-content\/uploads\/2018\/07\/car-8018679_1280-1024x682.jpg",1024,682,true],"1536x1536":["https:\/\/voigt-alte-seite.dgwip.de\/wp-content\/uploads\/2018\/07\/car-8018679_1280.jpg",1280,853,false],"2048x2048":["https:\/\/voigt-alte-seite.dgwip.de\/wp-content\/uploads\/2018\/07\/car-8018679_1280.jpg",1280,853,false]},"uagb_author_info":{"display_name":"fx-admin","author_link":"https:\/\/voigt-alte-seite.dgwip.de\/?author=1"},"uagb_comment_info":0,"uagb_excerpt":"Nach einem Verkehrsunfall m\u00f6chte der Gesch\u00e4digte in den meisten F\u00e4llen nat\u00fcrlich auf ein Fahrzeug nicht verzichten. Gerade wenn das Fahrzeug nach einem Unfall nicht mehr fahren kann, stellt sich f\u00fcr viele die Frage, ob es ratsam w\u00e4re, einen Mietwagen zu nehmen.","_links":{"self":[{"href":"https:\/\/voigt-alte-seite.dgwip.de\/index.php?rest_route=\/wp\/v2\/posts\/9411","targetHints":{"allow":["GET"]}}],"collection":[{"href":"https:\/\/voigt-alte-seite.dgwip.de\/index.php?rest_route=\/wp\/v2\/posts"}],"about":[{"href":"https:\/\/voigt-alte-seite.dgwip.de\/index.php?rest_route=\/wp\/v2\/types\/post"}],"author":[{"embeddable":true,"href":"https:\/\/voigt-alte-seite.dgwip.de\/index.php?rest_route=\/wp\/v2\/users\/1"}],"replies":[{"embeddable":true,"href":"https:\/\/voigt-alte-seite.dgwip.de\/index.php?rest_route=%2Fwp%2Fv2%2Fcomments&post=9411"}],"version-history":[{"count":3,"href":"https:\/\/voigt-alte-seite.dgwip.de\/index.php?rest_route=\/wp\/v2\/posts\/9411\/revisions"}],"predecessor-version":[{"id":44538,"href":"https:\/\/voigt-alte-seite.dgwip.de\/index.php?rest_route=\/wp\/v2\/posts\/9411\/revisions\/44538"}],"wp:featuredmedia":[{"embeddable":true,"href":"https:\/\/voigt-alte-seite.dgwip.de\/index.php?rest_route=\/wp\/v2\/media\/44537"}],"wp:attachment":[{"href":"https:\/\/voigt-alte-seite.dgwip.de\/index.php?rest_route=%2Fwp%2Fv2%2Fmedia&parent=9411"}],"wp:term":[{"taxonomy":"category","embeddable":true,"href":"https:\/\/voigt-alte-seite.dgwip.de\/index.php?rest_route=%2Fwp%2Fv2%2Fcategories&post=9411"},{"taxonomy":"post_tag","embeddable":true,"href":"https:\/\/voigt-alte-seite.dgwip.de\/index.php?rest_route=%2Fwp%2Fv2%2Ftags&post=9411"}],"curies":[{"name":"wp","href":"https:\/\/api.w.org\/{rel}","templated":true}]}}